{"id":655824,"date":"2026-01-11T09:29:10","date_gmt":"2026-01-11T09:29:10","guid":{"rendered":"https:\/\/www.europesays.com\/fr\/655824\/"},"modified":"2026-01-11T09:29:10","modified_gmt":"2026-01-11T09:29:10","slug":"parler-a-poutine-est-inutile-sauf-si-la-chronique-de-francois-clemenceau","status":"publish","type":"post","link":"https:\/\/www.europesays.com\/fr\/655824\/","title":{"rendered":"Parler \u00e0 Poutine est inutile, sauf si\u2026 La chronique de Fran\u00e7ois Clemenceau"},"content":{"rendered":"<p>Les mots ont un sens, toujours. Lorsque <a href=\"https:\/\/www.latribune.fr\/article\/economie\/1926641109116415\/macron-rejette-toute-demission-et-promet-d-agir-jusqu-a-la-derniere-seconde\" target=\"_blank\" rel=\"noopener\">Emmanuel Macron<\/a> affirmait le 6 janvier qu\u2019une \u00ab\u202fprise de contact\u202f\u00bb serait organis\u00e9e \u00ab\u202fdans les prochaines semaines\u202f\u00bb avec <a href=\"https:\/\/www.latribune.fr\/article\/la-tribune-dimanche\/dans-le-monde\/11180547350901\/guerre-en-ukraine-l-ombre-de-vladimir-poutine-plane-sur-miami\" target=\"_blank\" rel=\"noopener\">Vladimir Poutine<\/a>, il y a l\u00e0 comme un objectif et un \u00e9ch\u00e9ancier. Cela ne d\u00e9bouchera pas forc\u00e9ment sur une rencontre. Mais le chef de l\u2019\u00c9tat en parle depuis un mois avec ses homologues europ\u00e9ens pour que la r\u00e9flexion s\u2019engage. Y penser, le sugg\u00e9rer, le vouloir, est-ce bien n\u00e9cessaire\u2009?<\/p>\n<p>Le 19\u202fd\u00e9cembre, \u00e0 l\u2019issue du dernier Conseil europ\u00e9en de l\u2019ann\u00e9e, le pr\u00e9sident de la R\u00e9publique avait d\u00e9j\u00e0 pr\u00e9cis\u00e9 ses intentions. \u00ab\u202fNous devrons, dans les semaines \u00e0 venir, trouver les moyens pour que les Europ\u00e9ens reprennent un dialogue complet avec la Russie, en toute transparence avec l\u2019<a href=\"https:\/\/www.latribune.fr\/article\/la-tribune-dimanche\/dans-le-monde\/1048392089714815\/c-est-ma-maison-je-veux-la-retrouver-en-ukraine-linquietude-grimpe-face-a-un-gel-du-front\" target=\"_blank\" rel=\"noopener\">Ukraine<\/a>\u202f\u00bb, disait-il. Sinon, selon lui, c\u2019est comme si l\u2019on parlait \u00e0 des n\u00e9gociateurs am\u00e9ricains qui vont ensuite discuter avec les Russes.<\/p>\n<p>Le ma\u00eetre du Kremlin avait fait savoir dans la foul\u00e9e qu\u2019il n\u2019\u00e9tait pas oppos\u00e9 \u00e0 un \u00e9change avec Emmanuel Macron. Ne voyait-il pas dans ce projet une occasion de diviser les Europ\u00e9ens\u2009? Mieux, de les diviser face aux Am\u00e9ricains, ceux avec lesquels il monologue depuis des mois\u2009?<\/p>\n<p>Poutine sait \u00e0 quel point les relations euroatlantiques deviennent de plus en compliqu\u00e9es\u2009; l\u2019affaire du <a href=\"https:\/\/www.latribune.fr\/article\/economie\/international\/22048323391684\/jusqu-a-100-000-dollars-par-habitant-le-plan-de-trump-pour-racheter-le-groenland\" target=\"_blank\" rel=\"noopener\">Groenland<\/a>, territoire de l\u2019Otan, ne lui a pas \u00e9chapp\u00e9. Il partage en outre avec <a href=\"https:\/\/www.latribune.fr\/article\/banques-finance\/industrie-financiere\/5461910556164914\/il-est-imprevisible-trump-menace-les-entreprises-de-la-defense-et-plombe-la-bourse\" target=\"_blank\" rel=\"noopener\">Donald Trump<\/a> une strat\u00e9gie visant \u00e0 d\u00e9velopper en Europe une internationale r\u00e9actionnaire de partis d\u2019extr\u00eame droite dits \u00ab\u202fpatriotiques\u202f\u00bb \u00e0 m\u00eame d\u2019en prendre les r\u00eanes. Il jubile de voir les Europ\u00e9ens coinc\u00e9s entre le marteau et l\u2019enclume.<\/p>\n<p>\u00ab Un risque d\u2019affaiblissement de notre Europe \u00bb&#13;\n<\/p>\n<p>On peut comprendre l\u2019argument d\u2019Emmanuel Macron selon lequel les Europ\u00e9ens doivent avoir toute leur place dans la n\u00e9gociation entre Russes et Am\u00e9ricains sur l\u2019Ukraine. Il s\u2019agit de notre continent et de sa s\u00e9curit\u00e9 pour les d\u00e9cennies \u00e0 venir. Il pense, \u00e0 juste titre, que nous ne pouvons pas \u00eatre une variable d\u2019ajustement dans le \u00ab\u202fdeal\u202f\u00bb qui se pr\u00e9pare. D\u2019o\u00f9 son grand succ\u00e8s, \u00e0 ce stade, au sein de la formation de la coalition des volontaires, pour y associer pays de l\u2019UE et de l\u2019<a href=\"https:\/\/www.latribune.fr\/article\/defense-aerospatiale\/defense\/1307403610232614\/survols-de-drones-au-danemark-l-otan-renforce-sa-vigilance-dans-la-baltique\" target=\"_blank\" rel=\"noopener\">Otan<\/a> et m\u00eame d\u2019autres partenaires d\u00e9mocratiques plus lointains comme l\u2019Australie ou le <a href=\"https:\/\/www.latribune.fr\/article\/idees\/11794491423128\/opinion-japon-chine-vers-une-nouvelle-ligne-de-fracture-strategique-en-asie-en-2026\" target=\"_blank\" rel=\"noopener\">Japon<\/a>.<\/p>\n<p>Mais n\u2019est-ce pas l\u00e0 pr\u00e9cis\u00e9ment une victoire qu\u2019il ne faudrait pas sacrifier sur l\u2019autel du dialogue avec Poutine\u2009? En quoi ce dialogue avant, pendant et apr\u00e8s l\u2019invasion de l\u2019Ukraine a-t-il chang\u00e9 quoi que ce soit dans l\u2019attitude des dirigeants russes \u00e0 l\u2019\u00e9gard des Ukrainiens, des Europ\u00e9ens et de l\u2019Otan\u2009? \u00c0 quoi sert-il d\u2019offrir \u00e0 Poutine la chance d\u2019\u00eatre moins isol\u00e9\u2009?<\/p>\n<p>Notre ancienne ambassadrice \u00e0 Moscou, Sylvie Bermann, rappelait le mois dernier que \u00ab\u202fla paix se n\u00e9gocie avec nos adversaires, pas avec nos amis\u202f\u00bb et que des dirigeants adultes n\u2019ont pas besoin d\u2019un \u00ab\u202fdaddy\u202f\u00bb, reprenant le terme du secr\u00e9taire g\u00e9n\u00e9ral de l\u2019Otan, <a href=\"https:\/\/www.latribune.fr\/la-tribune-dimanche\/dans-le-monde\/sommet-de-l-alliance-mark-rutte-le-chef-d-orchestre-d-un-bal-des-hypocrites-annonce-1027817.html\" target=\"_blank\" rel=\"noopener\">Mark Rutte<\/a>, employ\u00e9 pour qualifier Donald Trump lors du sommet de l\u2019Alliance en juin dernier.<\/p>\n<p>Oui, on pourrait parler \u00e0 la Russie si le \u00ab\u202fpapa\u202f\u00bb en question jetait l\u2019\u00e9ponge face \u00e0 un Poutine qui le \u00ab\u202fbalade\u202f\u00bb et se d\u00e9faussait ainsi de son \u00e9chec sur les Europ\u00e9ens. Ou si Vladimir Poutine admettait au minimum la notion d\u2019un cessez-le-feu pr\u00e9alable \u00e0 toute n\u00e9gociation et que la souverainet\u00e9 restante de l\u2019Ukraine soit d\u00e9fendue par des partenaires europ\u00e9ens, y compris sur son sol, au cas o\u00f9 il aurait l\u2019audace de l\u2019attaquer \u00e0 nouveau.<\/p>\n<p>En l\u2019absence de ces deux conditions, les Europ\u00e9ens ont le devoir de veiller \u00e0 ce que ni l\u2019Ukraine ni l\u2019Europe ne soient fragilis\u00e9es par un \u00e9ventuel accord de paix, et de maintenir la \u00ab\u202fre-convergence\u202f\u00bb en cours entre Am\u00e9ricains, Europ\u00e9ens et Ukrainiens la plus intacte possible, pour prouver justement \u00e0 Poutine qu\u2019il n\u2019a pas d\u2019autre choix qu\u2019un compromis.<\/p>\n<p>Jeudi 8 janvier, face aux <a href=\"https:\/\/www.latribune.fr\/economie\/france\/macron-face-aux-ambassadeurs-pour-devoiler-ses-priorites-de-politique-etrangere-1015222.html\" target=\"_blank\" rel=\"noopener\">ambassadeurs<\/a> de notre pays rassembl\u00e9s \u00e0 Paris, Emmanuel Macron a d\u00e9crit en toute lucidit\u00e9 le paysage qui nous entoure. \u00ab\u202fCe qui est en train de se passer, [\u2026] c\u2019est un risque d\u2019affaiblissement de notre Europe qui, face \u00e0 cette brutalit\u00e9 et la loi du plus fort, serait le dernier espace o\u00f9 l\u2019on continue de rappeler les r\u00e8gles du jeu que les autres n\u2019appliquent plus.\u202f\u00bb<\/p>\n<p>Il pensait \u00e0 Poutine, bien s\u00fbr, un \u00eatre \u00e0 qui il ne sert \u00e0 rien de rappeler le contenu des chartes qu\u2019il viole. Et \u00e0 Trump, car il croit \u2013\u202ftout comme le chancelier Merz et le Premier ministre Starmer\u202f\u2013 qu\u2019on peut continuer \u00e0 ferrailler avec lui pour le convaincre. La preuve, avec la participation des \u00c9tats-Unis \u00e0 la coalition des volontaires. Il est l\u00e0, le chemin\u2009: se servir de Trump pour obtenir de Poutine qu\u2019il mette fin \u00e0 ses crimes. Ce n\u2019est pas glorieux, c\u2019est m\u00eame assez ingrat. Mais ce pourrait \u00eatre utile et \u2013\u202fesp\u00e9rons-le\u202f\u2013 efficace.\u202f<\/p>\n","protected":false},"excerpt":{"rendered":"Les mots ont un sens, toujours. Lorsque Emmanuel Macron affirmait le 6 janvier qu\u2019une \u00ab\u202fprise de contact\u202f\u00bb serait&hellip;\n","protected":false},"author":2,"featured_media":445233,"comment_status":"","ping_status":"","sticky":false,"template":"","format":"standard","meta":{"footnotes":""},"categories":[1590],"tags":[5734,11,5029,57154,1777,674,11846,69401,4743,3102,12,17483,2405,21187,220],"class_list":{"0":"post-655824","1":"post","2":"type-post","3":"status-publish","4":"format-standard","5":"has-post-thumbnail","7":"category-ukraine","8":"tag-5734","9":"tag-actualites","10":"tag-chronique","11":"tag-clemenceau","12":"tag-eu","13":"tag-europe","14":"tag-francois","15":"tag-inutile","16":"tag-la","17":"tag-la-tribune-dimanche","18":"tag-news","19":"tag-parler","20":"tag-poutine","21":"tag-si","22":"tag-ukraine"},"share_on_mastodon":{"url":"https:\/\/pubeurope.com\/@fr\/115875765509783018","error":""},"_links":{"self":[{"href":"https:\/\/www.europesays.com\/fr\/wp-json\/wp\/v2\/posts\/655824","targetHints":{"allow":["GET"]}}],"collection":[{"href":"https:\/\/www.europesays.com\/fr\/wp-json\/wp\/v2\/posts"}],"about":[{"href":"https:\/\/www.europesays.com\/fr\/wp-json\/wp\/v2\/types\/post"}],"author":[{"embeddable":true,"href":"https:\/\/www.europesays.com\/fr\/wp-json\/wp\/v2\/users\/2"}],"replies":[{"embeddable":true,"href":"https:\/\/www.europesays.com\/fr\/wp-json\/wp\/v2\/comments?post=655824"}],"version-history":[{"count":0,"href":"https:\/\/www.europesays.com\/fr\/wp-json\/wp\/v2\/posts\/655824\/revisions"}],"wp:featuredmedia":[{"embeddable":true,"href":"https:\/\/www.europesays.com\/fr\/wp-json\/wp\/v2\/media\/445233"}],"wp:attachment":[{"href":"https:\/\/www.europesays.com\/fr\/wp-json\/wp\/v2\/media?parent=655824"}],"wp:term":[{"taxonomy":"category","embeddable":true,"href":"https:\/\/www.europesays.com\/fr\/wp-json\/wp\/v2\/categories?post=655824"},{"taxonomy":"post_tag","embeddable":true,"href":"https:\/\/www.europesays.com\/fr\/wp-json\/wp\/v2\/tags?post=655824"}],"curies":[{"name":"wp","href":"https:\/\/api.w.org\/{rel}","templated":true}]}}