{"id":655825,"date":"2026-01-11T09:30:22","date_gmt":"2026-01-11T09:30:22","guid":{"rendered":"https:\/\/www.europesays.com\/fr\/655825\/"},"modified":"2026-01-11T09:30:22","modified_gmt":"2026-01-11T09:30:22","slug":"nous-sommes-des-combattants-malgre-son-incarceration-aux-etats-unis-maduro-affirme-aller-bien","status":"publish","type":"post","link":"https:\/\/www.europesays.com\/fr\/655825\/","title":{"rendered":"\u00ab\u00a0Nous sommes des combattants\u00a0\u00bb\u00a0: malgr\u00e9 son incarc\u00e9ration aux \u00c9tats-Unis, Maduro affirme aller \u00ab\u00a0bien\u00a0\u00bb"},"content":{"rendered":"<p>\u00ab Nous allons bien. Nous sommes des combattants \u00bb, a d\u00e9clar\u00e9 le pr\u00e9sident v\u00e9n\u00e9zu\u00e9lien d\u00e9chu depuis le centre de d\u00e9tention de Brooklyn, \u00e0 New York, selon son fils dans une vid\u00e9o publi\u00e9e samedi par le parti au pouvoir au Venezuela. Accus\u00e9s notamment de trafic de drogue, Nicolas Maduro et la Premi\u00e8re dame Cilia Flores, qui ont plaid\u00e9 non-coupable lors de leur pr\u00e9sentation lundi devant la justice am\u00e9ricaine, sont incarc\u00e9r\u00e9s depuis aux \u00c9tats-Unis avant une prochaine audience le 17 mars.<\/p>\n<p>Avec des pancartes proclamant \u00ab Nous voulons leur retour \u00bb, un petit millier de sympathisants ont d\u00e9fil\u00e9 samedi dans les rues de Caracas, scandant \u00ab Maduro et Cilia sont notre famille ! \u00bb \u00ab Ici, il y a un peuple qui se bat \u00bb, dit dans le cort\u00e8ge Yusleidys Arroyo, 36 ans.<\/p>\n<p>Les ressortissants am\u00e9ricains appel\u00e9s \u00e0 quitter le Venezuela<\/p>\n<p>Les appels \u00e0 manifester en soutien au dirigeant socialiste d\u00e9chu sont quotidiens depuis l\u2019op\u00e9ration militaire am\u00e9ricaine du 3 janvier. La mobilisation \u00e9tait moindre samedi, o\u00f9 aucune figure du Parti au pouvoir, le PSUV, n\u2019\u00e9tait pr\u00e9sente pour haranguer les foules. Peut-\u00eatre aussi par lassitude de ces rassemblements quotidiens.<\/p>\n<p>La manifestation co\u00efncidait \u00e9galement avec l\u2019anniversaire de l\u2019investiture de Maduro pour un troisi\u00e8me mandat, \u00e0 l\u2019issue des \u00e9lections de 2024 d\u00e9nonc\u00e9es par l\u2019opposition comme frauduleuses.<\/p>\n<p>La t\u00e9l\u00e9vision publique a diffus\u00e9 une visite de la pr\u00e9sidente par int\u00e9rim Delcy Rodriguez \u00e0 une foire agricole \u00e0 Petare, un quartier embl\u00e9matique de Caracas o\u00f9 s\u2019est \u00e9galement tenue une petite manifestation en faveur de Maduro. \u00ab Nous n\u2019allons pas nous reposer une seule minute tant que nous n\u2019aurons pas r\u00e9cup\u00e9r\u00e9 le pr\u00e9sident \u00bb, a lanc\u00e9 Rodriguez. \u00ab Nous allons le sauver, bien s\u00fbr que oui \u00bb.<\/p>\n<p>Dans la foul\u00e9e de la chute surprise de Maduro, l\u2019ancienne vice-pr\u00e9sidente Delcy Rodriguez a \u00e9t\u00e9 investie pr\u00e9sidente par int\u00e9rim, et n\u00e9gocie sur plusieurs fronts avec Washington, qui souhaite notamment profiter des immenses r\u00e9serves de p\u00e9trole v\u00e9n\u00e9zu\u00e9liennes. Son gouvernement a \u00ab d\u00e9cid\u00e9 d\u2019entamer un processus exploratoire \u00bb en vue de r\u00e9tablir les relations diplomatiques avec les \u00c9tats-Unis, rompues depuis 2019.<\/p>\n<p>Apr\u00e8s une visite de diplomates am\u00e9ricains \u00e0 Caracas vendredi, \u00ab l\u2019administration Trump reste en contact \u00e9troit avec les autorit\u00e9s int\u00e9rimaires \u00bb, indique samedi un responsable du d\u00e9partement d\u2019\u00c9tat.<\/p>\n<p>Le gouvernement des \u00c9tats-Unis a appel\u00e9, ce samedi, ses ressortissants \u00e0 quitter \u00ab imm\u00e9diatement \u00bb le Venezuela en raison d\u2019une situation s\u00e9curitaire jug\u00e9e instable, une semaine apr\u00e8s la capture de Nicolas Maduro<\/p>\n","protected":false},"excerpt":{"rendered":"\u00ab Nous allons bien. Nous sommes des combattants \u00bb, a d\u00e9clar\u00e9 le pr\u00e9sident v\u00e9n\u00e9zu\u00e9lien d\u00e9chu depuis le centre&hellip;\n","protected":false},"author":2,"featured_media":655826,"comment_status":"","ping_status":"","sticky":false,"template":"","format":"standard","meta":{"footnotes":""},"categories":[1589],"tags":[11,765,73,1866,74,12,338,1864,1865,1863,308,337],"class_list":{"0":"post-655825","1":"post","2":"type-post","3":"status-publish","4":"format-standard","5":"has-post-thumbnail","7":"category-etats-unis","8":"tag-actualites","9":"tag-en-continu","10":"tag-etats-unis","11":"tag-etats-unis-damerique","12":"tag-monde","13":"tag-news","14":"tag-nicolas-maduro","15":"tag-united-states","16":"tag-united-states-of-america","17":"tag-us","18":"tag-usa","19":"tag-venezuela"},"share_on_mastodon":{"url":"https:\/\/pubeurope.com\/@fr\/115875769418512854","error":""},"_links":{"self":[{"href":"https:\/\/www.europesays.com\/fr\/wp-json\/wp\/v2\/posts\/655825","targetHints":{"allow":["GET"]}}],"collection":[{"href":"https:\/\/www.europesays.com\/fr\/wp-json\/wp\/v2\/posts"}],"about":[{"href":"https:\/\/www.europesays.com\/fr\/wp-json\/wp\/v2\/types\/post"}],"author":[{"embeddable":true,"href":"https:\/\/www.europesays.com\/fr\/wp-json\/wp\/v2\/users\/2"}],"replies":[{"embeddable":true,"href":"https:\/\/www.europesays.com\/fr\/wp-json\/wp\/v2\/comments?post=655825"}],"version-history":[{"count":0,"href":"https:\/\/www.europesays.com\/fr\/wp-json\/wp\/v2\/posts\/655825\/revisions"}],"wp:featuredmedia":[{"embeddable":true,"href":"https:\/\/www.europesays.com\/fr\/wp-json\/wp\/v2\/media\/655826"}],"wp:attachment":[{"href":"https:\/\/www.europesays.com\/fr\/wp-json\/wp\/v2\/media?parent=655825"}],"wp:term":[{"taxonomy":"category","embeddable":true,"href":"https:\/\/www.europesays.com\/fr\/wp-json\/wp\/v2\/categories?post=655825"},{"taxonomy":"post_tag","embeddable":true,"href":"https:\/\/www.europesays.com\/fr\/wp-json\/wp\/v2\/tags?post=655825"}],"curies":[{"name":"wp","href":"https:\/\/api.w.org\/{rel}","templated":true}]}}