{"id":655827,"date":"2026-01-11T09:31:32","date_gmt":"2026-01-11T09:31:32","guid":{"rendered":"https:\/\/www.europesays.com\/fr\/655827\/"},"modified":"2026-01-11T09:31:32","modified_gmt":"2026-01-11T09:31:32","slug":"la-defense-sassocie-au-royaume-uni-en-matiere-de-guerre-electromagnetique","status":"publish","type":"post","link":"https:\/\/www.europesays.com\/fr\/655827\/","title":{"rendered":"La D\u00e9fense s&rsquo;associe au Royaume-Uni en mati\u00e8re de guerre \u00e9lectromagn\u00e9tique"},"content":{"rendered":"<p>La Belgique se dote d&rsquo;un centre de soutien en mati\u00e8re de guerre \u00e9lectromagn\u00e9tique.<\/p>\n<p>Sur proposition du ministre de la D\u00e9fense Theo Francken, le Conseil des ministres a marqu\u00e9\u00a0son accord sur la signature d&rsquo;un Memorandum of Understanding (MOU) avec le Royaume-Uni pour la cr\u00e9ation du Joint Electromagnetic Warfare Support Center (JEWSC) belge et sa mise en service, annonce le ministre par voie de communiqu\u00e9.<\/p>\n<p>La guerre \u00e9lectromagn\u00e9tique repose sur l&rsquo;utilisation des communications \u00e9lectromagn\u00e9tiques (ondes radio, infrarouges ou syst\u00e8mes radar) et la perturbation des communications ennemies. \u00ab\u00a0Quiconque ne dispose pas d&rsquo;un avantage dans ce domaine met en p\u00e9ril son personnel et ses missions\u00a0\u00bb.<\/p>\n<p>Le centre soutiendra la D\u00e9fense dans quatre missions cl\u00e9s dans le cyberespace : prot\u00e9ger, d\u00e9fendre, collecter des informations et intervenir. Concr\u00e8tement, il s&rsquo;agit notamment de g\u00e9rer et d&rsquo;analyser les donn\u00e9es \u00e9lectromagn\u00e9tiques, de reprogrammer les donn\u00e9es de mission pour les syst\u00e8mes d&rsquo;armes et de soutenir le renseignement, la surveillance et la reconnaissance.<\/p>\n<p>Pour ce projet, la D\u00e9fense collabore d\u00e9lib\u00e9r\u00e9ment avec le Royaume-Uni, ajoute M. Francken. \u00ab\u00a0Ce pays poss\u00e8de une grande exp\u00e9rience dans ce domaine et dispose d&rsquo;un mod\u00e8le de coop\u00e9ration efficace. Des projets ant\u00e9rieurs montrent que le Royaume-Uni est un partenaire fiable et exp\u00e9riment\u00e9 pour la D\u00e9fense\u00a0\u00bb.<\/p>\n<p>Dans le cadre du partenariat, un bureau de programme commun sera cr\u00e9\u00e9 en Belgique, qui servira de point de contact central pour le d\u00e9veloppement du JEWSC 2.0. Le projet comprend \u00e9galement des investissements dans la formation et les entra\u00eenements, une infrastructure informatique, des logiciels sp\u00e9cialis\u00e9s pour les nouveaux syst\u00e8mes d&rsquo;armes et le d\u00e9veloppement d&rsquo;un environnement de test.<\/p>\n","protected":false},"excerpt":{"rendered":"La Belgique se dote d&rsquo;un centre de soutien en mati\u00e8re de guerre \u00e9lectromagn\u00e9tique. Sur proposition du ministre de&hellip;\n","protected":false},"author":2,"featured_media":655828,"comment_status":"","ping_status":"","sticky":false,"template":"","format":"standard","meta":{"footnotes":""},"categories":[1588],"tags":[11,1777,674,12,473,1853,1851,1850,1852],"class_list":{"0":"post-655827","1":"post","2":"type-post","3":"status-publish","4":"format-standard","5":"has-post-thumbnail","7":"category-royaume-uni","8":"tag-actualites","9":"tag-eu","10":"tag-europe","11":"tag-news","12":"tag-royaume-uni","13":"tag-royaume-uni-de-grande-bretagne-et-dirlande-du-nord","14":"tag-uk","15":"tag-united-kingdom","16":"tag-united-kingdom-of-great-britain-and-northern-ireland"},"share_on_mastodon":{"url":"https:\/\/pubeurope.com\/@fr\/115875773410326275","error":""},"_links":{"self":[{"href":"https:\/\/www.europesays.com\/fr\/wp-json\/wp\/v2\/posts\/655827","targetHints":{"allow":["GET"]}}],"collection":[{"href":"https:\/\/www.europesays.com\/fr\/wp-json\/wp\/v2\/posts"}],"about":[{"href":"https:\/\/www.europesays.com\/fr\/wp-json\/wp\/v2\/types\/post"}],"author":[{"embeddable":true,"href":"https:\/\/www.europesays.com\/fr\/wp-json\/wp\/v2\/users\/2"}],"replies":[{"embeddable":true,"href":"https:\/\/www.europesays.com\/fr\/wp-json\/wp\/v2\/comments?post=655827"}],"version-history":[{"count":0,"href":"https:\/\/www.europesays.com\/fr\/wp-json\/wp\/v2\/posts\/655827\/revisions"}],"wp:featuredmedia":[{"embeddable":true,"href":"https:\/\/www.europesays.com\/fr\/wp-json\/wp\/v2\/media\/655828"}],"wp:attachment":[{"href":"https:\/\/www.europesays.com\/fr\/wp-json\/wp\/v2\/media?parent=655827"}],"wp:term":[{"taxonomy":"category","embeddable":true,"href":"https:\/\/www.europesays.com\/fr\/wp-json\/wp\/v2\/categories?post=655827"},{"taxonomy":"post_tag","embeddable":true,"href":"https:\/\/www.europesays.com\/fr\/wp-json\/wp\/v2\/tags?post=655827"}],"curies":[{"name":"wp","href":"https:\/\/api.w.org\/{rel}","templated":true}]}}