{"id":655829,"date":"2026-01-11T09:32:38","date_gmt":"2026-01-11T09:32:38","guid":{"rendered":"https:\/\/www.europesays.com\/fr\/655829\/"},"modified":"2026-01-11T09:32:38","modified_gmt":"2026-01-11T09:32:38","slug":"allemagne-la-production-industrielle-continue-de-progresser-tiree-notamment-par-larmement-09-01-2026-a-1126","status":"publish","type":"post","link":"https:\/\/www.europesays.com\/fr\/655829\/","title":{"rendered":"Allemagne: la production industrielle continue de progresser, tir\u00e9e notamment par l&rsquo;armement &#8211; 09\/01\/2026 \u00e0 11:26"},"content":{"rendered":"<p>\n La production industrielle allemande a augment\u00e9 en novembre pour le troisi\u00e8me mois cons\u00e9cutif, tir\u00e9e en partie par les \u00e9quipements de d\u00e9fense, dans le contexte du r\u00e9armement face \u00e0 la menace russe, constituant un indice suppl\u00e9mentaire d&rsquo;une l\u00e9g\u00e8re am\u00e9lioration de l&rsquo;\u00e9conomie.\n<\/p>\n<p>        <img decoding=\"async\" src=\"https:\/\/www.europesays.com\/fr\/wp-content\/uploads\/2026\/01\/a18201f12be6d414d72a1dc829577504-760x507.jpg\" alt=\"Des obus dans un site de Rheinmetall, \u00e0 Unterluess (Allemagne) ( AFP \/ RONNY HARTMANN )\" loading=\"eager\" fetchpriority=\"high\" width=\"760\" height=\"507\" style=\"max-width: 100%!important; height: auto;\"\/><\/p>\n<p class=\"c-image-news__legend\">Des obus dans un site de Rheinmetall, \u00e0 Unterluess (Allemagne) ( AFP \/ RONNY HARTMANN )<\/p>\n<p>\n Elle a bondi de 0,8% sur un mois, apr\u00e8s une augmentation en octobre r\u00e9vis\u00e9e \u00e0 la hausse de 2%, selon les donn\u00e9es publi\u00e9es vendredi par l&rsquo;office statistique Destatis.\n<\/p>\n<p>\n Il s&rsquo;agit de la premi\u00e8re progression sur trois mois d&rsquo;affil\u00e9e depuis la p\u00e9riode post-confinement en 2021.\n<\/p>\n<p>\n La production allemande est tir\u00e9e en partie par la fabrication d&rsquo;\u00e9quipements de d\u00e9fense, remarque le minist\u00e8re de l&rsquo;Economie dans un communiqu\u00e9 s\u00e9par\u00e9.\n<\/p>\n<p>\n Face \u00e0 la menace russe et aux inqui\u00e9tudes croissantes concernant le d\u00e9sengagement am\u00e9ricain en Europe, le chancelier Friedrich Merz, qui a pris ses fonctions en mai, a d\u00e9cid\u00e9 d&rsquo;exempter les d\u00e9penses de d\u00e9fense des r\u00e8gles strictes en mati\u00e8re d&rsquo;endettement public afin d&rsquo;acc\u00e9l\u00e9rer le renforcement des capacit\u00e9s militaires allemandes.\n<\/p>\n<p>\n Mais d&rsquo;autres secteurs rebondissent \u00e9galement, offrant un nouvel indice que la premi\u00e8re \u00e9conomie europ\u00e9enne se redresse apr\u00e8s avoir touch\u00e9 le fond.\n<\/p>\n<p>\n La production automobile a augment\u00e9 de 7,8%, les produits pharmaceutiques de 4,7% et le g\u00e9nie m\u00e9canique de plus de 3,2%.\n<\/p>\n<p>\n Le rebond de cet indicateur s&rsquo;ajoute \u00e0 la reprise des commandes industrielles, qui ont fortement augment\u00e9 en novembre (+5,6%), \u00e9galement pour le troisi\u00e8me mois d&rsquo;affil\u00e9e.\n<\/p>\n<p>\n \u00ab\u00a0Sans trop s&rsquo;enthousiasmer, ce sont tous des signes clairs d&rsquo;un tournant cyclique\u00a0\u00bb, commente Carsten Brzeski, \u00e9conomiste \u00e0 la banque ING.\n<\/p>\n<p>\n Ces signes \u00ab\u00a0timides\u00a0\u00bb d&rsquo;un \u00ab\u00a0tournant industriel\u00a0\u00bb, combin\u00e9s \u00e0 la mise en \u0153uvre compl\u00e8te du plan de relance budg\u00e9taire du gouvernement allemand laissent penser que \u00ab\u00a0l&rsquo;\u00e9conomie allemande retrouvera enfin sa croissance cette ann\u00e9e\u00a0\u00bb, ajoute-t-il.\n<\/p>\n<p>\n Toutefois, \u00ab\u00a0une reprise plus large de l&rsquo;activit\u00e9 industrielle reste limit\u00e9e par une demande mod\u00e9r\u00e9e venant de l&rsquo;\u00e9tranger, en particulier des pays tiers, o\u00f9 les incertitudes g\u00e9opolitiques et commerciales actuelles sont probablement importantes\u00a0\u00bb, temp\u00e8re le minist\u00e8re de l&rsquo;Economie, alors que l&rsquo;\u00e9conomie allemande d\u00e9pend de son mod\u00e8le industriel exportateur, fragilis\u00e9 par les droits de douane am\u00e9ricains.\n<\/p>\n<p>\n Cette fragilit\u00e9 du commerce ext\u00e9rieur s&rsquo;est refl\u00e9t\u00e9e dans le recul des exportations en novembre, en baisse de 2,5% en novembre sur un mois, d&rsquo;apr\u00e8s les donn\u00e9es publi\u00e9es vendredi par Destatis.<\/p>\n","protected":false},"excerpt":{"rendered":"La production industrielle allemande a augment\u00e9 en novembre pour le troisi\u00e8me mois cons\u00e9cutif, tir\u00e9e en partie par les&hellip;\n","protected":false},"author":2,"featured_media":655830,"comment_status":"","ping_status":"","sticky":false,"template":"","format":"standard","meta":{"footnotes":""},"categories":[1587],"tags":[400,11,672,398,408,1804,405,1805,1803,1777,674,1801,403,402,399,404,12,1802,401,406,407],"class_list":{"0":"post-655829","1":"post","2":"type-post","3":"status-publish","4":"format-standard","5":"has-post-thumbnail","7":"category-allemagne","8":"tag-action-cac-40","9":"tag-actualites","10":"tag-allemagne","11":"tag-bourse-de-paris","12":"tag-boursorama","13":"tag-bundesrepublik-deutschland","14":"tag-cotations","15":"tag-de","16":"tag-deutschland","17":"tag-eu","18":"tag-europe","19":"tag-germany","20":"tag-indices-devises","21":"tag-investir","22":"tag-investissement","23":"tag-marche-boursier","24":"tag-news","25":"tag-republique-federale-dallemagne","26":"tag-sicav","27":"tag-trackers","28":"tag-warrants"},"share_on_mastodon":{"url":"https:\/\/pubeurope.com\/@fr\/115875777338309496","error":""},"_links":{"self":[{"href":"https:\/\/www.europesays.com\/fr\/wp-json\/wp\/v2\/posts\/655829","targetHints":{"allow":["GET"]}}],"collection":[{"href":"https:\/\/www.europesays.com\/fr\/wp-json\/wp\/v2\/posts"}],"about":[{"href":"https:\/\/www.europesays.com\/fr\/wp-json\/wp\/v2\/types\/post"}],"author":[{"embeddable":true,"href":"https:\/\/www.europesays.com\/fr\/wp-json\/wp\/v2\/users\/2"}],"replies":[{"embeddable":true,"href":"https:\/\/www.europesays.com\/fr\/wp-json\/wp\/v2\/comments?post=655829"}],"version-history":[{"count":0,"href":"https:\/\/www.europesays.com\/fr\/wp-json\/wp\/v2\/posts\/655829\/revisions"}],"wp:featuredmedia":[{"embeddable":true,"href":"https:\/\/www.europesays.com\/fr\/wp-json\/wp\/v2\/media\/655830"}],"wp:attachment":[{"href":"https:\/\/www.europesays.com\/fr\/wp-json\/wp\/v2\/media?parent=655829"}],"wp:term":[{"taxonomy":"category","embeddable":true,"href":"https:\/\/www.europesays.com\/fr\/wp-json\/wp\/v2\/categories?post=655829"},{"taxonomy":"post_tag","embeddable":true,"href":"https:\/\/www.europesays.com\/fr\/wp-json\/wp\/v2\/tags?post=655829"}],"curies":[{"name":"wp","href":"https:\/\/api.w.org\/{rel}","templated":true}]}}