{"id":655831,"date":"2026-01-11T09:33:12","date_gmt":"2026-01-11T09:33:12","guid":{"rendered":"https:\/\/www.europesays.com\/fr\/655831\/"},"modified":"2026-01-11T09:33:12","modified_gmt":"2026-01-11T09:33:12","slug":"iran-manifestations-en-europe-donald-trump-reitere-ses-menaces-dintervention","status":"publish","type":"post","link":"https:\/\/www.europesays.com\/fr\/655831\/","title":{"rendered":"Iran : manifestations en Europe, Donald Trump r\u00e9it\u00e8re ses menaces d&rsquo;intervention"},"content":{"rendered":"<p>Des manifestants se sont rassembl\u00e9s dans plusieurs villes europ\u00e9ennes samedi en solidarit\u00e9 avec les protestations en cours dans la R\u00e9publique islamique d&rsquo;Iran, contre des conditions \u00e9conomiques qui continuent de s&rsquo;aggraver et une crise des prix des denr\u00e9es alimentaires paralysante.<\/p>\n<p>Des personnes se sont notamment rassembl\u00e9es \u00e0 La Haye, aux Pays-Bas. Les participants \u00e0 la manifestation s&rsquo;inqui\u00e8tent de l&rsquo;agitation qui r\u00e8gne dans le pays et de leurs familles et amis qu&rsquo;il est difficile de contacter depuis que les autorit\u00e9s iraniennes ont d\u00e9cid\u00e9 de couper internet dans le pays.<\/p>\n<p>\u00ab\u00a0Je suis ici pour le peuple iranien qui descend dans la rue en Iran. Oui, je veux aussi apporter ma contribution. Pour que les gens voient que nous manifestons aussi ici. Nous sommes peut-\u00eatre loin, mais nos c\u0153urs sont avec l&rsquo;Iran\u00a0\u00bb, a d\u00e9clar\u00e9 une femme participant au rassemblement.<\/p>\n<p>\u00ab\u00a0Je vis ici, mais toute ma famille et mes amis vivent en Iran. Ils n&rsquo;ont absolument aucune libert\u00e9 ; ils ne peuvent rien dire, ils n&rsquo;ont aucune libert\u00e9, aucune libert\u00e9 d&rsquo;expression. Et ils n&rsquo;ont pas d&rsquo;argent, l&rsquo;inflation est incroyablement \u00e9lev\u00e9e\u00a0\u00bb, a d\u00e9clar\u00e9 un autre manifestant.<\/p>\n<p>Les manifestants, dont beaucoup sont des Iraniens vivant \u00e0 l&rsquo;\u00e9tranger ou des personnes d&rsquo;origine iranienne, affirment qu&rsquo;ils ont le devoir de manifester et de montrer leur soutien \u00e0 distance, alors que les Iraniens du pays, de tous \u00e2ges et de toutes origines, continuent de descendre dans la rue pour se battre pour leur libert\u00e9.<\/p>\n<p>\u00ab\u00a0Presque toutes les personnes que je connais manifestent. M\u00eame mon p\u00e8re. Il a 60 ans, mais il a aussi particip\u00e9 aux manifestations. Mais je n&rsquo;ai aucun contact avec eux, alors je ne sais pas s&rsquo;ils sont encore en vie\u00a0\u00bb.<\/p>\n<p>Une autre manifestation a \u00e9galement eu lieu dans la capitale allemande, Berlin, pour soutenir les protestations qui durent depuis deux semaines et qui, selon eux, sont devenues l&rsquo;un des plus grands d\u00e9fis lanc\u00e9s aux autorit\u00e9s iraniennes depuis la r\u00e9volution islamique de 1979.<\/p>\n<p>\u00ab\u00a0Cela fait dix ans que je suis ici, et je vois toujours que la situation ne cesse d&#8217;empirer, et je pense que les gens sont \u00e0 bout de nerfs cette fois-ci\u00a0\u00bb, a d\u00e9clar\u00e9 Azadeh, une manifestante.<\/p>\n<p>\u00ab\u00a0Je ne sais pas, j&rsquo;ai souvent entendu dire que cette fois-ci, c&rsquo;est diff\u00e9rent, ce n&rsquo;est plus comme avant. Les gens sont plus en col\u00e8re et ils se moquent de se faire tirer dessus. Ils veulent juste retrouver leur libert\u00e9, leurs droits et leur pays\u00a0\u00bb, a-t-elle ajout\u00e9.<\/p>\n<p>Les manifestants de Berlin esp\u00e8rent que leur activisme incitera l&rsquo;Europe et les \u00c9tats-Unis \u00e0 aider les Iraniens dans leur lutte pour renverser le r\u00e9gime.<\/p>\n<p>\u00ab\u00a0Nous sommes ici aujourd&rsquo;hui pour montrer notre solidarit\u00e9 avec le peuple iranien, et \u00e0 cause de ces tueries perp\u00e9tr\u00e9es par le gouvernement iranien depuis quelques jours\u00a0\u00bb, a d\u00e9clar\u00e9 Farshad Doustipour.<\/p>\n<p>\u00ab\u00a0J&rsquo;esp\u00e8re que les Europ\u00e9ens et les Am\u00e9ricains finiront par comprendre que ce r\u00e9gime sera de toute fa\u00e7on d\u00e9truit par le peuple, et que pour ce faire, nous avons besoin de l&rsquo;aide des Europ\u00e9ens et des Am\u00e9ricains\u00a0\u00bb, a-t-il poursuivi.<\/p>\n<p>Le pr\u00e9sident am\u00e9ricain Donald Trump a \u00e9t\u00e9 l&rsquo;un des premiers dirigeants mondiaux \u00e0 s&rsquo;exprimer sur les manifestations. Il a exhort\u00e9 le gouvernement iranien de cesser de recourir \u00e0 la force contre les manifestants, sous peine d&rsquo;\u00eatre confront\u00e9 \u00e0 une r\u00e9ponse militaire de Washington.<\/p>\n<p>Samedi, Donald Trump s&rsquo;est rendu sur sa propre plateforme de m\u00e9dias sociaux, Truth Social, o\u00f9 il a adopt\u00e9 une position optimiste sur l&rsquo;\u00e9volution des manifestations, sans ajouter d&rsquo;autres d\u00e9tails, et a propos\u00e9 l&rsquo;aide de son pays.<\/p>\n<p>\u00ab\u00a0L&rsquo;Iran envisage la LIBERT\u00c9, peut-\u00eatre comme jamais auparavant. Les \u00c9tats-Unis sont pr\u00eats \u00e0 l&rsquo;aider !!! Pr\u00e9sident DONALD J. TRUMP\u00a0\u00bb, a \u00e9crit le pr\u00e9sident am\u00e9ricain.<\/p>\n<p>Sources additionnelles<strong> \u2022 EBU, AFP, AP<\/strong><\/p>\n","protected":false},"excerpt":{"rendered":"Des manifestants se sont rassembl\u00e9s dans plusieurs villes europ\u00e9ennes samedi en solidarit\u00e9 avec les protestations en cours dans&hellip;\n","protected":false},"author":2,"featured_media":655832,"comment_status":"","ping_status":"","sticky":false,"template":"","format":"standard","meta":{"footnotes":""},"categories":[1586],"tags":[11,672,1898,1777,674,1011,27,3019,939,75843,12,934,25],"class_list":{"0":"post-655831","1":"post","2":"type-post","3":"status-publish","4":"format-standard","5":"has-post-thumbnail","7":"category-europe","8":"tag-actualites","9":"tag-allemagne","10":"tag-berlin","11":"tag-eu","12":"tag-europe","13":"tag-fr","14":"tag-france","15":"tag-iran","16":"tag-la-haye","17":"tag-manifestations-en-iran","18":"tag-news","19":"tag-pays-bas","20":"tag-republique-francaise"},"share_on_mastodon":{"url":"https:\/\/pubeurope.com\/@fr\/115875781324254468","error":""},"_links":{"self":[{"href":"https:\/\/www.europesays.com\/fr\/wp-json\/wp\/v2\/posts\/655831","targetHints":{"allow":["GET"]}}],"collection":[{"href":"https:\/\/www.europesays.com\/fr\/wp-json\/wp\/v2\/posts"}],"about":[{"href":"https:\/\/www.europesays.com\/fr\/wp-json\/wp\/v2\/types\/post"}],"author":[{"embeddable":true,"href":"https:\/\/www.europesays.com\/fr\/wp-json\/wp\/v2\/users\/2"}],"replies":[{"embeddable":true,"href":"https:\/\/www.europesays.com\/fr\/wp-json\/wp\/v2\/comments?post=655831"}],"version-history":[{"count":0,"href":"https:\/\/www.europesays.com\/fr\/wp-json\/wp\/v2\/posts\/655831\/revisions"}],"wp:featuredmedia":[{"embeddable":true,"href":"https:\/\/www.europesays.com\/fr\/wp-json\/wp\/v2\/media\/655832"}],"wp:attachment":[{"href":"https:\/\/www.europesays.com\/fr\/wp-json\/wp\/v2\/media?parent=655831"}],"wp:term":[{"taxonomy":"category","embeddable":true,"href":"https:\/\/www.europesays.com\/fr\/wp-json\/wp\/v2\/categories?post=655831"},{"taxonomy":"post_tag","embeddable":true,"href":"https:\/\/www.europesays.com\/fr\/wp-json\/wp\/v2\/tags?post=655831"}],"curies":[{"name":"wp","href":"https:\/\/api.w.org\/{rel}","templated":true}]}}