{"id":655833,"date":"2026-01-11T09:34:09","date_gmt":"2026-01-11T09:34:09","guid":{"rendered":"https:\/\/www.europesays.com\/fr\/655833\/"},"modified":"2026-01-11T09:34:09","modified_gmt":"2026-01-11T09:34:09","slug":"accord-ue-mercosur-barrage-filtrant-dagriculteurs-au-port-du-havre-pour-controler-un-maximum-de-produits-alimentaires","status":"publish","type":"post","link":"https:\/\/www.europesays.com\/fr\/655833\/","title":{"rendered":"Accord UE-Mercosur\u00a0: barrage filtrant d\u2019agriculteurs au port du\u00a0Havre pour \u00ab\u00a0contr\u00f4ler un maximum de produits alimentaires\u00a0\u00bb"},"content":{"rendered":"<p>Une centaine d\u2019agriculteurs ont pass\u00e9 la nuit \u00e0 l\u2019entr\u00e9e du port du Havre (Seine-Maritime) pour mettre en place, ce dimanche, un \u00ab barrage filtrant \u00bb et contr\u00f4ler les camions afin de d\u00e9noncer <a href=\"https:\/\/www.letelegramme.fr\/monde\/accord-du-mercosur-feu-vert-dune-majorite-de-pays-de-lue-6959318.php\" target=\"_blank\" rel=\"noopener\">l\u2019accord sign\u00e9 par l\u2019UE avec les pays du Mercosu<\/a>r, a d\u00e9clar\u00e9 \u00e0 l\u2019AFP un porte-parole. \u00ab On a \u00e9tabli un petit camp de base \u00e0 l\u2019entr\u00e9e du port et l\u2019id\u00e9e \u00e7a va \u00eatre de contr\u00f4ler un maximum de produits alimentaires qui entrent et qui sortent \u00bb, a expliqu\u00e9 par t\u00e9l\u00e9phone Justin Lema\u00eetre, secr\u00e9taire g\u00e9n\u00e9ral des Jeunes Agriculteurs de Seine-Maritime (JA76), un syndicat proche de la premi\u00e8re organisation agricole fran\u00e7aise, la FNSEA.<\/p>\n<p>Les militants agricoles entendent bloquer le passage des aliments qui ne respectent pas les normes sanitaires et environnementales impos\u00e9es aux producteurs fran\u00e7ais et europ\u00e9ens.<\/p>\n<p>\u00ab Pour l\u2019instant, on ne nous a pas dit qu\u2019on allait nous d\u00e9loger \u00bb<\/p>\n<p>\u00ab On sait tr\u00e8s bien qu\u2019il n\u2019y aura pas un flux de camions important dans la journ\u00e9e mais on veut \u00eatre en place pour ce soir, o\u00f9 le trafic va s\u2019intensifier. Demain lundi, on nous annonce 5 000 camions par jour \u00bb, a-t-il dit.<\/p>\n<p>Les agriculteurs pr\u00e9sents, qui organisent un roulement avec des coll\u00e8gues de Seine-Maritime et de d\u00e9partements voisins, veulent \u00ab filtrer mais pas bloquer les acc\u00e8s au port du Havre, pour ne pas bloquer totalement l\u2019activit\u00e9 des dockers \u00bb, a soulign\u00e9 Justin Lema\u00eetre.<\/p>\n<p>Selon lui, aucun membre des forces de l\u2019ordre n\u2019\u00e9tait \u00e0 proximit\u00e9 imm\u00e9diate des manifestants. \u00ab On a la visite de la s\u00e9curit\u00e9 portuaire assez r\u00e9guli\u00e8rement et \u00e7a se passe tr\u00e8s bien. Pour l\u2019instant, on ne nous a pas dit qu\u2019on allait nous d\u00e9loger \u00bb, a assur\u00e9 le militant agricole.<\/p>\n<p>La veille, 250 \u00e0 300 agriculteurs, dont une partie s\u2019\u00e9tait rassembl\u00e9e \u00e0 la mi-journ\u00e9e sur le pont de Normandie avec des tracteurs, avaient converg\u00e9 vers le port du Havre pour protester contre l\u2019accord avec le Mercosur, sans que les autorit\u00e9s ne s\u2019y opposent.<\/p>\n<p>\u00ab Mercosur, mort \u00e0 coup s\u00fbr \u00bb, proclamait une banderole.<\/p>\n<p>D\u2019autres actions de blocage ont \u00e9t\u00e9 organis\u00e9es ces derniers jours par des syndicats agricoles, notamment sur des autoroutes dans le Sud-Ouest.<\/p>\n<p>Pour ses d\u00e9tracteurs, dont font partie les agriculteurs fran\u00e7ais, ce trait\u00e9 va bousculer l\u2019agriculture europ\u00e9enne avec des produits import\u00e9s d\u2019Am\u00e9rique Latine moins chers et pas forc\u00e9ment respectueux des normes europ\u00e9ennes, faute de contr\u00f4les suffisants.<\/p>\n<p>En supprimant une large part des droits de douane, l\u2019accord favorise les exportations europ\u00e9ennes de voitures, de machines, de vins, d\u2019huile d\u2019olive et de produits laitiers, et il facilite l\u2019entr\u00e9e en Europe de b\u0153uf, de volaille, de sucre, riz, miel, et soja.<\/p>\n","protected":false},"excerpt":{"rendered":"Une centaine d\u2019agriculteurs ont pass\u00e9 la nuit \u00e0 l\u2019entr\u00e9e du port du Havre (Seine-Maritime) pour mettre en place,&hellip;\n","protected":false},"author":2,"featured_media":655834,"comment_status":"","ping_status":"","sticky":false,"template":"","format":"standard","meta":{"footnotes":""},"categories":[1586],"tags":[11,5825,765,1777,674,1779,1011,27,2088,21426,12,25,801,1778,364],"class_list":{"0":"post-655833","1":"post","2":"type-post","3":"status-publish","4":"format-standard","5":"has-post-thumbnail","7":"category-europe","8":"tag-actualites","9":"tag-agroalimentaire","10":"tag-en-continu","11":"tag-eu","12":"tag-europe","13":"tag-european-union","14":"tag-fr","15":"tag-france","16":"tag-manifestation","17":"tag-mercosur","18":"tag-news","19":"tag-republique-francaise","20":"tag-social","21":"tag-ue","22":"tag-union-europeenne"},"share_on_mastodon":{"url":"https:\/\/pubeurope.com\/@fr\/115875785247450672","error":""},"_links":{"self":[{"href":"https:\/\/www.europesays.com\/fr\/wp-json\/wp\/v2\/posts\/655833","targetHints":{"allow":["GET"]}}],"collection":[{"href":"https:\/\/www.europesays.com\/fr\/wp-json\/wp\/v2\/posts"}],"about":[{"href":"https:\/\/www.europesays.com\/fr\/wp-json\/wp\/v2\/types\/post"}],"author":[{"embeddable":true,"href":"https:\/\/www.europesays.com\/fr\/wp-json\/wp\/v2\/users\/2"}],"replies":[{"embeddable":true,"href":"https:\/\/www.europesays.com\/fr\/wp-json\/wp\/v2\/comments?post=655833"}],"version-history":[{"count":0,"href":"https:\/\/www.europesays.com\/fr\/wp-json\/wp\/v2\/posts\/655833\/revisions"}],"wp:featuredmedia":[{"embeddable":true,"href":"https:\/\/www.europesays.com\/fr\/wp-json\/wp\/v2\/media\/655834"}],"wp:attachment":[{"href":"https:\/\/www.europesays.com\/fr\/wp-json\/wp\/v2\/media?parent=655833"}],"wp:term":[{"taxonomy":"category","embeddable":true,"href":"https:\/\/www.europesays.com\/fr\/wp-json\/wp\/v2\/categories?post=655833"},{"taxonomy":"post_tag","embeddable":true,"href":"https:\/\/www.europesays.com\/fr\/wp-json\/wp\/v2\/tags?post=655833"}],"curies":[{"name":"wp","href":"https:\/\/api.w.org\/{rel}","templated":true}]}}