{"id":655846,"date":"2026-01-11T09:45:13","date_gmt":"2026-01-11T09:45:13","guid":{"rendered":"https:\/\/www.europesays.com\/fr\/655846\/"},"modified":"2026-01-11T09:45:13","modified_gmt":"2026-01-11T09:45:13","slug":"cc-championnat-de-france-u19-hommes-soren-bruyere-joumard-1er-actualite","status":"publish","type":"post","link":"https:\/\/www.europesays.com\/fr\/655846\/","title":{"rendered":"CC &#8211; Championnat de France &#8211; U19 Hommes : Soren Bruy\u00e8re Joumard 1er &#8211; Actualit\u00e9"},"content":{"rendered":"<p>                                                                    <img decoding=\"async\" src=\"https:\/\/www.europesays.com\/fr\/wp-content\/uploads\/2026\/01\/69636e28b67f5.jpg\" height=\"auto\" loading=\"lazy\"\/><br \/>\n                                                                    Cr\u00e9dit photo Alexis Dancerelle \/ DirectVelo<\/p>\n<p class=\"images-caption\">Cr\u00e9dit photo Alexis Dancerelle \/ DirectVelo<\/p>\n<p class=\"metadata\">\n            Par<br \/>\n        <strong class=\"text-black\">NICOLAS BERRIEGTS<\/strong><br \/>\n                    <br \/>Le<br \/>\n    11 janvier 2026, 10:26<\/p>\n<p style=\"text-align: justify;\">Soren Bruy\u00e8re Joumard (Auvergne-Rh\u00f4ne-Alpes) est devenu, ce dimanche, \u00e0 Troyes (Aube), Champion de France U19 Hommes de cyclo-cross. Il a devanc\u00e9 Soen Le Pann (Bretagne) et Victor Devos (Hauts-de-France).<\/p>\n<p style=\"text-align: justify;\">Soren Bruy\u00e8re Joumard succ\u00e8de \u00e0 Florian Fery (Grand Est) au palmar\u00e8s.<\/p>\n<p><strong>Classement non-officiel :<br \/><\/strong>1. BRUYERE JOUMARD Soren 41:49<br \/>2. LE PANN Soen +0:37<br \/>3. DEVOS Victor +0:41<br \/>4. CHAINEL Caliste +0:43<br \/>5. FAHY Augustin +01:22<br \/>6. GOUX Paul +01:23<br \/>7. INGELAERE Antoine +01:54<br \/>8. GAILLARD Ewen +02:04<br \/>9. CLEMENTE Antoine +02:09<br \/>10. LOUISON Tim\u00e9o +02:17<br \/>11. BULTEAU Lucas +02:36<br \/>12. MARTINEAU Axel +02:51<br \/>13. BILLET Simon +02:56<br \/>14. MORINIERE Lilian +03:07<br \/>15. SUIRE Malo +03:22<br \/>16. LE BOURHIS Pierre +03:35<br \/>17. VANAELST Batiste +03:35<br \/>18. VERRIER Leo +03:50<br \/>19. DETRE Maxence +03:54<br \/>20. RAEKELBOOM No\u00e9 +03:59<br \/>21. BOUYSSOU Cl\u00e9ment +04:05<br \/>22. DAVID Quentin +04:06<br \/>23. CHEMILL\u00c9 Nathan +04:06<br \/>24. FERRON Timote +04:29<br \/>25. DESTOUCHES Tom +04:34<br \/>26. DURAND Louis +04:37<br \/>27. BELLIER Adam +04:43<br \/>28. COLOTTE NYS Antoine +04:47<br \/>29. DANIEL Emeric +04:49<br \/>30. MARCHAND Jules +04:51<br \/>31. GOBILLOT Axel +04:56<br \/>32. THOUREAU Lucas +05:13<br \/>33. BRUTIN Alban +05:24<br \/>34. REGOST Louis +05:37<br \/>35. DUGAY Charlie +05:44<br \/>36. COUTIN Victor +05:44<br \/>37. BOVO BIANTO Kylian +05:55<br \/>38. PASCO Victor +05:57<br \/>39. GILLET Ugo +06:12<br \/>40. JOUBARD Maxime +06:15<br \/>41. TARDIEU Cl\u00e9ment +06:21<br \/>42. COUGOULAT LE STUNFF No\u00e9 +06:26<br \/>43. MARY Timoth\u00e9 +06:32<br \/>44. GROLLET Na\u00ebl +06:40<br \/>45. LANDRIN ZEBERT Jules +06:44<br \/>46. CHESNEL Thomas +07:09<br \/>47. GENTER Gabriel +07:09<br \/>48. ORTEGA MARTIN Thibault +07:24<br \/>49. LECUYER Natha\u00ebl +07:26<br \/>50. COURCIER Ma\u00ebl +07:35<br \/>51. BABIN Gabriel +07:44<br \/>52. SPARFEL Batiste +07:49<br \/>53. MONCASSIN Mateo +07:53<br \/>54. GRONDIN Baptiste +09:05<br \/>55. DELBOVE Gabriel +09:09<br \/>56. DEGEORGES Joseph +09:52<br \/>57. DEBENNE Matis +10:06<br \/>58. CHABOT Maxence +10:23<br \/>59. ROUANET Liam +11:11<br \/>60. VADAM Julien +11:23<br \/>61. LAMOINE Cl\u00e9ment +12:26<br \/>62. COURNEDE Sacha +14:16<\/p>\n<p><strong>Abandon : \u00a0<\/strong><br \/>NOEL Mattis \u00a0<br \/><strong><br \/><\/strong>Plus d&rsquo;informations \u00e0 venir.<\/p>\n<p>            En savoir plus : coureurs et \u00e9quipes associ\u00e9s<\/p>\n<p>                Coureurs<\/p>\n<p>                    <img decoding=\"async\" src=\"https:\/\/www.europesays.com\/fr\/wp-content\/uploads\/2025\/11\/6704ed5cae934.jpg\" height=\"auto\" loading=\"lazy\"\/><\/p>\n<p>                            Portrait de Soren BRUY\u00c8RE JOUMARD<\/p>\n<p>                \u00c9quipes<\/p>\n","protected":false},"excerpt":{"rendered":"Cr\u00e9dit photo Alexis Dancerelle \/ DirectVelo Cr\u00e9dit photo Alexis Dancerelle \/ DirectVelo Par NICOLAS BERRIEGTS Le 11 janvier&hellip;\n","protected":false},"author":2,"featured_media":655847,"comment_status":"","ping_status":"","sticky":false,"template":"","format":"standard","meta":{"footnotes":""},"categories":[1411],"tags":[834,828,836,829,837,827,83,826,824,823,1154,207,814,817,815,816,822,821,832,211,839,1011,27,820,818,819,835,831,830,833,838,60,212,208,825],"class_list":{"0":"post-655846","1":"post","2":"type-post","3":"status-publish","4":"format-standard","5":"has-post-thumbnail","7":"category-cyclisme","8":"tag-attaque","9":"tag-belgique","10":"tag-braquet","11":"tag-bretagne","12":"tag-chute","13":"tag-competition","14":"tag-coupe-de-france","15":"tag-coureur","16":"tag-course-cyclisme","17":"tag-course-cycliste","18":"tag-cycling","19":"tag-cyclisme","20":"tag-direct","21":"tag-direct-velo","22":"tag-directvelo","23":"tag-directvelo-com","24":"tag-epreuve","25":"tag-epreuve-cycliste","26":"tag-federation-francaise-de-cyclisme","27":"tag-ffc","28":"tag-flandres","29":"tag-fr","30":"tag-france","31":"tag-live","32":"tag-live-course","33":"tag-live-epreuve","34":"tag-peloton","35":"tag-radio-peloton","36":"tag-radio-tour","37":"tag-ravitaillement","38":"tag-relance","39":"tag-sports","40":"tag-uci","41":"tag-velo","42":"tag-velos"},"share_on_mastodon":{"url":"https:\/\/pubeurope.com\/@fr\/115875828636806780","error":""},"_links":{"self":[{"href":"https:\/\/www.europesays.com\/fr\/wp-json\/wp\/v2\/posts\/655846","targetHints":{"allow":["GET"]}}],"collection":[{"href":"https:\/\/www.europesays.com\/fr\/wp-json\/wp\/v2\/posts"}],"about":[{"href":"https:\/\/www.europesays.com\/fr\/wp-json\/wp\/v2\/types\/post"}],"author":[{"embeddable":true,"href":"https:\/\/www.europesays.com\/fr\/wp-json\/wp\/v2\/users\/2"}],"replies":[{"embeddable":true,"href":"https:\/\/www.europesays.com\/fr\/wp-json\/wp\/v2\/comments?post=655846"}],"version-history":[{"count":0,"href":"https:\/\/www.europesays.com\/fr\/wp-json\/wp\/v2\/posts\/655846\/revisions"}],"wp:featuredmedia":[{"embeddable":true,"href":"https:\/\/www.europesays.com\/fr\/wp-json\/wp\/v2\/media\/655847"}],"wp:attachment":[{"href":"https:\/\/www.europesays.com\/fr\/wp-json\/wp\/v2\/media?parent=655846"}],"wp:term":[{"taxonomy":"category","embeddable":true,"href":"https:\/\/www.europesays.com\/fr\/wp-json\/wp\/v2\/categories?post=655846"},{"taxonomy":"post_tag","embeddable":true,"href":"https:\/\/www.europesays.com\/fr\/wp-json\/wp\/v2\/tags?post=655846"}],"curies":[{"name":"wp","href":"https:\/\/api.w.org\/{rel}","templated":true}]}}