{"id":655852,"date":"2026-01-11T09:48:09","date_gmt":"2026-01-11T09:48:09","guid":{"rendered":"https:\/\/www.europesays.com\/fr\/655852\/"},"modified":"2026-01-11T09:48:09","modified_gmt":"2026-01-11T09:48:09","slug":"thibaut-immortalise-ces-commerces-que-la-france-oublie","status":"publish","type":"post","link":"https:\/\/www.europesays.com\/fr\/655852\/","title":{"rendered":"Thibaut immortalise ces commerces que la France oublie"},"content":{"rendered":"<p>                    Par<br \/>\n        <strong><br \/>\n            <a href=\"https:\/\/actu.fr\/auteur\/raphael-lardeur\" title=\"Consulter tous les articles de Rapha\u00ebl Lardeur\" target=\"_blank\" rel=\"noopener\">Rapha\u00ebl Lardeur<\/a><br \/>\n                    <\/strong><\/p>\n<p>        Publi\u00e9 le<\/p>\n<p>            11 janv. 2026 \u00e0 9h45        <\/p>\n<p>Une obsession, un sacerdoce, une manie\u2026 Comment qualifier le travail de Thibaut Derien ? Depuis 20 ans, le photographe immortalise les enseignes d\u00e9caties des villages d\u00e9sert\u00e9s.<\/p>\n<p>    <a href=\"https:\/\/playerbeta.octopus.saooti.com\/miniplayer\/default\/2250553?distributorId=6cc88bd2-a01b-4bf0-9bc4-949dec682133&amp;color=30A1EF&amp;theme=ffffff&amp;wave=false\" title=\"Ouvrie le lien\" target=\"_blank\" rel=\"noopener\">Cliquez ici pour visualiser le contenu<\/a><\/p>\n<p class=\" wall-content\">Dans ce nouvel \u00e9pisode du podcast \u00ab\u00a0Les gens du coin\u00a0\u00bb, rencontre avec celui qui se d\u00e9crit comme un simple t\u00e9moin du temps qui passe. De l\u2019\u00e9poque o\u00f9 les bourgs des campagnes fourmillaient de vie, bien avant l\u2019arriv\u00e9e des centres commerciaux.<\/p>\n<p>\u00ab\u00a0Les gens se r\u00e9unissaient\u00a0\u00bb<\/p>\n<p class=\" wall-content\">Ne qualifiez surtout pas de nostalgique celui qui passe seulement par les routes d\u00e9partementales. \u00ab\u00a0Le monde change et je l\u2019accepte.\u00a0\u00bb Mais comment ne pas \u00eatre insensible \u00e0 son \u0153uvre face aux enseignes PVC qui jonchent la \u00ab\u00a0France moche\u00a0\u00bb, comme la qualifiait T\u00e9l\u00e9rama dans une<a href=\"https:\/\/www.telerama.fr\/monde\/comment-la-france-est-devenue-moche,52457.php\" target=\"_blank\" rel=\"noopener\"> enqu\u00eate dat\u00e9e de 2010<\/a>.<\/p>\n<p class=\" wall-content\">\u00ab\u00a0Avant l\u2019achat en ligne et les zones commerciales, les gens se r\u00e9unissaient dans le bourg.\u00a0\u00bb Ils se parlaient. Ils se racontaient les nouvelles. Ils buvaient le caf\u00e9. Le caf\u00e9 justement, les Fran\u00e7ais le boivent de moins en moins ensemble. En 1939, on comptait 508 000 caf\u00e9s dans nos r\u00e9gions contre 34 000 aujourd\u2019hui. Que s\u2019est-il pass\u00e9 ?<\/p>\n<p class=\" wall-content\">Pour comprendre pourquoi le photographe s\u2019est lanc\u00e9 dans cette s\u00e9rie, <a href=\"https:\/\/actu.fr\/\" target=\"_blank\" rel=\"noopener\">actu.fr<\/a> vous invite \u00e0 \u00e9couter l\u2019\u00e9pisode.<\/p>\n<p>Votre r\u00e9gion, votre actu !<\/p>\n<p>Recevez chaque jour les infos qui comptent pour vous.<\/p>\n<p>\t<a href=\"https:\/\/actu.fr\/newsletter\" class=\"ac-btn ac-btn--corner ac-btn--medium ac-btn--blue800\" target=\"_blank\" rel=\"noopener\">S&rsquo;incrire<\/a><br \/>\nDisponible gratuitement sur toutes les plateformes<\/p>\n<p class=\" wall-content\">Vous pouvez \u00e9galement retrouver cet \u00e9pisode sur vos plateformes de streaming audio pr\u00e9f\u00e9r\u00e9es, ci-dessous\u2009:<\/p>\n<p class=\" wall-content\">Bonne \u00e9coute\u2009!<\/p>\n<p>Retrouvez \u00e9galement ici tous les \u00e9pisodes du podcast <a href=\"https:\/\/playerbeta.octopus.saooti.com\/miniplayer\/emission\/11208\/3?distributorId=6cc88bd2-a01b-4bf0-9bc4-949dec682133&amp;color=30A1EF&amp;theme=ffffff&amp;wave=false\" target=\"_blank\" rel=\"noopener\">Les gens du coin<\/a>.<\/p>\n<p class=\" wall-content\">Personnalisez votre actualit\u00e9 en ajoutant vos villes et m\u00e9dias en favori avec <a href=\"https:\/\/moncompte.actu.fr\" title=\"D\u00e9couvez Mon Actu\" rel=\"nofollow noopener\" data-trk=\"{&quot;cta&quot;:{&quot;action&quot;:&quot;https:\\\/\\\/moncompte.actu.fr&quot;,&quot;category&quot;:&quot;mon compte&quot;,&quot;from&quot;:&quot;article footer&quot;,&quot;name&quot;:&quot;Mon actu&quot;,&quot;type&quot;:&quot;cta&quot;}}\" target=\"_blank\">Mon Actu<\/a>.<\/p>\n","protected":false},"excerpt":{"rendered":"Par Rapha\u00ebl Lardeur Publi\u00e9 le 11 janv. 2026 \u00e0 9h45 Une obsession, un sacerdoce, une manie\u2026 Comment qualifier&hellip;\n","protected":false},"author":2,"featured_media":655853,"comment_status":"","ping_status":"","sticky":false,"template":"","format":"standard","meta":{"footnotes":""},"categories":[1358],"tags":[1348,1384,1385,1386,58,59,1011,27,1756,3725,104,240],"class_list":{"0":"post-655852","1":"post","2":"type-post","3":"status-publish","4":"format-standard","5":"has-post-thumbnail","7":"category-arts-et-design","8":"tag-arts","9":"tag-arts-and-design","10":"tag-arts-et-design","11":"tag-design","12":"tag-divertissement","13":"tag-entertainment","14":"tag-fr","15":"tag-france","16":"tag-photographie","17":"tag-podcast","18":"tag-societe","19":"tag-temoignage"},"share_on_mastodon":{"url":"https:\/\/pubeurope.com\/@fr\/115875840216802612","error":""},"_links":{"self":[{"href":"https:\/\/www.europesays.com\/fr\/wp-json\/wp\/v2\/posts\/655852","targetHints":{"allow":["GET"]}}],"collection":[{"href":"https:\/\/www.europesays.com\/fr\/wp-json\/wp\/v2\/posts"}],"about":[{"href":"https:\/\/www.europesays.com\/fr\/wp-json\/wp\/v2\/types\/post"}],"author":[{"embeddable":true,"href":"https:\/\/www.europesays.com\/fr\/wp-json\/wp\/v2\/users\/2"}],"replies":[{"embeddable":true,"href":"https:\/\/www.europesays.com\/fr\/wp-json\/wp\/v2\/comments?post=655852"}],"version-history":[{"count":0,"href":"https:\/\/www.europesays.com\/fr\/wp-json\/wp\/v2\/posts\/655852\/revisions"}],"wp:featuredmedia":[{"embeddable":true,"href":"https:\/\/www.europesays.com\/fr\/wp-json\/wp\/v2\/media\/655853"}],"wp:attachment":[{"href":"https:\/\/www.europesays.com\/fr\/wp-json\/wp\/v2\/media?parent=655852"}],"wp:term":[{"taxonomy":"category","embeddable":true,"href":"https:\/\/www.europesays.com\/fr\/wp-json\/wp\/v2\/categories?post=655852"},{"taxonomy":"post_tag","embeddable":true,"href":"https:\/\/www.europesays.com\/fr\/wp-json\/wp\/v2\/tags?post=655852"}],"curies":[{"name":"wp","href":"https:\/\/api.w.org\/{rel}","templated":true}]}}