{"id":655854,"date":"2026-01-11T09:50:19","date_gmt":"2026-01-11T09:50:19","guid":{"rendered":"https:\/\/www.europesays.com\/fr\/655854\/"},"modified":"2026-01-11T09:50:19","modified_gmt":"2026-01-11T09:50:19","slug":"le-22h-nivat-du-samedi-10-janvier-2026-tf1-info","status":"publish","type":"post","link":"https:\/\/www.europesays.com\/fr\/655854\/","title":{"rendered":"Le 22h Nivat du samedi 10 janvier 2026 &#8211; TF1 Info"},"content":{"rendered":"<ol>\n<li><a href=\"https:\/\/news.google.com\/rss\/articles\/CBMipwFBVV95cUxNVzBfNktla1ljelR4NHpIQVZ2bjRXOVN3cnkxdnVlcUl4Wmp6WG1uLXQ1bDFoRXdXSl9jd283LWVIbUpCSTRLZ1JoclEzaUk4eVY0WFU1WUhkNUxrZlZCdzM0SXJ4UHhRRjNlZmNKT0RpRklUNHZuS1o1Z2NSeTlrbUpQNVBWeVhRclAyLVNvRnZQZFpRczJsbEswNk5BaVEtUmptMnBtbw?oc=5\" target=\"_blank\" rel=\"noopener\">Le 22h Nivat du samedi 10 janvier 2026<\/a>&nbsp;&nbsp;TF1 Info<\/li>\n<li><a href=\"https:\/\/news.google.com\/rss\/articles\/CBMioAJBVV95cUxQUWJYU1d6WEJGaWt6LUZoNDI1M3BYQ2xraW5xRjV0ajBKRzRqZEpJV2tMNktMSEZxaC1QSGl2b2xtQmxNODg3UDNCenppaDFmWFlUX1czVXAwOHNwZzNLSmpTVTloNGkwMFlnQjN1Tjl5X0Y0TWhJLXNkdDc1ZzFlOE5xb3QtOGhaSjlHZ3NBaUhud2lPOE1SQ1p2Z1N4RGJrazJHQ3hycnRCcGJDYlQwSndzV3lFT1ZiYkpseHJoVUJTTDF4dy1Vb2I4MUJQVXN0UEhxLWlISlNYZnk0eVFYVVJudmhGdzVDZzJPSlNyY0pKN24ydGx0azkzaEJxdk4wT2lnX3diRWhwMlI5Xy1ia3FESDVpckJuVHJObEhuRWY?oc=5\" target=\"_blank\" rel=\"noopener\">\u00ab\u00a0Le prix \u00e0 payer pour la victoire du peuple\u00a0\u00bb: nouvelle manifestation \u00e0 T\u00e9h\u00e9ran, la police annonce l&rsquo;arrestation de figures majeures du mouvement<\/a>&nbsp;&nbsp;BFM<\/li>\n<li><a href=\"https:\/\/news.google.com\/rss\/articles\/CBMizwFBVV95cUxPZUpaOHZmZzV3YThVRG41UVN5b1BsTHk4aU10N1lGOE50cVlYT2FxTXRwN3RxYWlzVW1oZHlpbFdIWWhCVHFza3kxZXN1X0tpODhBVnkzeTdXQ0RWRVlKcGhkd3dvR3FNR0h5aFNrQkF4R2NWNHJRaGNXZG1RcnBqc0oyY3Y5a3oxSi0tYXowdVJ3WDJyV3gzME53N2tENHAyTlRwTWY0ZFFKT0FnTTFnVndxa19tSDNVZlcxeVRxb1NycV9rUmlqaWJtZWxhMGc?oc=5\" target=\"_blank\" rel=\"noopener\">Nouvelles manifestations en Iran, une ONG met en garde contre un \u00ab\u00a0massacre\u00a0\u00bb<\/a>&nbsp;&nbsp;Portail Orange<\/li>\n<li><a href=\"https:\/\/news.google.com\/rss\/articles\/CBMiuwFBVV95cUxOZVhTN1RuTFhYYWxDM1JOV1ZCTDVvcnVYN1VrN2tvZDdkTkpIalNqRlZ6bTJUQTZBSWZWdHlKOUh6SEVYa2Rsb1JKSjRoRzlRaUwxU1FOcWtoem5IdW5XS1lBdEpwY01MaThHRTJyZUFoeldRdGJOZTB2SFdsb0w3NFhkSE0wZFBjUUtHSlA2aEFLNTNEOVhLb0xWZHBNNFEydWVsb3o3VC1ic2xlWExSbDMyYk1wNEdTdFI0?oc=5\" target=\"_blank\" rel=\"noopener\">Face aux craintes d\u2019une r\u00e9pression f\u00e9roce, Trump brief\u00e9 pour frapper l\u2019Iran<\/a>&nbsp;&nbsp;20 Minutes<\/li>\n<li><a href=\"https:\/\/news.google.com\/rss\/articles\/CBMiwgFBVV95cUxOcjkwMU84dkNaVC1fOWZ3LVBCcDZYczY0NWFKU24xVlpJYklIZ2IyMWdBNXBaTXBYRnRoaEVSZjQyUVNqWmc0aEU2MzBtOXNjaFFoQS1Oa0NjNVBlRVpkX1JvM0g3RnBmSUNvR205aXNVY0hMUHBUcVRFUk9uX29hX0diVTMxVEp2RW9EV0FTMHBUVGZxSE50NWQ3MFBKel81dUVnVER3YWotZUczLWd5OWhMekFJNDlXNUFHMkoxbGJKZw?oc=5\" target=\"_blank\" rel=\"noopener\">Reza Pahlavi, l\u2019homme qui attise la r\u00e9volte en Iran<\/a>&nbsp;&nbsp;Le Monde.fr<\/li>\n<\/ol>\n","protected":false},"excerpt":{"rendered":"Le 22h Nivat du samedi 10 janvier 2026&nbsp;&nbsp;TF1 Info \u00ab\u00a0Le prix \u00e0 payer pour la victoire du peuple\u00a0\u00bb:&hellip;\n","protected":false},"author":2,"featured_media":655855,"comment_status":"","ping_status":"","sticky":false,"template":"","format":"standard","meta":{"footnotes":""},"categories":[1356],"tags":[24041,5925,58,59,1011,27,75844,2543,252,1364,133,70474],"class_list":{"0":"post-655854","1":"post","2":"type-post","3":"status-publish","4":"format-standard","5":"has-post-thumbnail","7":"category-television","8":"tag-22h","9":"tag-conflits-et-guerre","10":"tag-divertissement","11":"tag-entertainment","12":"tag-fr","13":"tag-france","14":"tag-iran-etats-unis-linquietante-escalade","15":"tag-relations-internationales","16":"tag-television","17":"tag-tv","18":"tag-video","19":"tag-video-replay-lci"},"share_on_mastodon":{"url":"https:\/\/pubeurope.com\/@fr\/115875848256554165","error":""},"_links":{"self":[{"href":"https:\/\/www.europesays.com\/fr\/wp-json\/wp\/v2\/posts\/655854","targetHints":{"allow":["GET"]}}],"collection":[{"href":"https:\/\/www.europesays.com\/fr\/wp-json\/wp\/v2\/posts"}],"about":[{"href":"https:\/\/www.europesays.com\/fr\/wp-json\/wp\/v2\/types\/post"}],"author":[{"embeddable":true,"href":"https:\/\/www.europesays.com\/fr\/wp-json\/wp\/v2\/users\/2"}],"replies":[{"embeddable":true,"href":"https:\/\/www.europesays.com\/fr\/wp-json\/wp\/v2\/comments?post=655854"}],"version-history":[{"count":0,"href":"https:\/\/www.europesays.com\/fr\/wp-json\/wp\/v2\/posts\/655854\/revisions"}],"wp:featuredmedia":[{"embeddable":true,"href":"https:\/\/www.europesays.com\/fr\/wp-json\/wp\/v2\/media\/655855"}],"wp:attachment":[{"href":"https:\/\/www.europesays.com\/fr\/wp-json\/wp\/v2\/media?parent=655854"}],"wp:term":[{"taxonomy":"category","embeddable":true,"href":"https:\/\/www.europesays.com\/fr\/wp-json\/wp\/v2\/categories?post=655854"},{"taxonomy":"post_tag","embeddable":true,"href":"https:\/\/www.europesays.com\/fr\/wp-json\/wp\/v2\/tags?post=655854"}],"curies":[{"name":"wp","href":"https:\/\/api.w.org\/{rel}","templated":true}]}}