{"id":655864,"date":"2026-01-11T09:55:11","date_gmt":"2026-01-11T09:55:11","guid":{"rendered":"https:\/\/www.europesays.com\/fr\/655864\/"},"modified":"2026-01-11T09:55:11","modified_gmt":"2026-01-11T09:55:11","slug":"sa-petite-ferme-a-orcival-en-auvergne","status":"publish","type":"post","link":"https:\/\/www.europesays.com\/fr\/655864\/","title":{"rendered":"sa petite ferme \u00e0 Orcival, en Auvergne"},"content":{"rendered":"<p class=\"p1\"><a href=\"https:\/\/www.lejournaldelamaison.fr\/le-journal-de-la-maison\/reportages-maisons\/maisons-reportages-maisons\/thierry-lhermitte-gilbert-montagne-jean-louis-murat-les-plus-belles-maisons-de-stars-en-auvergne-532500.html\" target=\"_blank\" rel=\"noopener\">Jean-Louis Murat<\/a> a marqu\u00e9 le<br \/>\nsecteur musical fran\u00e7ais. Jusqu\u2019\u00e0 son d\u00e9c\u00e8s le\u00a025 mai 2023,<br \/>\nl\u2019artiste n\u2019a cess\u00e9 d\u2019enchanter les amateurs de musique avec des<br \/>\ntitres tous plus singuliers les uns que les autres. Et \u00e0 l\u2019image de<br \/>\nses chansons, le chanteur n\u2019a jamais souhait\u00e9 faire comme tout le<br \/>\nmonde. Avant sa mort, ce dernier a investi dans une <strong>maison<br \/>\nsitu\u00e9e \u00e0 plusieurs kilom\u00e8tres du tumulte parisien<\/strong>, \u00e0<br \/>\nl\u2019inverse de nombreuses personnalit\u00e9s. Jean-Louis Murat a pr\u00e9f\u00e9r\u00e9<br \/>\n<strong>se recueillir dans une ferme<\/strong> r\u00e9put\u00e9e pour sa<br \/>\ncommunion avec la nature.<\/p>\n<p>Jean-Louis Murat s\u2019est r\u00e9fugi\u00e9 dans sa ferme situ\u00e9e<br \/>\nen Auvergne avant de mourir<\/p>\n<p class=\"p1\">Comme l\u2019ont rappel\u00e9 nos confr\u00e8res du magazine<br \/>\nPurepeople, la star de la chanson fran\u00e7aise n\u2019a jamais<br \/>\nappr\u00e9ci\u00e9 le bling-bling. Exit donc les villas aux dimensions<br \/>\nd\u00e9mesur\u00e9es ! Celui-ci a choisi de <strong>vivre dans la<br \/>\nsimplicit\u00e9<\/strong>. Il y a quelques ann\u00e9es, bien avant son d\u00e9c\u00e8s<br \/>\ndes suites d\u2019une embolie pulmonaire \u00e0 l\u2019\u00e2ge de 71 ans, Jean-Louis<br \/>\nMurat a achet\u00e9 une <a href=\"https:\/\/www.lejournaldelamaison.fr\/le-journal-de-la-maison\/reportages-maisons\/maisons-campagne\/julien-courbet-si-je-navais-pas-trouve-cette-petite-ferme-en-pleine-campagne-je-pense-que-je-serai-un-peu-aigri-sa-petite-maison-de-campagne-quil-renove-en-normandie-entouree-de-chevres-et-519621.html\" target=\"_blank\" rel=\"noopener\">petite ferme<\/a> <strong>nich\u00e9e dans<br \/>\nla commune d\u2019Orcival, en Auvergne<\/strong>.<\/p>\n<p class=\"p1\">\u00ab\u00a0<strong>J\u00a0\u00bbai v\u00e9cu longtemps sans<br \/>\npognon<\/strong>, je fais mes jardins, je me chauffe au bois. J&rsquo;ai<br \/>\nlongtemps refus\u00e9 le statut d&rsquo;i<strong>ntermittent du<br \/>\nspectacle<\/strong>, pour ne pas \u00eatre pay\u00e9 \u00e0 rien foutre. Puis un<br \/>\njour j&rsquo;ai eu un contr\u00f4le fiscal et quand j&rsquo;ai racont\u00e9 cela \u00e0<br \/>\nl&rsquo;inspecteur, il m&rsquo;a dit : Vous \u00eates bien b\u00eate. J&rsquo;ai demand\u00e9 le<br \/>\nstatut d&rsquo;intermittent le lendemain.\u00a0\u00bb, avait-il<br \/>\nd\u2019ailleurs confi\u00e9 aupr\u00e8s du Parisien.<\/p>\n<p>Jean-Louis Murat a toujours \u00e9t\u00e9 un amoureux de la<br \/>\nnature<\/p>\n<p class=\"p1\">Et s\u2019installer dans la r\u00e9gion <a href=\"https:\/\/www.lejournaldelamaison.fr\/le-journal-de-la-maison\/reportages-maisons\/maisons-reportages-maisons\/thierry-lhermitte-gilbert-montagne-jean-louis-murat-les-plus-belles-maisons-de-stars-en-auvergne-532500.html\" target=\"_blank\" rel=\"noopener\"><br \/>\nauvergnate<\/a> a \u00e9t\u00e9 une \u00e9vidence pour l\u2019interpr\u00e8te de Si je<br \/>\ndevais manquer de toi. Pour cause, ce dernier est <strong>n\u00e9<br \/>\ndans cette zone de l\u2019Hexagone<\/strong>. C\u2019est dans la ville de<br \/>\nChamali\u00e8res que l\u2019homme a vu le jour en janvier 1952. Une commune<br \/>\nqui lui correspond id\u00e9alement puisque <strong>la nature fait partie<br \/>\nint\u00e9grante des paysages environnants<\/strong>.<\/p>\n<p class=\"p1\">Gr\u00e2ce \u00e0 son investissement immobilier, le chanteur a<br \/>\npu \u00ab\u00a0partir sur les cr\u00eates et <strong>dormir \u00e0 la belle<br \/>\n\u00e9toile<\/strong>\u00a0\u00bb, comme il l\u2019expliquait dans les<br \/>\ncolonnes d\u2019Ouest France. Avant d\u2019ajouter : \u00ab\u00a0Le<br \/>\nnaturel qu&rsquo;il faut avoir quand je vis ici passe, \u00e0 Paris, pour une<br \/>\nfabrication, de la brutalit\u00e9. Cela m&rsquo;a donn\u00e9 une image n\u00e9gative.<br \/>\nMais <strong>j&rsquo;ai le caract\u00e8re des paysans<\/strong> dans les zones<br \/>\ndifficiles et isol\u00e9es\u00a0\u00bb. Voil\u00e0 pourquoi Jean-Louis Murat<br \/>\nse sent si bien dans son Auvergne natale.<\/p>\n<blockquote class=\"instagram-media\" style=\"background: #ffffff;border: 0;margin: 1px;width: 100%;padding: 0;max-width: 500px;\" data-instgrm-permalink=\"https:\/\/www.instagram.com\/p\/CvUrDVHqnbC\/\" data-instgrm-version=\"14\"\/><p>\nParis n\u2019a jamais r\u00e9ussi \u00e0 s\u00e9duire<br \/>\nJean-Louis Murat tout au long de sa vie<\/p>\n<p class=\"p1\">\u00c0 l\u2019inverse, celui-ci ne s\u2019est jamais d\u00e9couvert<br \/>\nd\u2019atomes crochus avec la capitale, o\u00f9 bon nombre de stars vivent<br \/>\npourtant \u00e0 l\u2019ann\u00e9e. Le style de vie \u00e0 la parisienne ne<br \/>\ncorrespondant pas \u00e0 la vision de Jean-Louis Murat. L\u2019artiste n\u2019a<br \/>\n<strong>pas r\u00e9ussi \u00e0 trouver ses marques<\/strong> aupr\u00e8s de<br \/>\nl\u2019agitation propre \u00e0 Paris. C\u2019est pour cela que ce dernier s\u2019est<br \/>\n<strong>rapproch\u00e9 de son lieu de naissance<\/strong>.<\/p>\n<p class=\"p1\">Jean-Louis Murat est d\u00e9c\u00e9d\u00e9 comme cette fameuse<br \/>\n<a href=\"https:\/\/www.lejournaldelamaison.fr\/le-journal-de-la-maison\/piece-par-piece\/cuisine-salle-a-manger-le-journal-de-la-maison\/cuisine\/materiaux-bruts-bois-apparent-objets-patines-la-cuisine-esprit-ferme-revient-en-2026-mais-avec-de-nouveaux-codes-532851.html\" target=\"_blank\" rel=\"noopener\"><br \/>\nferme<\/a> qui a toujours appartenu aux membres de sa famille.<br \/>\n\u00ab\u00a0J&rsquo;ai trouv\u00e9 cette ferme, une sorte de <strong>ferme de<br \/>\nfamille<\/strong> plus ou moins, enfin <strong>quelqu&rsquo;un de la<br \/>\nfamille avait habit\u00e9 l\u00e0-dedans<\/strong> et je me suis install\u00e9.<br \/>\nMais ce n&rsquo;\u00e9tait pas aussi d\u00e9termin\u00e9 que \u00e7a. C&rsquo;est un peu le hasard<br \/>\nqui a fait \u00e7a.\u00a0\u00bb, avait-il d\u00e9clar\u00e9 \u00e0 l\u2019antenne de<br \/>\nFrance 3 Auvergne. C\u2019est l\u00e0 qu\u2019il a en tout cas pu puiser<br \/>\nl\u2019essentiel de son inspiration.<\/p>\n<p><script async src=\"\/\/www.instagram.com\/embed.js\"><\/script><\/p>\n","protected":false},"excerpt":{"rendered":"Jean-Louis Murat a marqu\u00e9 le secteur musical fran\u00e7ais. Jusqu\u2019\u00e0 son d\u00e9c\u00e8s le\u00a025 mai 2023, l\u2019artiste n\u2019a cess\u00e9 d\u2019enchanter&hellip;\n","protected":false},"author":2,"featured_media":655865,"comment_status":"","ping_status":"","sticky":false,"template":"","format":"standard","meta":{"footnotes":""},"categories":[8],"tags":[13041,3031,6733,4154,39466,2560,58,3026,59,30284,9095,1011,27,3707,18621,757,13392,7285,17260,73459,17937,75847,75848,10650,5242,2044,10649,2407],"class_list":{"0":"post-655864","1":"post","2":"type-post","3":"status-publish","4":"format-standard","5":"has-post-thumbnail","7":"category-divertissement","8":"tag-a","9":"tag-au","10":"tag-auvergne","11":"tag-bois","12":"tag-chauffe","13":"tag-derniers","14":"tag-divertissement","15":"tag-en","16":"tag-entertainment","17":"tag-fais","18":"tag-ferme","19":"tag-fr","20":"tag-france","21":"tag-il","22":"tag-jardins","23":"tag-je","24":"tag-jean","25":"tag-jours","26":"tag-louis","27":"tag-me","28":"tag-mes","29":"tag-murat","30":"tag-orcival","31":"tag-ou","32":"tag-passe","33":"tag-petite","34":"tag-sa","35":"tag-ses"},"share_on_mastodon":{"url":"https:\/\/pubeurope.com\/@fr\/115875867880284898","error":""},"_links":{"self":[{"href":"https:\/\/www.europesays.com\/fr\/wp-json\/wp\/v2\/posts\/655864","targetHints":{"allow":["GET"]}}],"collection":[{"href":"https:\/\/www.europesays.com\/fr\/wp-json\/wp\/v2\/posts"}],"about":[{"href":"https:\/\/www.europesays.com\/fr\/wp-json\/wp\/v2\/types\/post"}],"author":[{"embeddable":true,"href":"https:\/\/www.europesays.com\/fr\/wp-json\/wp\/v2\/users\/2"}],"replies":[{"embeddable":true,"href":"https:\/\/www.europesays.com\/fr\/wp-json\/wp\/v2\/comments?post=655864"}],"version-history":[{"count":0,"href":"https:\/\/www.europesays.com\/fr\/wp-json\/wp\/v2\/posts\/655864\/revisions"}],"wp:featuredmedia":[{"embeddable":true,"href":"https:\/\/www.europesays.com\/fr\/wp-json\/wp\/v2\/media\/655865"}],"wp:attachment":[{"href":"https:\/\/www.europesays.com\/fr\/wp-json\/wp\/v2\/media?parent=655864"}],"wp:term":[{"taxonomy":"category","embeddable":true,"href":"https:\/\/www.europesays.com\/fr\/wp-json\/wp\/v2\/categories?post=655864"},{"taxonomy":"post_tag","embeddable":true,"href":"https:\/\/www.europesays.com\/fr\/wp-json\/wp\/v2\/tags?post=655864"}],"curies":[{"name":"wp","href":"https:\/\/api.w.org\/{rel}","templated":true}]}}