{"id":655870,"date":"2026-01-11T09:58:11","date_gmt":"2026-01-11T09:58:11","guid":{"rendered":"https:\/\/www.europesays.com\/fr\/655870\/"},"modified":"2026-01-11T09:58:11","modified_gmt":"2026-01-11T09:58:11","slug":"entretien-manifestations-en-iran-le-mouvement-est-entre-dans-une-phase-offensive-que-sait-on-sur-lampleur-de-la-mobilisation","status":"publish","type":"post","link":"https:\/\/www.europesays.com\/fr\/655870\/","title":{"rendered":"ENTRETIEN. Manifestations en Iran\u00a0: \u00ab\u00a0Le mouvement est entr\u00e9 dans une phase offensive\u00a0\u00bb\u2026 que sait-on sur l\u2019ampleur de la mobilisation\u00a0?"},"content":{"rendered":"<p>\n                                                                    l&rsquo;essentiel<br \/>\n                                                                Depuis deux semaines, les mouvements de r\u00e9voltes se multiplient en Iran. Depuis le 28\u00a0d\u00e9cembre dernier, les Iraniens expriment leur \u00ab\u00a0haine\u00a0\u00bb du r\u00e9gime de l\u2019Ali Khamenei, alors que 80\u00a0% de la population vit sous le seuil de pauvret\u00e9. Le politologue sp\u00e9cialiste de l\u2019Iran, Hamid Enayat r\u00e9pond \u00e0 nos questions.\n                            <\/p>\n<p class=\"txt-question\">La D\u00e9p\u00eache du Midi\u00a0: Pourquoi ces nouvelles manifestations en Iran\u00a0?<\/p>\n<p><strong>Hamid Enayat\u00a0<\/strong>: Il s\u2019agit du cinqui\u00e8me soul\u00e8vement national depuis 2017. Les slogans sont rest\u00e9s les m\u00eames, notamment \u00ab\u00a0Mort \u00e0 la dictature\u00a0\u00bb. La mobilisation actuelle est le produit d\u2019une convergence de crises\u00a0: les Iraniens d\u00e9plorent\u00a0une inflation sup\u00e9rieure \u00e0 42\u00a0%, atteignant parfois des niveaux extr\u00eames pour les produits alimentaires.<\/p>\n<p class=\"std-elt__inline\">\n        <strong>\u00c0 lire aussi :<\/strong><br \/>\n        <a href=\"https:\/\/www.ladepeche.fr\/2026\/01\/09\/manifestations-en-iran-45-morts-dont-8-mineurs-internet-coupe-un-policier-tue-que-se-passe-t-il-dans-le-pays-depuis-12-jours-13151876.php\" target=\"_blank\" rel=\"noopener\">VIDEO. Manifestations en Iran\u00a0: 45 morts dont 8 mineurs, internet coup\u00e9, un policier tu\u00e9\u2026 Que se passe-t-il dans le pays depuis 12 jours\u00a0?<\/a>\n    <\/p>\n<p>On observe par ailleurs un\u00a0effondrement de la monnaie nationale, une pauvret\u00e9 touchant pr\u00e8s de 80\u00a0% de la population, une corruption massive, des p\u00e9nuries d\u2019eau, des coupures d\u2019\u00e9lectricit\u00e9, une pollution de l\u2019air responsable de plus de 50\u00a0000 morts par an, et un foss\u00e9 social abyssal entre 4\u00a0% vivant dans l\u2019opulence et 96\u00a0% en grande pr\u00e9carit\u00e9.\u00a0\u00c0 cela s\u2019ajoutent le port obligatoire du hijab, l\u2019imposition de la religion et l\u2019absence totale de libert\u00e9s politiques.<\/p>\n<p class=\"txt-question\">Peut-on parler d\u2019un mouvement de fond\u00a0?<\/p>\n<p>Oui. Le m\u00e9contentement s\u2019est cristallis\u00e9 en novembre\u00a02019, lorsque le r\u00e9gime a coup\u00e9 Internet et massacr\u00e9 environ 1\u00a0500 manifestants en cinq jours sur ordre d\u2019Ali Khamenei. Depuis, la population lutte pour sa survie politique et sociale face \u00e0 une dictature qui l\u2019exclut de toute d\u00e9cision.<\/p>\n<p class=\"txt-question\">Quelle est l\u2019ampleur r\u00e9elle du soul\u00e8vement\u00a0?<\/p>\n<p>En seulement deux semaines, malgr\u00e9 une r\u00e9pression extr\u00eamement violente, le mouvement s\u2019est \u00e9tendu \u00e0 au moins 175 villes. Le slogan central, \u00ab\u00a0Mort au dictateur\u00a0\u00bb, montre un rejet clair et massif du r\u00e9gime. Le soul\u00e8vement est d\u00e9sormais entr\u00e9 dans une phase offensive\u00a0: la population remet en cause la violence d\u2019\u00c9tat et parvient parfois \u00e0 d\u00e9sarmer les forces r\u00e9pressives, ce qui affaiblit l\u2019efficacit\u00e9 du pouvoir.<\/p>\n<p class=\"txt-question\">Le r\u00e9gime affirme que ces manifestations sont manipul\u00e9es par l\u2019\u00e9tranger. Qu\u2019en est-il\u00a0?<\/p>\n<p>Cette th\u00e8se ne tient pas. La pr\u00e9sence de manifestants dans plus de 175 villes prouve qu\u2019il s\u2019agit d\u2019un mouvement profond\u00e9ment enracin\u00e9 dans la soci\u00e9t\u00e9 iranienne. La r\u00e9alit\u00e9 du terrain contredit totalement le discours officiel.<\/p>\n<p class=\"txt-question\">Quelles sont les revendications principales\u00a0?<\/p>\n<p>La revendication centrale est la chute de la dictature de la \u00ab\u00a0R\u00e9publique islamique\u00a0\u00bb dirig\u00e9e par Ali Khamenei, au profit d\u2019une R\u00e9publique la\u00efque fond\u00e9e sur l\u2019\u00e9galit\u00e9 entre les sexes et la s\u00e9paration de la religion et de l\u2019\u00c9tat. Le peuple iranien veut reprendre le contr\u00f4le de son destin politique.<\/p>\n<p class=\"txt-question\">L\u2019absence de leader d\u00e9sign\u00e9 est-elle une faiblesse pour le mouvement\u00a0?<\/p>\n<p>Sans leadership structur\u00e9, aucun mouvement ne peut atteindre ses objectifs face \u00e0 une r\u00e9pression d\u2019une telle ampleur. Or, des milliers d\u2019unit\u00e9s de r\u00e9sistance, cr\u00e9\u00e9es depuis 2016 par l\u2019Organisation des Moudjahidine du peuple d\u2019Iran, encadrent et prot\u00e8gent aujourd\u2019hui les manifestations. Avec des leaders locaux dans toutes les provinces du pays, la r\u00e9sistance est extr\u00eamement organis\u00e9e. Sans cela, la r\u00e9pression tr\u00e8s forte du r\u00e9gime ferait taire les mouvements.<\/p>\n<p class=\"std-elt__inline\">\n        <strong>\u00c0 lire aussi :<\/strong><br \/>\n        <a href=\"https:\/\/www.ladepeche.fr\/2026\/01\/10\/iran-le-fils-du-chah-dechu-appelle-les-manifestants-a-se-preparer-a-prendre-les-centres-villes-13154309.php\" target=\"_blank\" rel=\"noopener\">Iran\u00a0: le fils du chah d\u00e9chu appelle les manifestants \u00e0 \u00ab\u00a0se pr\u00e9parer \u00e0 prendre les centres-villes\u00a0\u00bb<\/a>\n    <\/p>\n<p class=\"txt-question\">Existe-t-il une alternative politique organis\u00e9e\u00a0?<\/p>\n<p>Oui. Le Conseil national de la R\u00e9sistance iranienne, qui rassemble depuis plus de quarante-cinq ans les forces antidictatoriales, oriente le mouvement vers l\u2019instauration d\u2019une R\u00e9publique la\u00efque.\u00a0M\u00eame l\u2019agence Fars, proche des Gardiens de la r\u00e9volution, reconna\u00eet le r\u00f4le dirigeant de Maryam Radjavi, des Moudjahidine du peuple et du Conseil national de la R\u00e9sistance. Le soul\u00e8vement dispose donc d\u2019une orientation politique claire.<\/p>\n","protected":false},"excerpt":{"rendered":"l&rsquo;essentiel Depuis deux semaines, les mouvements de r\u00e9voltes se multiplient en Iran. Depuis le 28\u00a0d\u00e9cembre dernier, les Iraniens&hellip;\n","protected":false},"author":2,"featured_media":655871,"comment_status":"","ping_status":"","sticky":false,"template":"","format":"standard","meta":{"footnotes":""},"categories":[5],"tags":[11,1011,27,329,14,3019,12,28],"class_list":{"0":"post-655870","1":"post","2":"type-post","3":"status-publish","4":"format-standard","5":"has-post-thumbnail","7":"category-international","8":"tag-actualites","9":"tag-fr","10":"tag-france","11":"tag-france-monde","12":"tag-international","13":"tag-iran","14":"tag-news","15":"tag-world"},"share_on_mastodon":{"url":"https:\/\/pubeurope.com\/@fr\/115875879598606538","error":""},"_links":{"self":[{"href":"https:\/\/www.europesays.com\/fr\/wp-json\/wp\/v2\/posts\/655870","targetHints":{"allow":["GET"]}}],"collection":[{"href":"https:\/\/www.europesays.com\/fr\/wp-json\/wp\/v2\/posts"}],"about":[{"href":"https:\/\/www.europesays.com\/fr\/wp-json\/wp\/v2\/types\/post"}],"author":[{"embeddable":true,"href":"https:\/\/www.europesays.com\/fr\/wp-json\/wp\/v2\/users\/2"}],"replies":[{"embeddable":true,"href":"https:\/\/www.europesays.com\/fr\/wp-json\/wp\/v2\/comments?post=655870"}],"version-history":[{"count":0,"href":"https:\/\/www.europesays.com\/fr\/wp-json\/wp\/v2\/posts\/655870\/revisions"}],"wp:featuredmedia":[{"embeddable":true,"href":"https:\/\/www.europesays.com\/fr\/wp-json\/wp\/v2\/media\/655871"}],"wp:attachment":[{"href":"https:\/\/www.europesays.com\/fr\/wp-json\/wp\/v2\/media?parent=655870"}],"wp:term":[{"taxonomy":"category","embeddable":true,"href":"https:\/\/www.europesays.com\/fr\/wp-json\/wp\/v2\/categories?post=655870"},{"taxonomy":"post_tag","embeddable":true,"href":"https:\/\/www.europesays.com\/fr\/wp-json\/wp\/v2\/tags?post=655870"}],"curies":[{"name":"wp","href":"https:\/\/api.w.org\/{rel}","templated":true}]}}