{"id":655878,"date":"2026-01-11T10:03:20","date_gmt":"2026-01-11T10:03:20","guid":{"rendered":"https:\/\/www.europesays.com\/fr\/655878\/"},"modified":"2026-01-11T10:03:20","modified_gmt":"2026-01-11T10:03:20","slug":"on-demande-moins-de-complexite-et-plus-dhumanite","status":"publish","type":"post","link":"https:\/\/www.europesays.com\/fr\/655878\/","title":{"rendered":"\u00ab\u00a0On demande moins de complexit\u00e9 et plus d&rsquo;humanit\u00e9\u00a0\u00bb"},"content":{"rendered":"<p>Dans le cadre de sa politique qualit\u00e9, la pr\u00e9fecture de Meurthe-et-Moselle a publi\u00e9 ses d\u00e9lais moyens de traitement pour les d\u00e9marches \u00ab\u00a0\u00e9trangers\u00a0\u00bb.<\/p>\n<p>Au 1er septembre 2025, il fallait compter <a href=\"https:\/\/www.meurthe-et-moselle.gouv.fr\/contenu\/telechargement\/34480\/260774\/file\/D%C3%A9lais%20%C3%A9trangers.pdf\" target=\"_blank\" rel=\"noopener\">145 jours<\/a>\u00a0pour un renouvellement de titre de s\u00e9jour, 175 jours pour une premi\u00e8re demande\u00a0d&rsquo;admission au s\u00e9jour et jusqu&rsquo;\u00e0 190 jours pour une d\u00e9claration de nationalit\u00e9, selon les donn\u00e9es de la Direction g\u00e9n\u00e9rale des \u00e9trangers en France (DGEF).<\/p>\n<p>Pour Malika\u00a0Allouchi, adjointe au maire \u00e0 Toul, ces chiffres ne peuvent\u00a0rester sans r\u00e9ponse.\u00a0<a href=\"https:\/\/www.estrepublicain.fr\/societe\/2025\/07\/06\/titres-de-sejour-des-delais-hors-de-controle-des-vies-en-suspens#PlugCommentsList2\" target=\"_blank\" rel=\"noopener\">D\u00e9j\u00e0 tr\u00e8s critique l&rsquo;\u00e9t\u00e9 dernier dans nos colonnes,<\/a> l&rsquo;\u00e9lue persiste :\u00a0\u00ab J&rsquo;ai moins de sollicitations aujourd&rsquo;hui, mais cela ne suffit toujours pas. La preuve que ce ne d\u00e9lai n&rsquo;est pas adapt\u00e9, notamment pour\u00a0les r\u00e9c\u00e9piss\u00e9s de renouvellement\u00a0\u00bb, insiste-t-elle.\u00a0<\/p>\n<p>\u00ab\u00a0Une grande pr\u00e9carit\u00e9 humaine et sociale\u00a0\u00bb<\/p>\n<p>Selon elle, la publication de ces d\u00e9lais est un aveu : \u00ab Avec ces chiffres, la pr\u00e9fecture sait qu&rsquo;elle ne peut pas traiter.\u00a0Au lieu de d\u00e9livrer des r\u00e9c\u00e9piss\u00e9s de 2\u00a0ou 3 mois, il faudrait les accorder pour six mois ou un an, le temps que les dossiers soient instruits.\u00a0\u00bb<\/p>\n<p>Les cons\u00e9quences sont souvent lourdes : \u00ab Ces gens se retrouvent dans une grande pr\u00e9carit\u00e9 humaine et sociale\u00a0\u00bb, alerte-t-elle.<\/p>\n<p>  Formations stopp\u00e9es, contrats rompus<\/p>\n<p>A Toul, la pr\u00e9sence d&rsquo;une sous-pr\u00e9fecture permet parfois d&rsquo;apporter une premi\u00e8re r\u00e9ponse rapide. \u00ab\u00a0On peut r\u00e9pondre en deux ou trois jours, ne serait-ce que pour dire s&rsquo;il manque un document\u00a0\u00bb, explique Malika\u00a0Allouchi. \u00ab\u00a0Mais lorsque les dossiers sont complets et restent sans r\u00e9ponse, les situations se bloquent.\u00a0\u00bb<\/p>\n<p>\u00ab\u00a0Il y a une dizaine de jours, une personne d&rsquo;origine marocaine n&rsquo;a pas pu poursuivre sa formation au Greta faute de renouvellement de titre \u00e0 temps. Un autre homme a perdu son contrat apr\u00e8s trois mois d&rsquo;attente\u00a0\u00bb, d\u00e9taille-t-elle.<\/p>\n<p>\u00ab\u00a0On parle de libre circulation, mais on cantonne les gens. Ils ne sont plus libres de leurs mouvements\u00a0\u00bb, ajoute-t-elle, \u00e9voquant la situation personnelle v\u00e9cue aupr\u00e8s de sa m\u00e8re.<\/p>\n<p>  Ce patron d&rsquo;h\u00f4tel a d\u00fb licencier sa femme de m\u00e9nage<\/p>\n<p>Les entreprises locales sont elles aussi impact\u00e9es. Herv\u00e9 Simonin, g\u00e9rant de deux h\u00f4tels-restaurants \u00e0 Toul, a d\u00fb licencier une salari\u00e9e en 2020. Une d\u00e9cision ancienne, mais encore douloureuse tant Sabrina (pr\u00e9nom d&#8217;emprunt) \u00e9tait investie au sein de son \u00e9tablissement\u00a0et\u00a0dans la commune.\u00a0<\/p>\n<p>Cette femme de m\u00e9nage, \u00e2g\u00e9e de 27 ans \u00e0 l&rsquo;\u00e9poque, \u00e9tait titulaire d&rsquo;un titre de long s\u00e9jour. D&rsquo;origine marocaine, vivant \u00e0 Toul avec ses enfants scolaris\u00e9s, elle \u00e9tait log\u00e9e\u00a0dans l&rsquo;\u00e9tablissement <a href=\"https:\/\/www.estrepublicain.fr\/economie\/2024\/02\/07\/l-incroyable-vitalite-de-l-hotel-de-l-europe-ouvert-depuis-1896\" target=\"_blank\" rel=\"noopener\">L&rsquo;Europe,<\/a> d&rsquo;Herv\u00e9 Simonin.<\/p>\n<p>Malgr\u00e9 l&rsquo;appui de cet \u00e9lu\u00a0municipal \u00e0 Toul, aucune autorisation n&rsquo;avait \u00e9t\u00e9 accord\u00e9e \u00e0 Sabrina par la pr\u00e9fecture de Meurthe-et-Moselle. \u00ab\u00a0Mon comptable m&rsquo;avait alert\u00e9 : je risquais gros. J&rsquo;ai d\u00fb rompre son contrat\u00a0\u00bb, d\u00e9plore\u00a0son ancien patron. \u00ab\u00a0Le syst\u00e8me montre l\u00e0 toutes ses limites\u00a0\u00bb, <a href=\"https:\/\/www.estrepublicain.fr\/economie\/2025\/03\/02\/l-hotelier-denonce-une-concurrence-inegale-des-locations-saisonnieres\" target=\"_blank\" rel=\"noopener\">t\u00e9moigne Herv\u00e9 Simonin.<\/a><\/p>\n<p>\u00ab Il n&rsquo;y a pas que des ch\u00f4meurs : il y a aussi des personnes en activit\u00e9 ou des \u00e9tudiants, qui parfois se retrouvent ensuite \u00e0 la rue\u00a0\u00bb, d\u00e9nonce\u00a0Malika Allouchi.<\/p>\n<p>  La peur de t\u00e9moigner\u00a0<\/p>\n<p>Malgr\u00e9 plusieurs tentatives\u00a0devant la pr\u00e9fecture de Nancy\u00a0et un appel\u00a0aux t\u00e9moignages lanc\u00e9\u00a0sur les r\u00e9seaux sociaux, ils sont nombreux \u00e0 refuser de t\u00e9moigner dans nos colonnes. \u00ab\u00a0Ils ont peur que cela porte pr\u00e9judice \u00e0 leur dossier\u00a0\u00bb, avance\u00a0Malika\u00a0Allouchi.\u00a0<\/p>\n<p>Ces lenteurs ont aussi des r\u00e9percussions \u00e0 l&rsquo;international. \u00ab\u00a0Je reviens du Maroc : les \u00e9tudiants ne demandent plus la France. Ils pr\u00e9f\u00e8rent l\u2019Allemagne, les Etats-Unis, les pays anglo-saxons\u2026\u00a0Certains vont m\u00eame en Roumanie pour les \u00e9tudes dentaires. C\u2019est regrettable, surtout au vu du co\u00fbt des visas\u00a0\u00bb, d\u00e9plore l&rsquo;\u00e9lue de Toul.<\/p>\n<p>L\u2019Office fran\u00e7ais de l\u2019immigration et de l\u2019int\u00e9gration victime d\u2019une fuite de donn\u00e9es<\/p>\n<p>D\u00e9sormais, la d\u00e9mat\u00e9rialisation des dossiers oblige les demandeurs \u00e0 exposer toute leur vie administrative en ligne. Sur la toile, le site de l&rsquo;ANEF (Administration num\u00e9rique pour les \u00e9trangers en France)\u00a0\u00e9tait en maintenance\u00a0cette semaine. \u00ab\u00a0On ne pouvait plus acc\u00e9der au suivi de notre dossier, aux document fournis par la pr\u00e9fecture&#8230;\u00a0\u00bb, nous confie-t-on.<\/p>\n<p>Pour couronner le tout, cette semaine \u00e9galement, une fuite de donn\u00e9es a touch\u00e9 le site de l\u2019Office fran\u00e7ais de l\u2019immigration et de l\u2019int\u00e9gration (OFII) <a href=\"https:\/\/www.lemonde.fr\/pixels\/article\/2026\/01\/05\/l-office-francais-de-l-immigration-et-de-l-integration-victime-d-une-fuite-de-donnees_6660632_4408996.html\" target=\"_blank\" rel=\"noopener\">selon nos confr\u00e8res du Monde.<\/a>\u00a0Devant la pr\u00e9fecture de Nancy, les personnes rencontr\u00e9es redoutent d\u00e9sormais que leurs donn\u00e9es soient revendues sur le dark web. Mais pour l&rsquo;heure, ils n&rsquo;attendent qu&rsquo;une chose : \u00ab Moins de complexit\u00e9, et plus d&rsquo;humanit\u00e9 dans le traitement de leurs dossiers \u00bb.<\/p>\n<p class=\"note\">Contact\u00e9e en d\u00e9but de semaine,\u00a0la pr\u00e9fecture de Meurthe-et-Moselle n&rsquo;a, pour l&rsquo;heure, pas r\u00e9pondu \u00e0 nos sollicitations.<\/p>\n","protected":false},"excerpt":{"rendered":"Dans le cadre de sa politique qualit\u00e9, la pr\u00e9fecture de Meurthe-et-Moselle a publi\u00e9 ses d\u00e9lais moyens de traitement&hellip;\n","protected":false},"author":2,"featured_media":655879,"comment_status":"","ping_status":"","sticky":false,"template":"","format":"standard","meta":{"footnotes":""},"categories":[9635],"tags":[1111,11,1704,1705,1777,674,107,1011,27,775,1061,230,12126,3457,1702,12,3456,25,273,104,14984,27449],"class_list":{"0":"post-655878","1":"post","2":"type-post","3":"status-publish","4":"format-standard","5":"has-post-thumbnail","7":"category-nancy","8":"tag-actu","9":"tag-actualites","10":"tag-edition-nancy-et-agglomeration","11":"tag-edition-toul","12":"tag-eu","13":"tag-europe","14":"tag-fil-info","15":"tag-fr","16":"tag-france","17":"tag-grand-est","18":"tag-immigration","19":"tag-infographie","20":"tag-les-dossiers-de-la-redaction","21":"tag-meurthe-et-moselle","22":"tag-nancy","23":"tag-news","24":"tag-region-lorraine","25":"tag-republique-francaise","26":"tag-selection-de-la-redaction","27":"tag-societe","28":"tag-toul","29":"tag-toul-ville-54d"},"share_on_mastodon":{"url":"https:\/\/pubeurope.com\/@fr\/115875899131607492","error":""},"_links":{"self":[{"href":"https:\/\/www.europesays.com\/fr\/wp-json\/wp\/v2\/posts\/655878","targetHints":{"allow":["GET"]}}],"collection":[{"href":"https:\/\/www.europesays.com\/fr\/wp-json\/wp\/v2\/posts"}],"about":[{"href":"https:\/\/www.europesays.com\/fr\/wp-json\/wp\/v2\/types\/post"}],"author":[{"embeddable":true,"href":"https:\/\/www.europesays.com\/fr\/wp-json\/wp\/v2\/users\/2"}],"replies":[{"embeddable":true,"href":"https:\/\/www.europesays.com\/fr\/wp-json\/wp\/v2\/comments?post=655878"}],"version-history":[{"count":0,"href":"https:\/\/www.europesays.com\/fr\/wp-json\/wp\/v2\/posts\/655878\/revisions"}],"wp:featuredmedia":[{"embeddable":true,"href":"https:\/\/www.europesays.com\/fr\/wp-json\/wp\/v2\/media\/655879"}],"wp:attachment":[{"href":"https:\/\/www.europesays.com\/fr\/wp-json\/wp\/v2\/media?parent=655878"}],"wp:term":[{"taxonomy":"category","embeddable":true,"href":"https:\/\/www.europesays.com\/fr\/wp-json\/wp\/v2\/categories?post=655878"},{"taxonomy":"post_tag","embeddable":true,"href":"https:\/\/www.europesays.com\/fr\/wp-json\/wp\/v2\/tags?post=655878"}],"curies":[{"name":"wp","href":"https:\/\/api.w.org\/{rel}","templated":true}]}}