{"id":655880,"date":"2026-01-11T10:04:50","date_gmt":"2026-01-11T10:04:50","guid":{"rendered":"https:\/\/www.europesays.com\/fr\/655880\/"},"modified":"2026-01-11T10:04:50","modified_gmt":"2026-01-11T10:04:50","slug":"saint-nicolas-de-port-distribution-de-sel-de-deneigement-ce-samedi-10-janvier","status":"publish","type":"post","link":"https:\/\/www.europesays.com\/fr\/655880\/","title":{"rendered":"Saint-Nicolas-de-Port. Distribution de sel de d\u00e9neigement ce samedi 10\u00a0janvier"},"content":{"rendered":"<p>Les services techniques sont mobilis\u00e9s depuis une semaine, afin de d\u00e9neiger les 36 kilom\u00e8tres de voirie de la commune et devant les \u00e9coles.<\/p>\n<p>Des chutes de neige \u00e9tant encore annonc\u00e9es, la ville organise une distribution de sel aux habitants de la ville, ce samedi 10\u00a0janvier de 14\u00a0h \u00e0 17\u00a0h sur le parking du Ch\u00e2teau d\u2019eau. Il convient d\u2019apporter son contenant (sac ou seau).<\/p>\n<p>Pour m\u00e9moire, 20 bacs de sel sont r\u00e9partis sur la commune \u00e0 destination des habitants des rues difficiles d\u2019acc\u00e8s.<\/p>\n","protected":false},"excerpt":{"rendered":"Les services techniques sont mobilis\u00e9s depuis une semaine, afin de d\u00e9neiger les 36 kilom\u00e8tres de voirie de la&hellip;\n","protected":false},"author":2,"featured_media":655881,"comment_status":"","ping_status":"","sticky":false,"template":"","format":"standard","meta":{"footnotes":""},"categories":[9635],"tags":[1111,11,9652,3542,1704,436,1777,674,1011,27,775,8423,1702,12,25,9651,104,2803],"class_list":{"0":"post-655880","1":"post","2":"type-post","3":"status-publish","4":"format-standard","5":"has-post-thumbnail","7":"category-nancy","8":"tag-actu","9":"tag-actualites","10":"tag-cc-des-pays-du-sel-et-du-vermois-54b","11":"tag-circulation","12":"tag-edition-nancy-et-agglomeration","13":"tag-environnement","14":"tag-eu","15":"tag-europe","16":"tag-fr","17":"tag-france","18":"tag-grand-est","19":"tag-meteorologie-climat","20":"tag-nancy","21":"tag-news","22":"tag-republique-francaise","23":"tag-saint-nicolas-de-port","24":"tag-societe","25":"tag-transport"},"share_on_mastodon":{"url":"https:\/\/pubeurope.com\/@fr\/115875907456509508","error":""},"_links":{"self":[{"href":"https:\/\/www.europesays.com\/fr\/wp-json\/wp\/v2\/posts\/655880","targetHints":{"allow":["GET"]}}],"collection":[{"href":"https:\/\/www.europesays.com\/fr\/wp-json\/wp\/v2\/posts"}],"about":[{"href":"https:\/\/www.europesays.com\/fr\/wp-json\/wp\/v2\/types\/post"}],"author":[{"embeddable":true,"href":"https:\/\/www.europesays.com\/fr\/wp-json\/wp\/v2\/users\/2"}],"replies":[{"embeddable":true,"href":"https:\/\/www.europesays.com\/fr\/wp-json\/wp\/v2\/comments?post=655880"}],"version-history":[{"count":0,"href":"https:\/\/www.europesays.com\/fr\/wp-json\/wp\/v2\/posts\/655880\/revisions"}],"wp:featuredmedia":[{"embeddable":true,"href":"https:\/\/www.europesays.com\/fr\/wp-json\/wp\/v2\/media\/655881"}],"wp:attachment":[{"href":"https:\/\/www.europesays.com\/fr\/wp-json\/wp\/v2\/media?parent=655880"}],"wp:term":[{"taxonomy":"category","embeddable":true,"href":"https:\/\/www.europesays.com\/fr\/wp-json\/wp\/v2\/categories?post=655880"},{"taxonomy":"post_tag","embeddable":true,"href":"https:\/\/www.europesays.com\/fr\/wp-json\/wp\/v2\/tags?post=655880"}],"curies":[{"name":"wp","href":"https:\/\/api.w.org\/{rel}","templated":true}]}}