{"id":655886,"date":"2026-01-11T10:07:14","date_gmt":"2026-01-11T10:07:14","guid":{"rendered":"https:\/\/www.europesays.com\/fr\/655886\/"},"modified":"2026-01-11T10:07:14","modified_gmt":"2026-01-11T10:07:14","slug":"municipales-2026-a-montpellier-a-deux-mois-du-scrutin-la-campagne-peine-a-passer-a-la-vitesse-superieure","status":"publish","type":"post","link":"https:\/\/www.europesays.com\/fr\/655886\/","title":{"rendered":"Municipales 2026 \u00e0 Montpellier\u00a0: \u00e0 deux mois du scrutin, la campagne peine \u00e0 passer \u00e0 la vitesse sup\u00e9rieure"},"content":{"rendered":"<p>\n                                                                Qualifi\u00e9e de \u00ab\u00a0baroque\u00a0\u00bb en 2020, la campagne pour les \u00e9lections municipales peine \u00e0 d\u00e9coller six ans plus tard. Tous les candidats ne sont pas encore d\u00e9clar\u00e9s et le maire sortant, dont le bilan est d\u00e9cri\u00e9 par ses opposants, est donn\u00e9 largement favori dans les r\u00e9cents sondages.\n                            <\/p>\n<p>\u00c0 deux mois du premier tour, la campagne des \u00e9lections municipales \u00e0 Montpellier para\u00eet bien terne.\u00a0\u00c0 l\u2019instar du ciel ces derniers jours. Avec un\u00a0maire sortant qui ne s\u2019est toujours pas d\u00e9clar\u00e9 et des candidats putatifs en embuscade, on est loin de l\u2019ambiance \u00e9lectrique qui r\u00e9gnait en janvier\u00a02020. Le Covid n\u2019avait pas encore fait parler de lui, les premiers cas d\u00e9clar\u00e9s \u00e0 Montpellier ne l\u2019ont \u00e9t\u00e9 qu\u2019\u00e0 la\u00a0fin f\u00e9vrier. L\u2019apr\u00e8s-Saurel \u00e9tait dans toutes les t\u00eates et les couteaux aiguis\u00e9s.<\/p>\n<p>14 candidats au 1er tour en 2020<\/p>\n<p>Le maire sortant, hospitalis\u00e9 apr\u00e8s une op\u00e9ration du genou, laissait planer le doute sur une nouvelle candidature tandis que la plupart des pr\u00e9tendants, eux, \u00e9taient d\u00e9j\u00e0 dans la course. L\u2019\u00e9cologiste Clothilde Ollier, le milliardaire Mohed Altrad, le challenger Micha\u00ebl Delafosse, l\u2019insoumise Alenka Doulain, l\u2019humoriste R\u00e9mi Gaillard, le Vert dissident Jean-Louis Roum\u00e9gas, le Macroniste Patrick Vignal\u2026 Au total, ils seront quatorze \u00e0 s\u2019aligner sur la ligne de d\u00e9part au premier tour.<\/p>\n<p>Delafosse grand favori des sondages<\/p>\n<p>Six ans plus tard, la donne est totalement diff\u00e9rente. Micha\u00ebl Delafosse, qui devrait officialiser sa position sous peu, affiche une avance insolente sur ses concurrents dans les sondages. Le dernier en date, command\u00e9 \u00e0 Harris Interactive par le Printemps montpelli\u00e9rain, le cr\u00e9dite de 38\u00a0% des intentions de vote. Un r\u00e9sultat qui confirme le pr\u00e9c\u00e9dent sondage Ifop M\u00e9tropolitain dans lequel il caracolait en t\u00eate avec\u00a036\u00a0% des voix en novembre. De quoi d\u00e9courager ses opposants\u00a0? Pas forc\u00e9ment.<\/p>\n<p>La <a href=\"https:\/\/www.midilibre.fr\/2025\/11\/23\/municipales-2026-a-montpellier-je-ne-suis-pas-la-bourgeoise-de-service-isabelle-perrein-se-pose-en-candidate-credible-13066136.php\" target=\"_blank\" rel=\"noopener\">notaire Isabelle Perrein, partie la premi\u00e8re en campagne il y a deux ans, poursuit son bonhomme de chemin<\/a> sur le terrain comme dans la presse. \u00c0 bord de sa permanence mobile ou devant les \u00e9coles, la candidate tente de combler son d\u00e9ficit de notori\u00e9t\u00e9 avec une d\u00e9termination \u00e0 toute \u00e9preuve. \u00ab\u00a0Ni de droite ni de gauche\u00a0\u00bb, bien que\u00a0soutenue par l\u2019UDI, elle d\u00e9fend un projet pour la ville en cinq axes\u00a0: \u00ab\u00a0Plus s\u00fbre, plus propre, plus fluide, plus dynamique et \u00e0 l\u2019\u00e9coute de ses habitants\u00a0\u00bb.<\/p>\n<p>Serge Martin, d\u00e9clar\u00e9 candidat \u00e0 la rentr\u00e9e, a ralli\u00e9 le d\u00e9put\u00e9 <a href=\"https:\/\/www.midilibre.fr\/2025\/12\/17\/municipales-2026-a-montpellier-un-nouveau-sondage-tres-attendu-pour-eelv-et-jean-louis-roumegas-va-etre-devoile-13116919.php\" target=\"_blank\" rel=\"noopener\">Jean-Louis Roum\u00e9gas en d\u00e9cembre. Ce dernier, cr\u00e9dit\u00e9 de 7\u00a0% des intentions de vote, a obtenu l\u2019investiture d\u2019EELV<\/a> apr\u00e8s avoir repris le contr\u00f4le de la f\u00e9d\u00e9ration d\u00e9partementale. Ses coll\u00e8gues issus de la majorit\u00e9 municipale \u2013 Manu Reynaud, Marie Massart, St\u00e9phane Jouault, Fatma Nakib ou Bruno Paternot \u2013 ont \u00e9t\u00e9 soit exclus soit suspendus du parti. La <a href=\"https:\/\/www.midilibre.fr\/2025\/12\/09\/jet-de-gobelet-cheveux-tires-scene-improbable-entre-les-elues-ecologistes-marie-massart-et-coralie-mantion-lors-dun-rassemblement-a-montpellier-13100127.php\" target=\"_blank\" rel=\"noopener\">dispute improbable autour d\u2019un v\u00e9lo-cargo entre Coralie Mantion et Marie Massart<\/a>, en d\u00e9cembre, illustre bien la rupture id\u00e9ologique entre les deux camps. Un divorce qui fait \u00e9cho \u00e0 celui de 2020. Donn\u00e9e favorite dans un sondage command\u00e9 par son parti, Clothilde Ollier \u00e9tait d\u00e9barqu\u00e9e par les instances nationales quelques jours plus tard. Un v\u00e9ritable s\u00e9isme dans la campagne, symptomatique des dissidences internes chez les \u00e9cologistes montpelli\u00e9rains. Accus\u00e9e d\u2019\u00eatre une \u00e9colo \u00ab\u00a0past\u00e8que\u00a0\u00bb (vert \u00e0 l\u2019ext\u00e9rieur, rouge \u00e0 l\u2019int\u00e9rieur), Clothilde Ollier paie alors sa proximit\u00e9 avec les Insoumis.<\/p>\n<p>En 2026, la donne a chang\u00e9. La t\u00eate de liste LFI <a href=\"https:\/\/www.midilibre.fr\/2025\/12\/19\/municipales-2026-a-montpellier-ensemble-on-peut-battre-michael-delafosse-nathalie-oziol-lfi-tend-a-nouveau-la-main-a-jean-louis-roumegas-13121550.php\" target=\"_blank\" rel=\"noopener\">Nathalie Oziol\u00a0fait des appels du pied \u00e0 Jean-Louis Roum\u00e9gas qui se montre r\u00e9serv\u00e9<\/a>. La question du CSR, que ses d\u00e9tracteurs consid\u00e8rent comme un incin\u00e9rateur \u00e0 plastique et\u00a0d\u00e9fendu par Ren\u00e9 Revol au sein de la m\u00e9tropole, fait figure de\u00a0casus belli. Le candidat n\u2019a pas l\u2019intention de brader son ralliement. Quant \u00e0 la cheffe de file de l\u2019opposition pendant six ans, Alenka Doulain, elle fait campagne dans son coin, derri\u00e8re le nom rassembleur de \u00ab\u00a0Cause commune\u00a0\u00bb.<\/p>\n<p>Pas de candidat LR<\/p>\n<p>Faute de candidat LR (Alex Larue s\u2019\u00e9tait pr\u00e9sent\u00e9 avec cette \u00e9tiquette en 2020), c\u2019est sur le Rassemblement national que pourrait se porter l\u2019\u00e9lectorat de droite. <a href=\"https:\/\/www.midilibre.fr\/2026\/01\/10\/municipales-2026-a-montpellier-thierry-tsagalos-responsable-local-du-rn-se-declare-candidat-et-affiche-ses-ambitions-13153507.php\" target=\"_blank\" rel=\"noopener\">Thierry Tsagalos, cr\u00e9dit\u00e9 de 11\u00a0% dans le sondage Harris Interactive du Printemps montpelli\u00e9rain, vient tout juste de d\u00e9clarer sa candidature<\/a>. Mohed Altrad, confort\u00e9 par\u00a0un sondage sollicit\u00e9 en octobre dernier, semble pr\u00eat \u00e0 se jeter dans la course. Il multiplie les vid\u00e9os sur les r\u00e9seaux sociaux le pr\u00e9sentant \u00e0 son avantage. Une r\u00e9union publique, jeudi 15\u00a0janvier, est pr\u00e9vue au Di\u00e8ze en soir\u00e9e. Sa candidature ne fait d\u00e9sormais gu\u00e8re de doute. Avec Patricia Mirall\u00e8s \u00e0 ses c\u00f4t\u00e9s\u00a0? Ce n\u2019est pas exclu. Quant \u00e0 Philippe Saurel, qu\u2019une envie de retour aux affaires d\u00e9mange, il garde encore le suspense. L\u2019enjeu, \u00e0 pr\u00e9sent, sera de r\u00e9concilier les \u00e9lecteurs agac\u00e9s par l\u2019instabilit\u00e9 gouvernementale depuis la dissolution, l\u2019absence de vote du budget et l\u2019incertitude \u00e0 venir.<\/p>\n","protected":false},"excerpt":{"rendered":"Qualifi\u00e9e de \u00ab\u00a0baroque\u00a0\u00bb en 2020, la campagne pour les \u00e9lections municipales peine \u00e0 d\u00e9coller six ans plus tard.&hellip;\n","protected":false},"author":2,"featured_media":655887,"comment_status":"","ping_status":"","sticky":false,"template":"","format":"standard","meta":{"footnotes":""},"categories":[9599],"tags":[1111,11,5949,1777,674,1011,27,7089,2208,3434,12,2680,316,25],"class_list":{"0":"post-655886","1":"post","2":"type-post","3":"status-publish","4":"format-standard","5":"has-post-thumbnail","7":"category-montpellier","8":"tag-actu","9":"tag-actualites","10":"tag-elections","11":"tag-eu","12":"tag-europe","13":"tag-fr","14":"tag-france","15":"tag-herault","16":"tag-montpellier","17":"tag-municipales-2026","18":"tag-news","19":"tag-occitanie","20":"tag-politique","21":"tag-republique-francaise"},"share_on_mastodon":{"url":"https:\/\/pubeurope.com\/@fr\/115875915044162643","error":""},"_links":{"self":[{"href":"https:\/\/www.europesays.com\/fr\/wp-json\/wp\/v2\/posts\/655886","targetHints":{"allow":["GET"]}}],"collection":[{"href":"https:\/\/www.europesays.com\/fr\/wp-json\/wp\/v2\/posts"}],"about":[{"href":"https:\/\/www.europesays.com\/fr\/wp-json\/wp\/v2\/types\/post"}],"author":[{"embeddable":true,"href":"https:\/\/www.europesays.com\/fr\/wp-json\/wp\/v2\/users\/2"}],"replies":[{"embeddable":true,"href":"https:\/\/www.europesays.com\/fr\/wp-json\/wp\/v2\/comments?post=655886"}],"version-history":[{"count":0,"href":"https:\/\/www.europesays.com\/fr\/wp-json\/wp\/v2\/posts\/655886\/revisions"}],"wp:featuredmedia":[{"embeddable":true,"href":"https:\/\/www.europesays.com\/fr\/wp-json\/wp\/v2\/media\/655887"}],"wp:attachment":[{"href":"https:\/\/www.europesays.com\/fr\/wp-json\/wp\/v2\/media?parent=655886"}],"wp:term":[{"taxonomy":"category","embeddable":true,"href":"https:\/\/www.europesays.com\/fr\/wp-json\/wp\/v2\/categories?post=655886"},{"taxonomy":"post_tag","embeddable":true,"href":"https:\/\/www.europesays.com\/fr\/wp-json\/wp\/v2\/tags?post=655886"}],"curies":[{"name":"wp","href":"https:\/\/api.w.org\/{rel}","templated":true}]}}