{"id":655890,"date":"2026-01-11T10:09:09","date_gmt":"2026-01-11T10:09:09","guid":{"rendered":"https:\/\/www.europesays.com\/fr\/655890\/"},"modified":"2026-01-11T10:09:09","modified_gmt":"2026-01-11T10:09:09","slug":"accident-de-la-route-en-seine-maritime-un-jeune-homme-de-17-ans-gravement-blesse","status":"publish","type":"post","link":"https:\/\/www.europesays.com\/fr\/655890\/","title":{"rendered":"Accident de la route en Seine-Maritime, un jeune homme de 17 ans gravement bless\u00e9"},"content":{"rendered":"<p>                    Par<br \/>\n        <strong><br \/>\n            <a href=\"https:\/\/actu.fr\/auteur\/louise-boutard\" title=\"Consulter tous les articles de Louise Boutard\" target=\"_blank\" rel=\"noopener\">Louise Boutard<\/a><br \/>\n                    <\/strong><\/p>\n<p>        Publi\u00e9 le<\/p>\n<p>            11 janv. 2026 \u00e0 9h22        <\/p>\n<p>L\u2019accident semble avoir impliqu\u00e9 une seule personne. Samedi 10\u00a0janvier 2026, les secours ont \u00e9t\u00e9 appel\u00e9s vers 18\u2009h\u200930 suite \u00e0 un<strong> accident sur la d\u00e9partementale 5,<\/strong> au niveau de la commune de <a href=\"https:\/\/actu.fr\/normandie\/thiouville_76692\" target=\"_blank\" rel=\"noopener\">Thiouville<\/a>, pr\u00e8s d\u2019Yvetot.<\/p>\n<p>Un homme de 17\u00a0ans bless\u00e9 gravement<\/p>\n<p class=\" wall-content\">Le conducteur du v\u00e9hicule accident\u00e9 a d\u00fb \u00eatre <strong>d\u00e9sincarc\u00e9r\u00e9<\/strong>, il a \u00e9t\u00e9 <strong>bless\u00e9 gri\u00e8vement<\/strong>. \u00c2g\u00e9 de 17\u00a0ans, le jeune homme \u00e9tait seul \u00e0 bord de la voiture.<\/p>\n<p class=\" wall-content\">Apr\u00e8s une s\u00e9curisation des lieux, le jeune homme a pu \u00eatre pris en charge. Il a \u00e9t\u00e9 transport\u00e9 par<strong> l\u2019h\u00e9licopt\u00e8re vers le CHU (<\/strong>centre hospitalier universitaire) de Rouen, en \u00e9tat d\u2019urgence absolue vers 21\u2009h\u200930.<\/p>\n<p class=\" wall-content\">12 sapeurs-pompiers sont intervenus sur place, mais \u00e9galement <a href=\"https:\/\/actu.fr\/normandie\/etretat_76254\/dragon-76-equipe-aquatique-a-etretat-les-secours-viennent-en-aide-a-trois-nageurs-emportes-par-le-courant_63042493.html\" target=\"_blank\" rel=\"noopener\">l\u2019h\u00e9licopt\u00e8re Dragon 76,<\/a> la gendarmerie et les repr\u00e9sentants de la mairie.<\/p>\n<p>Suivez l\u2019actualit\u00e9 de Rouen sur <a href=\"https:\/\/www.whatsapp.com\/channel\/0029VaKfnf99hXF2ddApFB1D\" target=\"_blank\" rel=\"noopener\">notre cha\u00eene WhatsApp<\/a> et sur <a href=\"https:\/\/www.tiktok.com\/@76actu.fr?lang=fr\" target=\"_blank\" rel=\"noopener\">notre compte TikTok<\/a><\/p>\n<p class=\" wall-content\">Personnalisez votre actualit\u00e9 en ajoutant vos villes et m\u00e9dias en favori avec <a href=\"https:\/\/moncompte.actu.fr\" title=\"D\u00e9couvez Mon Actu\" rel=\"nofollow noopener\" data-trk=\"{&quot;cta&quot;:{&quot;action&quot;:&quot;https:\\\/\\\/moncompte.actu.fr&quot;,&quot;category&quot;:&quot;mon compte&quot;,&quot;from&quot;:&quot;article footer&quot;,&quot;name&quot;:&quot;Mon actu&quot;,&quot;type&quot;:&quot;cta&quot;}}\" target=\"_blank\">Mon Actu<\/a>.<\/p>\n<p>                    <script async src=\"\/\/www.tiktok.com\/embed.js\"><\/script><\/p>\n","protected":false},"excerpt":{"rendered":"Par Louise Boutard Publi\u00e9 le 11 janv. 2026 \u00e0 9h22 L\u2019accident semble avoir impliqu\u00e9 une seule personne. Samedi&hellip;\n","protected":false},"author":2,"featured_media":655891,"comment_status":"","ping_status":"","sticky":false,"template":"","format":"standard","meta":{"footnotes":""},"categories":[9587],"tags":[119,1111,11,1777,674,118,1011,27,3381,12,5161,1311,25,9590],"class_list":{"0":"post-655890","1":"post","2":"type-post","3":"status-publish","4":"format-standard","5":"has-post-thumbnail","7":"category-rouen","8":"tag-accident","9":"tag-actu","10":"tag-actualites","11":"tag-eu","12":"tag-europe","13":"tag-faits-divers","14":"tag-fr","15":"tag-france","16":"tag-gendarmerie","17":"tag-news","18":"tag-normandie","19":"tag-pompiers","20":"tag-republique-francaise","21":"tag-rouen"},"share_on_mastodon":{"url":"https:\/\/pubeurope.com\/@fr\/115875922816538928","error":""},"_links":{"self":[{"href":"https:\/\/www.europesays.com\/fr\/wp-json\/wp\/v2\/posts\/655890","targetHints":{"allow":["GET"]}}],"collection":[{"href":"https:\/\/www.europesays.com\/fr\/wp-json\/wp\/v2\/posts"}],"about":[{"href":"https:\/\/www.europesays.com\/fr\/wp-json\/wp\/v2\/types\/post"}],"author":[{"embeddable":true,"href":"https:\/\/www.europesays.com\/fr\/wp-json\/wp\/v2\/users\/2"}],"replies":[{"embeddable":true,"href":"https:\/\/www.europesays.com\/fr\/wp-json\/wp\/v2\/comments?post=655890"}],"version-history":[{"count":0,"href":"https:\/\/www.europesays.com\/fr\/wp-json\/wp\/v2\/posts\/655890\/revisions"}],"wp:featuredmedia":[{"embeddable":true,"href":"https:\/\/www.europesays.com\/fr\/wp-json\/wp\/v2\/media\/655891"}],"wp:attachment":[{"href":"https:\/\/www.europesays.com\/fr\/wp-json\/wp\/v2\/media?parent=655890"}],"wp:term":[{"taxonomy":"category","embeddable":true,"href":"https:\/\/www.europesays.com\/fr\/wp-json\/wp\/v2\/categories?post=655890"},{"taxonomy":"post_tag","embeddable":true,"href":"https:\/\/www.europesays.com\/fr\/wp-json\/wp\/v2\/tags?post=655890"}],"curies":[{"name":"wp","href":"https:\/\/api.w.org\/{rel}","templated":true}]}}