{"id":655903,"date":"2026-01-11T10:19:12","date_gmt":"2026-01-11T10:19:12","guid":{"rendered":"https:\/\/www.europesays.com\/fr\/655903\/"},"modified":"2026-01-11T10:19:12","modified_gmt":"2026-01-11T10:19:12","slug":"nice-cette-boite-de-nuit-fermee-du-jour-au-lendemain-des-travaux-necessaires","status":"publish","type":"post","link":"https:\/\/www.europesays.com\/fr\/655903\/","title":{"rendered":"Nice. Cette bo\u00eete de nuit ferm\u00e9e du jour au lendemain : \u00ab\u00a0des travaux\u00a0\u00bb n\u00e9cessaires"},"content":{"rendered":"<p>                    Par<br \/>\n        <strong><br \/>\n            <a href=\"https:\/\/actu.fr\/auteur\/ugo-maillard\" title=\"Consulter tous les articles de Ugo Maillard\" target=\"_blank\" rel=\"noopener\">Ugo Maillard<\/a><br \/>\n                    <\/strong><\/p>\n<p>        Publi\u00e9 le<\/p>\n<p>            11 janv. 2026 \u00e0 10h02        <\/p>\n<p>Le rideau est baiss\u00e9 depuis plusieurs semaines. Dans la rue tr\u00e8s passante, Cassini, qui permet de relier le port Lympia \u00e0 la place Garibaldi de <a href=\"https:\/\/actu.fr\/nice\/\" target=\"_blank\" rel=\"noopener\">Nice<\/a> (<a href=\"https:\/\/actu.fr\/provence-alpes-cote-d-azur\/alpes-maritimes_06\" target=\"_blank\" rel=\"noopener\">Alpes-Maritimes<\/a>), un \u00e9tablissement affiche portes closes.<\/p>\n<p>    <a href=\"https:\/\/www.google.com\/maps\/embed?pb=!1m18!1m12!1m3!1d2884.5103613750657!2d7.279521076532613!3d43.69994184940598!2m3!1f0!2f0!3f0!3m2!1i1024!2i768!4f13.1!3m3!1m2!1s0x12cddab976ca3137%3A0xda337fbae4805c84!2sRue%20Cassini%2C%2006300%20Nice!5e0!3m2!1sfr!2sfr!4v1767192713510!5m2!1sfr!2sfr\" title=\"Ouvrie le lien\" target=\"_blank\" rel=\"noopener\">Cliquez ici pour visualiser le contenu<\/a><\/p>\n<p class=\" wall-content\">Le mercredi 26\u00a0novembre 2025, les services de la maire de Nice ont prononc\u00e9 la fermeture administrative de l\u2019\u00e9tablissement du Blue Nice. Il s\u2019agit d\u2019une <strong>discoth\u00e8que<\/strong>. Depuis cette date, le lieu qui se pr\u00e9sente comme un Afrobeats Club \u00ab\u2009Chicha &amp; Ambiance\u2009\u00bb ne peut plus accueillir de clients.<\/p>\n<p>Une fermeture jusqu\u2019\u00e0 mise en conformit\u00e9<\/p>\n<p class=\" wall-content\">L\u2019\u00e9tablissement Blue Nice fait l\u2019objet d\u2019une <strong>fermeture administrative<\/strong> faisant suite au passage de la cellule d\u2019intervention mutualis\u00e9e.<\/p>\n<p class=\" wall-content\">Les services de la Ville de Nice indiquent que \u00ab\u2009le propri\u00e9taire va devoir proc\u00e9der \u00e0 des travaux pour remettre tout en conformit\u00e9 et pourra rouvrir d\u00e8s que cela sera le cas\u2009\u00bb.<\/p>\n<p class=\" wall-content\">Sollicit\u00e9e par la r\u00e9daction d\u2019<a href=\"https:\/\/actu.fr\/nice\/\" target=\"_blank\" rel=\"noopener\">actu Nice<\/a>, la bo\u00eete de nuit n\u2019a pas r\u00e9pondu.<\/p>\n<p class=\" wall-content\">Personnalisez votre actualit\u00e9 en ajoutant vos villes et m\u00e9dias en favori avec <a href=\"https:\/\/moncompte.actu.fr\" title=\"D\u00e9couvez Mon Actu\" rel=\"nofollow noopener\" data-trk=\"{&quot;cta&quot;:{&quot;action&quot;:&quot;https:\\\/\\\/moncompte.actu.fr&quot;,&quot;category&quot;:&quot;mon compte&quot;,&quot;from&quot;:&quot;article footer&quot;,&quot;name&quot;:&quot;Mon actu&quot;,&quot;type&quot;:&quot;cta&quot;}}\" target=\"_blank\">Mon Actu<\/a>.<\/p>\n","protected":false},"excerpt":{"rendered":"Par Ugo Maillard Publi\u00e9 le 11 janv. 2026 \u00e0 10h02 Le rideau est baiss\u00e9 depuis plusieurs semaines. Dans&hellip;\n","protected":false},"author":2,"featured_media":655904,"comment_status":"","ping_status":"","sticky":false,"template":"","format":"standard","meta":{"footnotes":""},"categories":[2819],"tags":[1111,11,1777,674,118,1011,27,12,2401,882,25,2086],"class_list":{"0":"post-655903","1":"post","2":"type-post","3":"status-publish","4":"format-standard","5":"has-post-thumbnail","7":"category-nice","8":"tag-actu","9":"tag-actualites","10":"tag-eu","11":"tag-europe","12":"tag-faits-divers","13":"tag-fr","14":"tag-france","15":"tag-news","16":"tag-nice","17":"tag-provence-alpes-cote-dazur","18":"tag-republique-francaise","19":"tag-travaux"},"share_on_mastodon":{"url":"https:\/\/pubeurope.com\/@fr\/115875962153526276","error":""},"_links":{"self":[{"href":"https:\/\/www.europesays.com\/fr\/wp-json\/wp\/v2\/posts\/655903","targetHints":{"allow":["GET"]}}],"collection":[{"href":"https:\/\/www.europesays.com\/fr\/wp-json\/wp\/v2\/posts"}],"about":[{"href":"https:\/\/www.europesays.com\/fr\/wp-json\/wp\/v2\/types\/post"}],"author":[{"embeddable":true,"href":"https:\/\/www.europesays.com\/fr\/wp-json\/wp\/v2\/users\/2"}],"replies":[{"embeddable":true,"href":"https:\/\/www.europesays.com\/fr\/wp-json\/wp\/v2\/comments?post=655903"}],"version-history":[{"count":0,"href":"https:\/\/www.europesays.com\/fr\/wp-json\/wp\/v2\/posts\/655903\/revisions"}],"wp:featuredmedia":[{"embeddable":true,"href":"https:\/\/www.europesays.com\/fr\/wp-json\/wp\/v2\/media\/655904"}],"wp:attachment":[{"href":"https:\/\/www.europesays.com\/fr\/wp-json\/wp\/v2\/media?parent=655903"}],"wp:term":[{"taxonomy":"category","embeddable":true,"href":"https:\/\/www.europesays.com\/fr\/wp-json\/wp\/v2\/categories?post=655903"},{"taxonomy":"post_tag","embeddable":true,"href":"https:\/\/www.europesays.com\/fr\/wp-json\/wp\/v2\/tags?post=655903"}],"curies":[{"name":"wp","href":"https:\/\/api.w.org\/{rel}","templated":true}]}}