{"id":655913,"date":"2026-01-11T10:25:15","date_gmt":"2026-01-11T10:25:15","guid":{"rendered":"https:\/\/www.europesays.com\/fr\/655913\/"},"modified":"2026-01-11T10:25:15","modified_gmt":"2026-01-11T10:25:15","slug":"axwell-annonce-au-poney-club-de-toulouse","status":"publish","type":"post","link":"https:\/\/www.europesays.com\/fr\/655913\/","title":{"rendered":"Axwell annonc\u00e9 au Poney Club de Toulouse"},"content":{"rendered":"<p>Le <a href=\"https:\/\/www.instagram.com\/poneyclubtoulouse\" target=\"_blank\" rel=\"noreferrer noopener\">Poney Club de Toulouse<\/a> continue doucement mais s\u00fbrement de d\u00e9voiler sa programmation 2026, et c\u2019est d\u2019ores et d\u00e9j\u00e0 du tr\u00e8s tr\u00e8s lourd. Apr\u00e8s avoir annonc\u00e9 <a href=\"https:\/\/www.guettapen.com\/2025\/12\/07\/hardwell-annonce-au-poney-club-de-toulouse-en-2026\/\" target=\"_blank\" rel=\"noreferrer noopener\">Hardwell<\/a>, Amelie Lens ou encore Carl Cox, le c\u00e9l\u00e8bre open air officialise la venue d\u2019Axwell pour le 18 juillet prochain. Un \u00e9norme coup pour le club toulousain, le Su\u00e9dois \u00e9tant extr\u00eamement rare sur le sol fran\u00e7ais. En warm up d\u2019Axwell, on retrouvera \u00e9videmment le r\u00e9sident Cabza, mais aussi le toulousain John Spano ou encore le membre de la team Guettapen Alex Wackii.<\/p>\n<p><img loading=\"lazy\" data-lazyloaded=\"1\" decoding=\"async\" width=\"819\" height=\"1024\" src=\"https:\/\/www.europesays.com\/fr\/wp-content\/uploads\/2026\/01\/180726-AXWELL-819x1024.png\" alt=\"Affiche promotionnelle soir\u00e9e Axwell au Poney Club\" class=\"wp-image-165472\"  data-\/><\/p>\n<p>Le club en plein air install\u00e9 sur le parking P3 de l\u2019a\u00e9roport Toulouse-Blagnac est devenu au fil des ann\u00e9es l\u2019un des spots incontournables de la f\u00eate \u00e9lectro dans le Sud-Ouest. Il est tout simplement le plus gros open air de France. L\u2019ann\u00e9e derni\u00e8re, on y a retrouv\u00e9 des artistes comme\u00a0<a href=\"https:\/\/www.guettapen.com\/2025\/07\/14\/eric-prydz-se-prepare-a-envouter-le-poney-club-de-toulouse\/\" target=\"_blank\" rel=\"noreferrer noopener\">Eric Prydz<\/a>,\u00a0<a href=\"https:\/\/www.guettapen.com\/2024\/12\/22\/le-poney-club-annonce-carl-cox-et-boris-brejcha-en-2025\/\" target=\"_blank\" rel=\"noreferrer noopener\">Carl Cox<\/a>,\u00a0<a href=\"https:\/\/www.guettapen.com\/2025\/07\/07\/guettapen-invite-chase-status-au-poney-club-de-toulouse\/\" target=\"_blank\" rel=\"noreferrer noopener\">Chase &amp; Status<\/a>\u00a0ou encore\u00a0<a href=\"https:\/\/www.guettapen.com\/2025\/04\/15\/le-poney-club-de-toulouse-boucle-sa-programmation-2025-avec-armin-van-buuren\/\" target=\"_blank\" rel=\"noreferrer noopener\">Armin van Buuren<\/a>.<\/p>\n<p><script async src=\"\/\/www.instagram.com\/embed.js\"><\/script><\/p>\n","protected":false},"excerpt":{"rendered":"Le Poney Club de Toulouse continue doucement mais s\u00fbrement de d\u00e9voiler sa programmation 2026, et c\u2019est d\u2019ores et&hellip;\n","protected":false},"author":2,"featured_media":655914,"comment_status":"","ping_status":"","sticky":false,"template":"","format":"standard","meta":{"footnotes":""},"categories":[2816],"tags":[1111,11,75852,1777,674,1011,27,12,2680,75853,25,2312],"class_list":{"0":"post-655913","1":"post","2":"type-post","3":"status-publish","4":"format-standard","5":"has-post-thumbnail","7":"category-toulouse","8":"tag-actu","9":"tag-actualites","10":"tag-axwell","11":"tag-eu","12":"tag-europe","13":"tag-fr","14":"tag-france","15":"tag-news","16":"tag-occitanie","17":"tag-poney-club","18":"tag-republique-francaise","19":"tag-toulouse"},"share_on_mastodon":{"url":"https:\/\/pubeurope.com\/@fr\/115875985671883176","error":""},"_links":{"self":[{"href":"https:\/\/www.europesays.com\/fr\/wp-json\/wp\/v2\/posts\/655913","targetHints":{"allow":["GET"]}}],"collection":[{"href":"https:\/\/www.europesays.com\/fr\/wp-json\/wp\/v2\/posts"}],"about":[{"href":"https:\/\/www.europesays.com\/fr\/wp-json\/wp\/v2\/types\/post"}],"author":[{"embeddable":true,"href":"https:\/\/www.europesays.com\/fr\/wp-json\/wp\/v2\/users\/2"}],"replies":[{"embeddable":true,"href":"https:\/\/www.europesays.com\/fr\/wp-json\/wp\/v2\/comments?post=655913"}],"version-history":[{"count":0,"href":"https:\/\/www.europesays.com\/fr\/wp-json\/wp\/v2\/posts\/655913\/revisions"}],"wp:featuredmedia":[{"embeddable":true,"href":"https:\/\/www.europesays.com\/fr\/wp-json\/wp\/v2\/media\/655914"}],"wp:attachment":[{"href":"https:\/\/www.europesays.com\/fr\/wp-json\/wp\/v2\/media?parent=655913"}],"wp:term":[{"taxonomy":"category","embeddable":true,"href":"https:\/\/www.europesays.com\/fr\/wp-json\/wp\/v2\/categories?post=655913"},{"taxonomy":"post_tag","embeddable":true,"href":"https:\/\/www.europesays.com\/fr\/wp-json\/wp\/v2\/tags?post=655913"}],"curies":[{"name":"wp","href":"https:\/\/api.w.org\/{rel}","templated":true}]}}