{"id":655916,"date":"2026-01-11T10:28:09","date_gmt":"2026-01-11T10:28:09","guid":{"rendered":"https:\/\/www.europesays.com\/fr\/655916\/"},"modified":"2026-01-11T10:28:09","modified_gmt":"2026-01-11T10:28:09","slug":"le-documentaire-humaniste-du-realisateur-marseillais-thomas-ellis-sur-les-mineurs-non-accompagnes","status":"publish","type":"post","link":"https:\/\/www.europesays.com\/fr\/655916\/","title":{"rendered":"le documentaire humaniste du r\u00e9alisateur marseillais Thomas Ellis sur les mineurs non accompagn\u00e9s"},"content":{"rendered":"<p><strong>Comment est n\u00e9 ce projet de suivre le destin de ces cinq adolescents venus d\u2019ailleurs pour construire une nouvelle vie \u00e0 Marseille\u00a0?<\/strong>&#13;\n<\/p>\n<p>Je suis marseillais. J\u2019ai v\u00e9cu quinze ans en Inde, o\u00f9 j\u2019\u00e9tais journaliste et producteur de reportages. Quand je suis revenu <a href=\"https:\/\/www.laprovence.com\/bouches-du-rhone\/marseille-13055\" target=\"_blank\" rel=\"noopener\">\u00e0 Marseille<\/a>, je me suis rendu compte que, lorsqu\u2019on parlait de migration, on parlait presque toujours des probl\u00e8mes. C\u2019est \u00e9videmment important et n\u00e9cessaire de parler des gens qui meurent en mer. Mais certains m\u00e9dias font parfois un amalgame limite entre immigration et d\u00e9linquance par exemple. Or, quand je rencontrais ces adolescents, je voyais des gens qui essayaient d\u2019apprendre une nouvelle langue, un m\u00e9tier, de tout faire pour \u00e9crire une nouvelle page de leur vie. Et j\u2019avais l\u2019impression que cela n\u2019\u00e9tait pas ou peu racont\u00e9. Fin 2019, j\u2019ai commenc\u00e9 \u00e0 contacter des associations, des foyers qui prennent en charge ces Mineurs non accompagn\u00e9s (MNA). Ils arrivent \u00e0 Marseille seuls, sans leurs parents, et font tout pour trouver leur place. Ce sont eux qui travaillent dans les boulangeries, les restaurants, les Ehpad\u2026 Et \u00e7a, on ne le raconte quasiment jamais. J\u2019ai trouv\u00e9 important de montrer cette r\u00e9alit\u00e9, de d\u00e9placer le regard et d&#8230;<\/p>\n","protected":false},"excerpt":{"rendered":"Comment est n\u00e9 ce projet de suivre le destin de ces cinq adolescents venus d\u2019ailleurs pour construire une&hellip;\n","protected":false},"author":2,"featured_media":655917,"comment_status":"","ping_status":"","sticky":false,"template":"","format":"standard","meta":{"footnotes":""},"categories":[2814],"tags":[5734,1111,11,12008,251,1190,1777,674,1011,27,24814,761,884,12,882,4233,25,9134,3585],"class_list":{"0":"post-655916","1":"post","2":"type-post","3":"status-publish","4":"format-standard","5":"has-post-thumbnail","7":"category-marseille","8":"tag-5734","9":"tag-actu","10":"tag-actualites","11":"tag-bien","12":"tag-culture","13":"tag-documentaire","14":"tag-eu","15":"tag-europe","16":"tag-fr","17":"tag-france","18":"tag-humaniste","19":"tag-marseillais","20":"tag-marseille","21":"tag-news","22":"tag-provence-alpes-cote-dazur","23":"tag-realisateur","24":"tag-republique-francaise","25":"tag-thomas","26":"tag-tout"},"share_on_mastodon":{"url":"https:\/\/pubeurope.com\/@fr\/115875997548687114","error":""},"_links":{"self":[{"href":"https:\/\/www.europesays.com\/fr\/wp-json\/wp\/v2\/posts\/655916","targetHints":{"allow":["GET"]}}],"collection":[{"href":"https:\/\/www.europesays.com\/fr\/wp-json\/wp\/v2\/posts"}],"about":[{"href":"https:\/\/www.europesays.com\/fr\/wp-json\/wp\/v2\/types\/post"}],"author":[{"embeddable":true,"href":"https:\/\/www.europesays.com\/fr\/wp-json\/wp\/v2\/users\/2"}],"replies":[{"embeddable":true,"href":"https:\/\/www.europesays.com\/fr\/wp-json\/wp\/v2\/comments?post=655916"}],"version-history":[{"count":0,"href":"https:\/\/www.europesays.com\/fr\/wp-json\/wp\/v2\/posts\/655916\/revisions"}],"wp:featuredmedia":[{"embeddable":true,"href":"https:\/\/www.europesays.com\/fr\/wp-json\/wp\/v2\/media\/655917"}],"wp:attachment":[{"href":"https:\/\/www.europesays.com\/fr\/wp-json\/wp\/v2\/media?parent=655916"}],"wp:term":[{"taxonomy":"category","embeddable":true,"href":"https:\/\/www.europesays.com\/fr\/wp-json\/wp\/v2\/categories?post=655916"},{"taxonomy":"post_tag","embeddable":true,"href":"https:\/\/www.europesays.com\/fr\/wp-json\/wp\/v2\/tags?post=655916"}],"curies":[{"name":"wp","href":"https:\/\/api.w.org\/{rel}","templated":true}]}}