{"id":655918,"date":"2026-01-11T10:29:11","date_gmt":"2026-01-11T10:29:11","guid":{"rendered":"https:\/\/www.europesays.com\/fr\/655918\/"},"modified":"2026-01-11T10:29:11","modified_gmt":"2026-01-11T10:29:11","slug":"pierre-le-roy-et-marseille-deja-une-histoire-damour","status":"publish","type":"post","link":"https:\/\/www.europesays.com\/fr\/655918\/","title":{"rendered":"Pierre Le Roy et Marseille, d\u00e9j\u00e0 une histoire d&rsquo;amour"},"content":{"rendered":"<p>Embarquer tout Marseille avec lui sur le Vend\u00e9e Globe 2028, c&rsquo;est l&rsquo;ambition de Pierre Le Roy, skipper \u00e2g\u00e9 de 41\u00a0ans. Natif de Dijon et sans vraiment de port d&rsquo;attache, il a choisi la cit\u00e9 phoc\u00e9enne assez naturellement. \u00ab\u00a0Une partie de mon \u00e9quipe est bas\u00e9e \u00e0 Marseille et on a rencontr\u00e9 des personnes qui nous ont donn\u00e9 envie de nous impliquer ici\u00a0\u00bb, explique ce m\u00e9t\u00e9orologue de profession.<\/p>\n<p>\u00ab\u00a0C&rsquo;\u00e9tait coh\u00e9rent de monter et construire ce projet ensemble, avec les acteurs marseillais aussi bien publics que priv\u00e9s. Et apr\u00e8s les Jeux olympiques, \u00e7a a vraiment du sens&#8230; Marseille est une ville maritime mais il reste beaucoup de choses \u00e0 faire. L&rsquo;id\u00e9e est de donner envie aux gens de se tourner vers la mer, de d\u00e9couvrir ce sport \u00e0 Marseille.\u00a0\u00bb<\/p>\n<p>Dans cette optique, plusieurs partenariats ont d\u00e9j\u00e0 \u00e9t\u00e9 nou\u00e9s. Notamment avec l&rsquo;\u00e9cole Nationale Sup\u00e9rieure Maritime et Aix-Marseille universit\u00e9, o\u00f9 conf\u00e9rences et diff\u00e9rentes interventions permettront d&rsquo;\u00e9changer avec les \u00e9tudiants. \u00ab\u00a0Je suis tr\u00e8s sensible \u00e0 ce que chacun ait dans la vie la chance de trouver sa place. Papa d&rsquo;une petite fille handicap\u00e9e de 10\u00a0ans, je suis admiratif des personnes qui l&rsquo;aident \u00e0 faire des progr\u00e8s chaque jour&#8230; L&rsquo;id\u00e9e est d&rsquo;ouvrir des portes dans l&rsquo;imaginaire des gens pour qu&rsquo;ils se disent pourquoi pas. J&rsquo;ai besoin de r\u00e9aliser mes r\u00eaves et envie que chacun puisse se r\u00e9aliser en trouvant une place qui est faite pour lui.\u00a0\u00bb<\/p>\n<p>Son r\u00eave \u00e0 lui, c&rsquo;est naviguer \u00e0 travers mers et oc\u00e9ans. Et c&rsquo;est sur le tard qu&rsquo;il a fini par larguer les amarres apr\u00e8s avoir \u00e9t\u00e9 le routeur en\u00a02015, sur la Solitaire du Figaro, d&rsquo;un certain Charlie Dalin, vainqueur du dernier Vend\u00e9e Globe. \u00ab\u00a0Il m&rsquo;a fait tomber la barri\u00e8re mentale. Petit, je tra\u00e7ais des travers\u00e9es sur la mappemonde lumineuse de ma table de nuit. La graine avait \u00e9t\u00e9 plant\u00e9e mais, pendant des ann\u00e9es, je n&rsquo;ai pas su comment l&rsquo;arroser. L\u00e0, je me suis rendu compte que ce n&rsquo;\u00e9tait pas si difficile que \u00e7a. Il fallait juste se lancer. Alors que la plupart de mes copains achetaient une maison, j&rsquo;ai alors achet\u00e9 un bateau.\u00a0\u00bb<\/p>\n<p>\u00ab\u00a0Je suis c\u00e2bl\u00e9 pour la comp\u00e9tition\u00a0\u00bb<\/p>\n<p>C&rsquo;\u00e9tait en\u00a02017. Et quatre ans plus tard, il remportait la Mini Transat dans la cat\u00e9gorie des prototypes. \u00ab\u00a0Je suis c\u00e2bl\u00e9 pour la comp\u00e9tition, c&rsquo;est \u00e7a qui me pousse\u00a0\u00bb, admet cet ing\u00e9nieur qui a fait de ses dix ann\u00e9es \u00e0 M\u00e9t\u00e9o France un v\u00e9ritable atout en pleine mer. \u00ab\u00a0Mon coach dit aussi que je suis une force tranquille, que j&rsquo;ai un moral stable et arrive \u00e0 garder la t\u00eate froide pour encaisser les diff\u00e9rents al\u00e9as.\u00a0\u00bb<\/p>\n<p>Apr\u00e8s quatre ann\u00e9es sur le circuit Mini 6.50 conclues par une victoire sur les Sables &#8211; Les A\u00e7ores &#8211; Les Sables en\u00a02022, il prend le virage de l&rsquo;Imoca. En tant que co-skipper\u00a0de Benjamin Ferre sur la Transat Jacques-Vabre 2023 mais avec d\u00e9j\u00e0 dans un coin de sa t\u00eate <a href=\"https:\/\/www.laprovence.com\/article\/sports\/49175703651589\/voile-et-si-pierre-le-roy-ramenait-un-jour-leverest-des-mers-a-marseille\" target=\"_blank\" rel=\"noopener\">le doux r\u00eave de prendre un jour le d\u00e9part de l&rsquo;Everest des mers<\/a>, tour du monde en solitaire sans escale et sans assistance.<\/p>\n<p>\u00ab\u00a0Une course longue avec beaucoup de strat\u00e9gie et \u00e9prouvante aussi bien physiquement que mentalement, c&rsquo;est l&rsquo;id\u00e9al pour moi. Cette course me fait r\u00eaver depuis tout petit et je suis tr\u00e8s enthousiaste car c&rsquo;est en mer o\u00f9 je me sens le plus \u00e9panoui.\u00a0\u00bb<\/p>\n<p>Tout pr\u00e8s du but, il esp\u00e8re pouvoir acheter prochainement le bateau (\u00e0 foils) qu&rsquo;il souhaite \u00e0 terme ramener \u00e0 Marseille pour embarquer dans tous les sens du terme les Marseillais avec lui.<\/p>\n","protected":false},"excerpt":{"rendered":"Embarquer tout Marseille avec lui sur le Vend\u00e9e Globe 2028, c&rsquo;est l&rsquo;ambition de Pierre Le Roy, skipper \u00e2g\u00e9&hellip;\n","protected":false},"author":2,"featured_media":655919,"comment_status":"","ping_status":"","sticky":false,"template":"","format":"standard","meta":{"footnotes":""},"categories":[2814],"tags":[5734,1111,11,75854,1442,1777,674,1011,27,937,884,12,11850,882,25,27659,60,96],"class_list":{"0":"post-655918","1":"post","2":"type-post","3":"status-publish","4":"format-standard","5":"has-post-thumbnail","7":"category-marseille","8":"tag-5734","9":"tag-actu","10":"tag-actualites","11":"tag-damour","12":"tag-deja","13":"tag-eu","14":"tag-europe","15":"tag-fr","16":"tag-france","17":"tag-histoire","18":"tag-marseille","19":"tag-news","20":"tag-pierre","21":"tag-provence-alpes-cote-dazur","22":"tag-republique-francaise","23":"tag-roy","24":"tag-sports","25":"tag-une"},"share_on_mastodon":{"url":"https:\/\/pubeurope.com\/@fr\/115876001484723966","error":""},"_links":{"self":[{"href":"https:\/\/www.europesays.com\/fr\/wp-json\/wp\/v2\/posts\/655918","targetHints":{"allow":["GET"]}}],"collection":[{"href":"https:\/\/www.europesays.com\/fr\/wp-json\/wp\/v2\/posts"}],"about":[{"href":"https:\/\/www.europesays.com\/fr\/wp-json\/wp\/v2\/types\/post"}],"author":[{"embeddable":true,"href":"https:\/\/www.europesays.com\/fr\/wp-json\/wp\/v2\/users\/2"}],"replies":[{"embeddable":true,"href":"https:\/\/www.europesays.com\/fr\/wp-json\/wp\/v2\/comments?post=655918"}],"version-history":[{"count":0,"href":"https:\/\/www.europesays.com\/fr\/wp-json\/wp\/v2\/posts\/655918\/revisions"}],"wp:featuredmedia":[{"embeddable":true,"href":"https:\/\/www.europesays.com\/fr\/wp-json\/wp\/v2\/media\/655919"}],"wp:attachment":[{"href":"https:\/\/www.europesays.com\/fr\/wp-json\/wp\/v2\/media?parent=655918"}],"wp:term":[{"taxonomy":"category","embeddable":true,"href":"https:\/\/www.europesays.com\/fr\/wp-json\/wp\/v2\/categories?post=655918"},{"taxonomy":"post_tag","embeddable":true,"href":"https:\/\/www.europesays.com\/fr\/wp-json\/wp\/v2\/tags?post=655918"}],"curies":[{"name":"wp","href":"https:\/\/api.w.org\/{rel}","templated":true}]}}