{"id":655920,"date":"2026-01-11T10:30:13","date_gmt":"2026-01-11T10:30:13","guid":{"rendered":"https:\/\/www.europesays.com\/fr\/655920\/"},"modified":"2026-01-11T10:30:13","modified_gmt":"2026-01-11T10:30:13","slug":"quand-peut-on-sinscrire-sur-les-listes-electorales-et-comment","status":"publish","type":"post","link":"https:\/\/www.europesays.com\/fr\/655920\/","title":{"rendered":"quand peut-on s&rsquo;inscrire sur les listes \u00e9lectorales et comment\u00a0?"},"content":{"rendered":"<p>                    Par<br \/>\n        <strong><br \/>\n            <a href=\"https:\/\/actu.fr\/auteur\/emma-ressegaire\" title=\"Consulter tous les articles de Emma Ressegaire\" target=\"_blank\" rel=\"noopener\">Emma Ressegaire<\/a><br \/>\n                    <\/strong><\/p>\n<p>        Publi\u00e9 le<\/p>\n<p>            11 janv. 2026 \u00e0 7h16        <\/p>\n<p>La bataille de la campagne des municipales bat son plein \u00e0 <a href=\"https:\/\/actu.fr\/auvergne-rhone-alpes\/lyon_69123\" target=\"_blank\" rel=\"noopener\">Lyon<\/a>. Signe que <strong>les \u00e9lections arrivent \u00e0 grands pas<\/strong>.<\/p>\n<p class=\" wall-content\">En effet, le scrutin municipal et le scrutin m\u00e9tropolitain de 2026 auront lieu <strong>les dimanches 15 et 22\u00a0mars<\/strong>. Mais pour pouvoir voter pour son candidat favori, il faut toutefois \u00eatre inscrit sur les listes \u00e9lectorales si cela n\u2019est pas d\u00e9j\u00e0 fait.<\/p>\n<p class=\" wall-content\">Les personnes qui doivent entreprendre des d\u00e9marches sont<strong> celles qui ont chang\u00e9 d\u2019adresse<\/strong> en venant vivre \u00e0 Lyon, celles qui auront 18\u00a0ans au plus tard la veille du scrutin, celles qui ont obtenu la nationalit\u00e9 fran\u00e7aise depuis les derni\u00e8res \u00e9lections municipales ou bien les ressortissants de l\u2019Union europ\u00e9enne nouvellement install\u00e9s dans la capitale des Gaules.<\/p>\n<p class=\" wall-content\">On vous explique comment vous inscrire, quels documents fournir et jusqu\u2019\u00e0 quand vous pouvez le faire.<\/p>\n<p>Conditions d\u2019inscriptions sur les listes \u00e9lectorales<\/p>\n<p class=\" wall-content\">Pour pouvoir s\u2019inscrire, il faut <strong>poss\u00e9der la nationalit\u00e9 fran\u00e7aise<\/strong>, avoir un document tel qu\u2019un passeport ou une carte d\u2019identit\u00e9 (en cours de validit\u00e9 ou p\u00e9rim\u00e9 depuis 5\u00a0ans maximum) qui en atteste et \u00eatre majeur au plus tard la veille du scrutin. Il est obligatoire \u00e9galement de jouir de ses droits civils et politiques.<\/p>\n<p class=\" wall-content\">Il faut \u00e9galement avoir un <strong>justificatif de domicile de moins de 3\u00a0mois<\/strong> (facture d\u2019\u00e9lectricit\u00e9, de gaz, d\u2019eau, de t\u00e9l\u00e9phone fixe ou d\u2019Internet, avis d\u2019imposition, etc).<\/p>\n<p class=\" wall-content\">Si vous remplissez ces conditions, rien de plus simple pour s\u2019inscrire.<\/p>\n<p>Votre r\u00e9gion, votre actu !<\/p>\n<p>Recevez chaque jour les infos qui comptent pour vous.<\/p>\n<p>\t<a href=\"https:\/\/actu.fr\/newsletter\" class=\"ac-btn ac-btn--corner ac-btn--medium ac-btn--blue800\" target=\"_blank\" rel=\"noopener\">S&rsquo;incrire<\/a><br \/>\nLes dates \u00e0 retenir<\/p>\n<p class=\" wall-content\">Les inscriptions sur les listes \u00e9lectorales peuvent se faire <strong>en ligne<\/strong> ou directement sur place \u00e0 la mairie ou encore par courrier.<\/p>\n<p class=\" wall-content\">Voici les dates limites pour s\u2019inscrire\u2009:<\/p>\n<ul class=\" wall-content\">\n<li><strong>Le mercredi 4\u00a0f\u00e9vrier jusqu\u2019\u00e0 minuit<\/strong> pour les inscriptions sur Internet\u2009: il suffit de se rendre sur le site du minist\u00e8re de l\u2019Int\u00e9rieur en cliquant sur <a href=\"https:\/\/www.authentification.service-public.fr\/auth\/realms\/service-public\/protocol\/openid-connect\/auth?client_id=dile&amp;scope=openid&amp;response_type=code&amp;code_challenge=w7MC1DN19bcMDSeczmVdGo-8yk6ZRudIBrbzn1_Btaw&amp;code_challenge_method=S256&amp;response_mode=fragment&amp;redirect_uri=https%3A%2F%2Fwww.inscriptionelectorale.service-public.fr%2Flogin&amp;nonce=test&amp;state=Lw%3D%3D\" target=\"_blank\" rel=\"noopener\">ce lien<\/a>.<\/li>\n<li><strong>Le vendredi 6\u00a0f\u00e9vrier jusqu\u2019\u00e0 17h30<\/strong> en mairie ou par courrier (la date de r\u00e9ception fait foi)\u2009: il suffit de se pr\u00e9senter dans sa mairie d\u2019arrondissement ou \u00e0 la mairie centrale. Attention, pour les inscriptions en mairie, un formulaire Cerfa n\u1d52 12669 de demande d\u2019inscription, disponible en mairie, est aussi demand\u00e9.<\/li>\n<\/ul>\n<p class=\" wall-content\">Pour rappel, le premier tour des \u00e9lections municipales et m\u00e9tropolitaines se tiendra le 15\u00a0mars 2026, le second une semaine plus tard, le 22\u00a0mars.<\/p>\n<p class=\" wall-content\">Personnalisez votre actualit\u00e9 en ajoutant vos villes et m\u00e9dias en favori avec <a href=\"https:\/\/moncompte.actu.fr\" title=\"D\u00e9couvez Mon Actu\" rel=\"nofollow noopener\" data-trk=\"{&quot;cta&quot;:{&quot;action&quot;:&quot;https:\\\/\\\/moncompte.actu.fr&quot;,&quot;category&quot;:&quot;mon compte&quot;,&quot;from&quot;:&quot;article footer&quot;,&quot;name&quot;:&quot;Mon actu&quot;,&quot;type&quot;:&quot;cta&quot;}}\" target=\"_blank\">Mon Actu<\/a>.<\/p>\n","protected":false},"excerpt":{"rendered":"Par Emma Ressegaire Publi\u00e9 le 11 janv. 2026 \u00e0 7h16 La bataille de la campagne des municipales bat&hellip;\n","protected":false},"author":2,"featured_media":655921,"comment_status":"","ping_status":"","sticky":false,"template":"","format":"standard","meta":{"footnotes":""},"categories":[1889],"tags":[1111,11,2430,4188,1777,674,1011,27,2428,3434,12,316,25],"class_list":{"0":"post-655920","1":"post","2":"type-post","3":"status-publish","4":"format-standard","5":"has-post-thumbnail","7":"category-lyon","8":"tag-actu","9":"tag-actualites","10":"tag-auvergne-rhone-alpes","11":"tag-elections-municipales","12":"tag-eu","13":"tag-europe","14":"tag-fr","15":"tag-france","16":"tag-lyon","17":"tag-municipales-2026","18":"tag-news","19":"tag-politique","20":"tag-republique-francaise"},"share_on_mastodon":{"url":"https:\/\/pubeurope.com\/@fr\/115876005382793561","error":""},"_links":{"self":[{"href":"https:\/\/www.europesays.com\/fr\/wp-json\/wp\/v2\/posts\/655920","targetHints":{"allow":["GET"]}}],"collection":[{"href":"https:\/\/www.europesays.com\/fr\/wp-json\/wp\/v2\/posts"}],"about":[{"href":"https:\/\/www.europesays.com\/fr\/wp-json\/wp\/v2\/types\/post"}],"author":[{"embeddable":true,"href":"https:\/\/www.europesays.com\/fr\/wp-json\/wp\/v2\/users\/2"}],"replies":[{"embeddable":true,"href":"https:\/\/www.europesays.com\/fr\/wp-json\/wp\/v2\/comments?post=655920"}],"version-history":[{"count":0,"href":"https:\/\/www.europesays.com\/fr\/wp-json\/wp\/v2\/posts\/655920\/revisions"}],"wp:featuredmedia":[{"embeddable":true,"href":"https:\/\/www.europesays.com\/fr\/wp-json\/wp\/v2\/media\/655921"}],"wp:attachment":[{"href":"https:\/\/www.europesays.com\/fr\/wp-json\/wp\/v2\/media?parent=655920"}],"wp:term":[{"taxonomy":"category","embeddable":true,"href":"https:\/\/www.europesays.com\/fr\/wp-json\/wp\/v2\/categories?post=655920"},{"taxonomy":"post_tag","embeddable":true,"href":"https:\/\/www.europesays.com\/fr\/wp-json\/wp\/v2\/tags?post=655920"}],"curies":[{"name":"wp","href":"https:\/\/api.w.org\/{rel}","templated":true}]}}