{"id":655922,"date":"2026-01-11T10:31:11","date_gmt":"2026-01-11T10:31:11","guid":{"rendered":"https:\/\/www.europesays.com\/fr\/655922\/"},"modified":"2026-01-11T10:31:11","modified_gmt":"2026-01-11T10:31:11","slug":"lyon-bar-salon-de-the-spa-quels-nouveaux-espaces-a-la-villa-florentine-le-palace-de-la-colline-de-fourviere","status":"publish","type":"post","link":"https:\/\/www.europesays.com\/fr\/655922\/","title":{"rendered":"Lyon. Bar, salon de th\u00e9, spa\u2026 Quels nouveaux espaces \u00e0 la Villa Florentine, le palace de la colline de Fourvi\u00e8re\u00a0?"},"content":{"rendered":"<p>Il va falloir attendre quelques mois pour les chanceux qui peuvent s\u2019offrir une nuit au palace ou un repas dans son restaurant gastronomique. Bauvallon Collection, qui a rachet\u00e9 la Villa Florentine d\u00e9but octobre, a d\u00e9cid\u00e9 de rafra\u00eechir l\u2019\u00e9tablissement. Les derniers clients ont \u00e9t\u00e9 accueillis le dernier week-end des vacances de No\u00ebl.<\/p>\n<p>Nouveau concept<\/p>\n<p>Le chantier va aussi permettre de proposer de nouveaux points de restauration, qui devraient s\u00e9duire de nouveaux clients. \u00ab\u00a0Nous allons cr\u00e9er un bistrot sous forme de comptoir, un bar style\u00a0speakeasy, mais aussi un salon de th\u00e9\u00a0\u00bb, d\u00e9taille Lucie&#8230;<\/p>\n","protected":false},"excerpt":{"rendered":"Il va falloir attendre quelques mois pour les chanceux qui peuvent s\u2019offrir une nuit au palace ou un&hellip;\n","protected":false},"author":2,"featured_media":655923,"comment_status":"","ping_status":"","sticky":false,"template":"","format":"standard","meta":{"footnotes":""},"categories":[1889],"tags":[1111,11,2430,4406,33,2757,1777,674,1011,27,2428,2756,12,25,2429],"class_list":{"0":"post-655922","1":"post","2":"type-post","3":"status-publish","4":"format-standard","5":"has-post-thumbnail","7":"category-lyon","8":"tag-actu","9":"tag-actualites","10":"tag-auvergne-rhone-alpes","11":"tag-commerce-et-services","12":"tag-economie","13":"tag-edition-lyon-villeurbanne","14":"tag-eu","15":"tag-europe","16":"tag-fr","17":"tag-france","18":"tag-lyon","19":"tag-lyon-bassin","20":"tag-news","21":"tag-republique-francaise","22":"tag-rhone"},"share_on_mastodon":{"url":"https:\/\/pubeurope.com\/@fr\/115876009258001970","error":""},"_links":{"self":[{"href":"https:\/\/www.europesays.com\/fr\/wp-json\/wp\/v2\/posts\/655922","targetHints":{"allow":["GET"]}}],"collection":[{"href":"https:\/\/www.europesays.com\/fr\/wp-json\/wp\/v2\/posts"}],"about":[{"href":"https:\/\/www.europesays.com\/fr\/wp-json\/wp\/v2\/types\/post"}],"author":[{"embeddable":true,"href":"https:\/\/www.europesays.com\/fr\/wp-json\/wp\/v2\/users\/2"}],"replies":[{"embeddable":true,"href":"https:\/\/www.europesays.com\/fr\/wp-json\/wp\/v2\/comments?post=655922"}],"version-history":[{"count":0,"href":"https:\/\/www.europesays.com\/fr\/wp-json\/wp\/v2\/posts\/655922\/revisions"}],"wp:featuredmedia":[{"embeddable":true,"href":"https:\/\/www.europesays.com\/fr\/wp-json\/wp\/v2\/media\/655923"}],"wp:attachment":[{"href":"https:\/\/www.europesays.com\/fr\/wp-json\/wp\/v2\/media?parent=655922"}],"wp:term":[{"taxonomy":"category","embeddable":true,"href":"https:\/\/www.europesays.com\/fr\/wp-json\/wp\/v2\/categories?post=655922"},{"taxonomy":"post_tag","embeddable":true,"href":"https:\/\/www.europesays.com\/fr\/wp-json\/wp\/v2\/tags?post=655922"}],"curies":[{"name":"wp","href":"https:\/\/api.w.org\/{rel}","templated":true}]}}