{"id":655926,"date":"2026-01-11T10:34:10","date_gmt":"2026-01-11T10:34:10","guid":{"rendered":"https:\/\/www.europesays.com\/fr\/655926\/"},"modified":"2026-01-11T10:34:10","modified_gmt":"2026-01-11T10:34:10","slug":"deux-cents-avocats-prennent-la-plume-pour-denoncer-la-venue-de-gerald-darmanin-au-barreau-de-paris","status":"publish","type":"post","link":"https:\/\/www.europesays.com\/fr\/655926\/","title":{"rendered":"Deux cents avocats prennent la plume pour d\u00e9noncer la venue de G\u00e9rald Darmanin au Barreau de Paris"},"content":{"rendered":"<p>                    Par<br \/>\n        <strong><br \/>\n            <a href=\"https:\/\/actu.fr\/auteur\/redaction-paris\" title=\"Consulter tous les articles de R\u00e9daction Paris\" target=\"_blank\" rel=\"noopener\">R\u00e9daction Paris<\/a><br \/>\n                    <\/strong><\/p>\n<p>        Publi\u00e9 le<\/p>\n<p>            11 janv. 2026 \u00e0 10h32        <\/p>\n<p>Les relations entre <a href=\"https:\/\/actu.fr\/tag\/gerald-darmanin\" target=\"_blank\" rel=\"noopener\">G\u00e9rald Darmanin<\/a> et les avocats ne sont pas au beau fixe. Nouvelle illustration de ces tensions \u00e0 l\u2019occasion de la c\u00e9r\u00e9monie des v\u0153ux du <a href=\"https:\/\/actu.fr\/ile-de-france\/paris_75056\/les-avocates-du-barreau-de-paris-ont-desormais-un-espace-reserve-pour-allaiter_61764380.html\" target=\"_blank\" rel=\"noopener\">Barreau de Paris<\/a>. Alors que le ministre de la Justice doit assister \u00e0 cet \u00e9v\u00e9nement organis\u00e9 le m\u00eame jour que l\u2019Assembl\u00e9e g\u00e9n\u00e9rale de l\u2019institution, ce mercredi 14\u00a0janvier 2026, <strong>160 avocats<\/strong> ont d\u00e9cid\u00e9 de prendre la plume pour <strong>d\u00e9noncer<\/strong> la pr\u00e9sence du garde des Sceaux, comme le rapporte <a href=\"https:\/\/www.bfmtv.com\/paris\/\" target=\"_blank\" rel=\"noopener\">BFMTV<\/a>.<\/p>\n<p>Nicolas Sarkozy, r\u00e9forme du syst\u00e8me judiciaire\u2026<\/p>\n<p class=\" wall-content\">Les repr\u00e9sentants de la d\u00e9fense de la loi estiment que sa venue serait \u00ab\u2009une <strong>insulte<\/strong> pour (leurs) robes\u2009\u00bb, rappelant l \u00ab\u2009ind\u00e9pendan(ce)\u2009\u00bb et le r\u00f4le \u00ab\u2009historique\u2009\u00bb du Barreau, qui r\u00e9unit plus de <strong>32\u2009000 avocats<\/strong> sur les 70\u2009000 que compte la France. En cause, selon eux, les diff\u00e9rentes prises de position de G\u00e9rald Darmanin.<\/p>\n<p class=\" wall-content\">Le ministre de la Justice s\u2019\u00e9tait notamment attir\u00e9 les foudres de la profession, en octobre\u00a02025, apr\u00e8s avoir fait savoir sur France Inter qu\u2019il <strong>rendrait visite<\/strong> \u00e0 <a href=\"https:\/\/actu.fr\/ile-de-france\/paris_75056\/entre-cohue-et-insultes-la-premiere-seance-de-dedicaces-de-nicolas-sarkozy-a-paris-cree-l-evenement_63560143.html\" target=\"_blank\" rel=\"noopener\">Nicolas Sarkozy<\/a>, condamn\u00e9 dans l\u2019affaire du financement libyen, en prison. Un <a href=\"https:\/\/actu.fr\/politique\/une-plainte-deposee-contre-gerald-darmanin-pour-prise-illegale-d-interets-pour-son-soutien-a-nicolas-sarkozy_63375600.html\" target=\"_blank\" rel=\"noopener\">collectif<\/a> avait m\u00eame d\u00e9pos\u00e9 une plainte pour prise ill\u00e9gale d\u2019int\u00e9r\u00eats.<\/p>\n<p class=\" wall-content\">Architecte d\u2019un <a href=\"https:\/\/actu.fr\/faits-divers\/violences-apres-le-sacre-du-psg-gerald-darmanin-veut-supprimer-le-sursis-et-imposer-une-peine-minimum_62719975.html\" target=\"_blank\" rel=\"noopener\">durcissement du syst\u00e8me judiciaire<\/a>, G\u00e9rald Darmanin est \u00e9galement dans le viseur des avocats en raison des propos tenus lorsqu\u2019il \u00e9tait ministre de l\u2019Int\u00e9rieur, comme le rappellent les signataires. En cause, une pr\u00e9sence \u00e0 une manifestation de policiers en 2021, qui associaient les probl\u00e8mes des forces de l\u2019ordre \u00e0 \u00ab\u2009la justice\u2009\u00bb.<\/p>\n<p class=\" wall-content\">Le courroux est vif dans la corporation. En t\u00e9moigne le <strong>refus<\/strong> de Me Camillla Quendolo de serrer la main du ministre en juillet\u00a02025 lorsque ce dernier \u00e9tait venu rendre visite \u00e0 la pr\u00e9fecture des Hauts-de-Seine \u00e0 Nanterre. Victime d\u2019un d\u00e9ferlement de haine en ligne dans la foul\u00e9e de ce geste, l\u2019avocate avait d\u00e9pos\u00e9 une <a href=\"https:\/\/actu.fr\/ile-de-france\/nanterre_92050\/nanterre-une-avocate-victime-de-cyberharcelement-apres-avoir-refuse-de-serrer-la-main-de-gerald-darmanin_62991848.html\" target=\"_blank\" rel=\"noopener\">plainte<\/a> pour cyberharc\u00e8lement et injures aggrav\u00e9es.<\/p>\n<p class=\" wall-content\">Personnalisez votre actualit\u00e9 en ajoutant vos villes et m\u00e9dias en favori avec <a href=\"https:\/\/moncompte.actu.fr\" title=\"D\u00e9couvez Mon Actu\" rel=\"nofollow noopener\" data-trk=\"{&quot;cta&quot;:{&quot;action&quot;:&quot;https:\\\/\\\/moncompte.actu.fr&quot;,&quot;category&quot;:&quot;mon compte&quot;,&quot;from&quot;:&quot;article footer&quot;,&quot;name&quot;:&quot;Mon actu&quot;,&quot;type&quot;:&quot;cta&quot;}}\" target=\"_blank\">Mon Actu<\/a>.<\/p>\n","protected":false},"excerpt":{"rendered":"Par R\u00e9daction Paris Publi\u00e9 le 11 janv. 2026 \u00e0 10h32 Les relations entre G\u00e9rald Darmanin et les avocats&hellip;\n","protected":false},"author":2,"featured_media":655927,"comment_status":"","ping_status":"","sticky":false,"template":"","format":"standard","meta":{"footnotes":""},"categories":[1888],"tags":[1111,1928,11,1927,1777,674,1011,27,432,303,12,1926,626,1925,25,104],"class_list":{"0":"post-655926","1":"post","2":"type-post","3":"status-publish","4":"format-standard","5":"has-post-thumbnail","7":"category-paris","8":"tag-actu","9":"tag-actu-paris","10":"tag-actualites","11":"tag-actualites-paris","12":"tag-eu","13":"tag-europe","14":"tag-fr","15":"tag-france","16":"tag-gerald-darmanin","17":"tag-justice","18":"tag-news","19":"tag-news-paris","20":"tag-paris","21":"tag-paris-news","22":"tag-republique-francaise","23":"tag-societe"},"share_on_mastodon":{"url":"https:\/\/pubeurope.com\/@fr\/115876021128519572","error":""},"_links":{"self":[{"href":"https:\/\/www.europesays.com\/fr\/wp-json\/wp\/v2\/posts\/655926","targetHints":{"allow":["GET"]}}],"collection":[{"href":"https:\/\/www.europesays.com\/fr\/wp-json\/wp\/v2\/posts"}],"about":[{"href":"https:\/\/www.europesays.com\/fr\/wp-json\/wp\/v2\/types\/post"}],"author":[{"embeddable":true,"href":"https:\/\/www.europesays.com\/fr\/wp-json\/wp\/v2\/users\/2"}],"replies":[{"embeddable":true,"href":"https:\/\/www.europesays.com\/fr\/wp-json\/wp\/v2\/comments?post=655926"}],"version-history":[{"count":0,"href":"https:\/\/www.europesays.com\/fr\/wp-json\/wp\/v2\/posts\/655926\/revisions"}],"wp:featuredmedia":[{"embeddable":true,"href":"https:\/\/www.europesays.com\/fr\/wp-json\/wp\/v2\/media\/655927"}],"wp:attachment":[{"href":"https:\/\/www.europesays.com\/fr\/wp-json\/wp\/v2\/media?parent=655926"}],"wp:term":[{"taxonomy":"category","embeddable":true,"href":"https:\/\/www.europesays.com\/fr\/wp-json\/wp\/v2\/categories?post=655926"},{"taxonomy":"post_tag","embeddable":true,"href":"https:\/\/www.europesays.com\/fr\/wp-json\/wp\/v2\/tags?post=655926"}],"curies":[{"name":"wp","href":"https:\/\/api.w.org\/{rel}","templated":true}]}}