{"id":655928,"date":"2026-01-11T10:35:11","date_gmt":"2026-01-11T10:35:11","guid":{"rendered":"https:\/\/www.europesays.com\/fr\/655928\/"},"modified":"2026-01-11T10:35:11","modified_gmt":"2026-01-11T10:35:11","slug":"direct-manifestations-en-iran-teheran-previent-quil-visera-larmee-et-le-transport-maritime-des-etats-unis-en-cas-dattaque","status":"publish","type":"post","link":"https:\/\/www.europesays.com\/fr\/655928\/","title":{"rendered":"DIRECT. Manifestations en Iran : T\u00e9h\u00e9ran pr\u00e9vient qu\u2019il visera l\u2019arm\u00e9e et le transport maritime des Etats-Unis en cas d\u2019attaque"},"content":{"rendered":"<p>Deux semaines de manifestations<\/p>\n<p>Samedi soir, selon les rares informations non-officielles qui sortent du pays, les Iraniens sont <a href=\"https:\/\/www.leparisien.fr\/international\/iran\/iran-les-manifestations-se-poursuivent-les-victimes-de-la-repression-sentasseraient-dans-les-hopitaux-11-01-2026-4IMPNNCA3ZFVFAS4NLQ4O6YFUY.php\" target=\"_blank\" rel=\"noopener\">de nouveau descendus<\/a> en masse dans les rues pour d\u00e9noncer le r\u00e9gime islamique.\u00a0<\/p>\n<p>Au lendemain de la condamnation sans compromis du Guide supr\u00eame iranien, qui a accus\u00e9 les manifestants de vouloir complaire \u00e0 Donald Trump, les forces de s\u00e9curit\u00e9 ont durci leur r\u00e9plique. Des m\u00e9decins et des t\u00e9moins font \u00e9tat de \u00ab corps empil\u00e9s \u00bb \u00e0 la morgue tant ils sont nombreux.\u00a0<\/p>\n<p>La contestation s&rsquo;est r\u00e9pandue dans le pays<\/p>\n<p>Le New York Times et le Wall Street Journal, citant des responsables am\u00e9ricains anonymes, ont indiqu\u00e9 hier soir que Trump avait \u00e9t\u00e9 <a href=\"https:\/\/www.leparisien.fr\/international\/israel\/manifestations-en-iran-vers-des-frappes-americaines-donald-trump-informe-des-options-11-01-2026-4IXUUIIZYRGLPIZGSSFQN35ESM.php\" target=\"_blank\" rel=\"noopener\">inform\u00e9 des options militaires<\/a> pour une frappe contre l\u2019Iran, mais qu\u2019aucune d\u00e9cision d\u00e9finitive n\u2019avait encore \u00e9t\u00e9 prise.<\/p>\n","protected":false},"excerpt":{"rendered":"Deux semaines de manifestations Samedi soir, selon les rares informations non-officielles qui sortent du pays, les Iraniens sont&hellip;\n","protected":false},"author":2,"featured_media":655929,"comment_status":"","ping_status":"","sticky":false,"template":"","format":"standard","meta":{"footnotes":""},"categories":[1888],"tags":[1111,1928,11,1927,74708,20507,1777,674,1011,27,12,1926,626,1925,25,58257,46570],"class_list":{"0":"post-655928","1":"post","2":"type-post","3":"status-publish","4":"format-standard","5":"has-post-thumbnail","7":"category-paris","8":"tag-actu","9":"tag-actu-paris","10":"tag-actualites","11":"tag-actualites-paris","12":"tag-civil-conflict","13":"tag-demonstrations","14":"tag-eu","15":"tag-europe","16":"tag-fr","17":"tag-france","18":"tag-news","19":"tag-news-paris","20":"tag-paris","21":"tag-paris-news","22":"tag-republique-francaise","23":"tag-riots","24":"tag-social-media"},"share_on_mastodon":{"url":"https:\/\/pubeurope.com\/@fr\/115876025083247049","error":""},"_links":{"self":[{"href":"https:\/\/www.europesays.com\/fr\/wp-json\/wp\/v2\/posts\/655928","targetHints":{"allow":["GET"]}}],"collection":[{"href":"https:\/\/www.europesays.com\/fr\/wp-json\/wp\/v2\/posts"}],"about":[{"href":"https:\/\/www.europesays.com\/fr\/wp-json\/wp\/v2\/types\/post"}],"author":[{"embeddable":true,"href":"https:\/\/www.europesays.com\/fr\/wp-json\/wp\/v2\/users\/2"}],"replies":[{"embeddable":true,"href":"https:\/\/www.europesays.com\/fr\/wp-json\/wp\/v2\/comments?post=655928"}],"version-history":[{"count":0,"href":"https:\/\/www.europesays.com\/fr\/wp-json\/wp\/v2\/posts\/655928\/revisions"}],"wp:featuredmedia":[{"embeddable":true,"href":"https:\/\/www.europesays.com\/fr\/wp-json\/wp\/v2\/media\/655929"}],"wp:attachment":[{"href":"https:\/\/www.europesays.com\/fr\/wp-json\/wp\/v2\/media?parent=655928"}],"wp:term":[{"taxonomy":"category","embeddable":true,"href":"https:\/\/www.europesays.com\/fr\/wp-json\/wp\/v2\/categories?post=655928"},{"taxonomy":"post_tag","embeddable":true,"href":"https:\/\/www.europesays.com\/fr\/wp-json\/wp\/v2\/tags?post=655928"}],"curies":[{"name":"wp","href":"https:\/\/api.w.org\/{rel}","templated":true}]}}