{"id":655934,"date":"2026-01-11T10:38:12","date_gmt":"2026-01-11T10:38:12","guid":{"rendered":"https:\/\/www.europesays.com\/fr\/655934\/"},"modified":"2026-01-11T10:38:12","modified_gmt":"2026-01-11T10:38:12","slug":"un-nombre-anormalement-eleve-pourquoi-la-russie-a-perdu-un-grand-nombre-de-generaux-depuis-le-debut-de-la-guerre-en-ukraine","status":"publish","type":"post","link":"https:\/\/www.europesays.com\/fr\/655934\/","title":{"rendered":"\u00ab\u00a0Un nombre anormalement \u00e9lev\u00e9\u00a0\u00bb\u00a0: pourquoi la Russie a perdu un grand nombre de g\u00e9n\u00e9raux depuis le d\u00e9but de la guerre en Ukraine"},"content":{"rendered":"<p class=\"ap-StoryElement ap-StoryElement--mb ap-StoryText\">Dans l&rsquo;analyse des donn\u00e9es, il s&rsquo;av\u00e8re que 6 168 officiers ont perdu la vie. Le projet de surveillance <a href=\"https:\/\/x.com\/KilledInUkraine?lang=fr\" target=\"_self\" rel=\"\">Killed in Ukraine<\/a> avance m\u00eame le chiffre de 7 495 officiers d\u00e9c\u00e9d\u00e9s depuis le d\u00e9but de l&rsquo;offensive. Parmi ceux-ci, le m\u00e9dia ind\u00e9pendant russe <a href=\"https:\/\/theins.ru\/news\/288179\" target=\"_self\" rel=\"noopener\">The Insider<\/a> a recens\u00e9 pas moins de 19 g\u00e9n\u00e9raux. Le pouvoir russe n&rsquo;a pas confirm\u00e9 tous ces d\u00e9c\u00e8s, de son c\u00f4t\u00e9.<\/p>\n<p><a href=\"https:\/\/www.dhnet.be\/actu\/monde\/2026\/01\/09\/un-escalade-inacceptable-les-occidentaux-haussent-le-ton-apres-le-tir-dun-missile-russe-orechnik-en-ukraine-PBG4CTGHLFECTAMG7LU7FZVPJQ\/\" target=\"_self\" class=\"ap-StoryInterstitialLink ap-StoryElement ap-StoryElement--mb\" rel=\"noopener\">\u00ab\u00a0Une escalade inacceptable\u00a0\u00bb: les Occidentaux haussent le ton apr\u00e8s le tir d&rsquo;un missile russe Orechnik en Ukraine<\/a><\/p>\n<p class=\"ap-StoryElement ap-StoryElement--mb ap-StoryText\">Il s&rsquo;agit \u00ab\u00a0d&rsquo;un nombre anormalement \u00e9lev\u00e9\u00a0\u00bb, selon des experts interrog\u00e9s. Les victimes sont des grad\u00e9s de l&rsquo;arm\u00e9e r\u00e9guli\u00e8re mais \u00e9galement des g\u00e9n\u00e9raux retrait\u00e9s qui ont repris du service sur base volontaire, notamment dans des organisations paramilitaires ou des unit\u00e9s d&rsquo;\u00e9lite comme Wagner ou Storm-Z.<\/p>\n<p class=\"ap-StoryElement ap-StoryElement--mb ap-StoryText\">Les d\u00e9c\u00e8s sont \u00e9galement vari\u00e9s selon The Insider. Si un certain nombre de g\u00e9n\u00e9raux sont d\u00e9c\u00e9d\u00e9s sur les champs de bataille, plusieurs sont \u00e9galement morts en dehors du front ces derniers mois. Plusieurs d&rsquo;entre eux ont succomb\u00e9 dans des frappes de missiles ou m\u00eame lors d&rsquo;op\u00e9rations de sabotage et d&rsquo;attentats \u00e0 la voiture pi\u00e9g\u00e9e perp\u00e9tr\u00e9s en territoire russe.<\/p>\n<p class=\"ap-StoryElement ap-StoryElement--mb ap-StoryText\">Alors pourquoi ce chiffre est si \u00e9lev\u00e9 ? Pour The Insider, le nombre important de g\u00e9n\u00e9raux tu\u00e9s depuis pr\u00e8s de quatre ans r\u00e9v\u00e8le plusieurs failles, notamment dans la s\u00e9curit\u00e9 int\u00e9rieure de la Russie. D&rsquo;autre part, cela montre \u00e9galement l&rsquo;obligation des g\u00e9n\u00e9raux de prendre des risques sur le front ukrainien pour pallier les probl\u00e8mes de communication et remonter le moral des troupes pr\u00e9sentes en premi\u00e8re ligne.<\/p>\n<p><a href=\"https:\/\/www.dhnet.be\/actu\/monde\/2026\/01\/08\/la-menace-de-la-russie-sur-une-potentielle-presence-occidentale-en-ukraine-ces-unites-seront-considerees-comme-des-cibles-militaires-legitimes-SVPYNXGURZBDJGHJOZYDLJ3QZM\/\" target=\"_self\" class=\"ap-StoryInterstitialLink ap-StoryElement ap-StoryElement--mb\" rel=\"noopener\">La menace de la Russie sur une potentielle pr\u00e9sence occidentale en Ukraine : \u00ab\u00a0Ces unit\u00e9s seront consid\u00e9r\u00e9es comme des cibles militaires l\u00e9gitimes\u00a0\u00bb<\/a><\/p>\n","protected":false},"excerpt":{"rendered":"Dans l&rsquo;analyse des donn\u00e9es, il s&rsquo;av\u00e8re que 6 168 officiers ont perdu la vie. Le projet de surveillance&hellip;\n","protected":false},"author":2,"featured_media":655935,"comment_status":"","ping_status":"","sticky":false,"template":"","format":"standard","meta":{"footnotes":""},"categories":[1591],"tags":[11,64303,35820,64304,18735,9504,15742,40236,64305,35342,64306,10104,5432,10350,29330,64307,64308,1887,27144,36943,20017,18038,8344,57483,57484,9518,39700,57487,64309,64310,5803,64311,12,1476,1885,37736,1886,132,64312,64313,22782,64314,64315,220,64316,57498,64317,4932,64318,64319,57499,64320],"class_list":{"0":"post-655934","1":"post","2":"type-post","3":"status-publish","4":"format-standard","5":"has-post-thumbnail","7":"category-russie","8":"tag-actualites","9":"tag-aggressive","10":"tag-army","11":"tag-assault","12":"tag-attack","13":"tag-background","14":"tag-battle","15":"tag-battlefield","16":"tag-border","17":"tag-brave","18":"tag-camouflage","19":"tag-close-up","20":"tag-combat","21":"tag-conflict","22":"tag-copy-space","23":"tag-counter","24":"tag-disguise","25":"tag-federation-de-russie","26":"tag-fight","27":"tag-fighter","28":"tag-force","29":"tag-forest","30":"tag-game","31":"tag-guard","32":"tag-gun","33":"tag-hand","34":"tag-holding","35":"tag-kill","36":"tag-looking","37":"tag-machine-gun","38":"tag-man","39":"tag-military","40":"tag-news","41":"tag-operation","42":"tag-russia","43":"tag-russian","44":"tag-russian-federation","45":"tag-russie","46":"tag-sniper","47":"tag-soldier","48":"tag-special","49":"tag-strategy","50":"tag-struggle","51":"tag-ukraine","52":"tag-ukrainian","53":"tag-uniform","54":"tag-unit","55":"tag-war","56":"tag-warfare","57":"tag-warrior","58":"tag-weapon","59":"tag-woodland"},"share_on_mastodon":{"url":"","error":"Validation failed: Text character limit of 500 exceeded"},"_links":{"self":[{"href":"https:\/\/www.europesays.com\/fr\/wp-json\/wp\/v2\/posts\/655934","targetHints":{"allow":["GET"]}}],"collection":[{"href":"https:\/\/www.europesays.com\/fr\/wp-json\/wp\/v2\/posts"}],"about":[{"href":"https:\/\/www.europesays.com\/fr\/wp-json\/wp\/v2\/types\/post"}],"author":[{"embeddable":true,"href":"https:\/\/www.europesays.com\/fr\/wp-json\/wp\/v2\/users\/2"}],"replies":[{"embeddable":true,"href":"https:\/\/www.europesays.com\/fr\/wp-json\/wp\/v2\/comments?post=655934"}],"version-history":[{"count":0,"href":"https:\/\/www.europesays.com\/fr\/wp-json\/wp\/v2\/posts\/655934\/revisions"}],"wp:featuredmedia":[{"embeddable":true,"href":"https:\/\/www.europesays.com\/fr\/wp-json\/wp\/v2\/media\/655935"}],"wp:attachment":[{"href":"https:\/\/www.europesays.com\/fr\/wp-json\/wp\/v2\/media?parent=655934"}],"wp:term":[{"taxonomy":"category","embeddable":true,"href":"https:\/\/www.europesays.com\/fr\/wp-json\/wp\/v2\/categories?post=655934"},{"taxonomy":"post_tag","embeddable":true,"href":"https:\/\/www.europesays.com\/fr\/wp-json\/wp\/v2\/tags?post=655934"}],"curies":[{"name":"wp","href":"https:\/\/api.w.org\/{rel}","templated":true}]}}