{"id":655946,"date":"2026-01-11T10:44:11","date_gmt":"2026-01-11T10:44:11","guid":{"rendered":"https:\/\/www.europesays.com\/fr\/655946\/"},"modified":"2026-01-11T10:44:11","modified_gmt":"2026-01-11T10:44:11","slug":"le-nobel-deconomie-philippe-aghion-appelle-lue-a-creer-un-marche-unique-des-capitaux-avec-des-pays-volontaires","status":"publish","type":"post","link":"https:\/\/www.europesays.com\/fr\/655946\/","title":{"rendered":"le Nobel d&rsquo;\u00c9conomie Philippe Aghion appelle l&rsquo;UE \u00e0 cr\u00e9er \u00ab\u00a0un march\u00e9 unique des capitaux\u00a0\u00bb avec des pays volontaires"},"content":{"rendered":"<p>Le fran\u00e7ais Philippe Aghion, prix Nobel d&rsquo;\u00c9conomie 2025, appelle \u00e0 cr\u00e9er un march\u00e9 unique des capitaux pour favoriser l&rsquo;innovation et relancer la productivit\u00e9 en Europe.<\/p>\n<p>\u00ab\u00a0La faiblesse de l&rsquo;Union europ\u00e9enne est ind\u00e9niable (&#8230;) mais la partie n&rsquo;est pas jou\u00e9e\u00a0\u00bb, estime Philippe Aghion, prix Nobel d&rsquo;\u00c9conomie 2025, dans La Tribune Dimanche, ce 11 janvier. L&rsquo;\u00e9conomiste, prim\u00e9 pour ses <a href=\"https:\/\/www.bfmtv.com\/economie\/economie-social\/video-nobel-d-economie-quelle-est-la-theorie-de-philippe-aghion_VN-202510140528.html\" title=\"Nobel d&#039;\u00e9conomie : quelle est la th\u00e9orie de Philippe Aghion ?\" class=\"internal_link\" target=\"_blank\" rel=\"noopener\">travaux sur la destruction cr\u00e9atrice<\/a>, plaide pour que l&rsquo;UE mise sur l&rsquo;innovation pour sortir de son d\u00e9crochage \u00e9conomique, notamment face aux \u00c9tats-Unis, dont le <a href=\"https:\/\/www.bfmtv.com\/economie\/replay-emissions\/good-morning-business\/video-le-debrief-de-l-actu-le-pib-americain-progresse-de-4-3-au-t3-24-12_VN-202512240211.html\" title=\"Le d\u00e9brief de l&#039;actu : Le PIB am\u00e9ricain progresse de 4,3% au T3 - 24\/12\" class=\"internal_link\" target=\"_blank\" rel=\"noopener\">taux de croissance a atteint 4,3% au troisi\u00e8me trimestre<\/a> contre 0,3% dans la zone euro.<\/p>\n<p>\u00ab\u00a0Encourager l&rsquo;innovation pour en devenir un acteur important est encore possible. Nous avons tous les atouts n\u00e9cessaires. Tant en France que dans l&rsquo;Union europ\u00e9enne. Notamment la capacit\u00e9 \u00e0 attirer des chercheurs, am\u00e9ricains en premier lieu (&#8230;) le retour en Europe d&rsquo;un <a href=\"https:\/\/www.bfmtv.com\/tech\/intelligence-artificielle\/beaucoup-de-gens-sont-partis-et-beaucoup-d-autres-vont-partir-yann-le-cun-l-un-des-peres-de-l-ia-revient-sur-son-depart-de-meta-et-en-dit-plus-sur-sa-future-start-up_AV-202601020450.html\" title=\"&quot;Beaucoup de gens sont partis, et beaucoup d&#039;autres vont partir&quot;: Yann Le Cun, l&#039;un des p\u00e8res de l&#039;IA, revient sur son d\u00e9part de Meta et en dit plus sur sa future start-up\" class=\"internal_link\" target=\"_blank\" rel=\"noopener\">chercheur de g\u00e9nie comme Yann Le Cun<\/a> est un signal positif\u00a0\u00bb, observe Philippe Aghion.<\/p>\n<blockquote class=\"embed embed_quote\"><p>Pour cela, l&rsquo;\u00e9conomiste estime que la France devrait d&rsquo;abord investir davantage dans la recherche et dans son syst\u00e8me \u00e9ducatif. \u00ab\u00a0Or, le budget de la recherche fondamentale est devenu une variable d&rsquo;ajustement, puisqu&rsquo;il subit des coupes dans le <a href=\"https:\/\/www.bfmtv.com\/economie\/economie-social\/finances-publiques\/nous-sommes-en-train-de-choisir-les-seniors-contre-les-jeunes-le-gouverneur-de-la-banque-de-france-redoute-un-etouffement-du-pays_AD-202601100250.html\" title=\"&quot;Nous sommes en train de choisir les seniors contre les jeunes&quot;: le gouverneur de la Banque de France redoute un &quot;\u00e9touffement&quot; du pays\" class=\"internal_link\" target=\"_blank\" rel=\"noopener\">projet de loi de finances<\/a> actuellement en discussion. C&rsquo;est exactement le contraire de la strat\u00e9gie n\u00e9cessaire\u00a0\u00bb, consid\u00e8re l&rsquo;\u00e9conomiste.<\/p><\/blockquote>\n<p>\u00ab\u00a0\u00c0 27, ce serait trop long et trop lourd\u00a0\u00bb<\/p>\n<p>Philippe Aghion imagine en outre une r\u00e9forme de l&rsquo;Union europ\u00e9enne, mettant en \u0153uvre les propositions formul\u00e9es par l&rsquo;ancien pr\u00e9sident de la Banque centrale europ\u00e9enne Mario Draghi, dans un <a href=\"https:\/\/www.bfmtv.com\/economie\/international\/continuer-comme-avant-c-est-nous-condamner-a-etre-relegues-un-an-apres-son-rapport-mario-draghi-se-desole-de-la-lenteur-de-l-ue-redresser-sa-competitivite_AD-202509160450.html\" title=\"&quot;Continuer comme avant, c&#039;est nous condamner \u00e0 \u00eatre rel\u00e9gu\u00e9s&quot;: un an apr\u00e8s son rapport, Mario Draghi se d\u00e9sole de la &quot;lenteur&quot; de l&#039;UE pour redresser sa comp\u00e9titivit\u00e9\" class=\"internal_link\" target=\"_blank\" rel=\"noopener\">rapport rendu en 2024<\/a>. \u00c0 commencer par la cr\u00e9ation d&rsquo;un <a href=\"https:\/\/www.bfmtv.com\/economie\/replay-emissions\/les-experts-du-soir\/l-ue-veut-accelerer-sur-le-marche-unique-21-05_VN-202505210770.html\" title=\"L&#039;UE veut acc\u00e9l\u00e9rer sur le march\u00e9 unique - 21\/05\" class=\"internal_link\" target=\"_blank\" rel=\"noopener\">march\u00e9 unique des capitaux<\/a>, dont la taille pourrait se rapprocher de celui des \u00c9tats-Unis.<\/p>\n<blockquote class=\"embed embed_quote\"><p>\u00ab\u00a0Il faut un march\u00e9 unique, mais en ne mobilisant que les pays volontaires. L&rsquo;envisager \u00e0 27 serait trop long et trop lourd. D&rsquo;autant plus que la politique europ\u00e9enne de la concurrence a jusqu&rsquo;ici emp\u00each\u00e9 toute politique industrielle. L&rsquo;Allemagne le souhaite. <a href=\"https:\/\/www.bfmtv.com\/economie\/video-pourquoi-la-suede-est-le-champion-europeen-de-la-bourse_VN-202512200205.html\" title=\"Pourquoi la Su\u00e8de est le champion europ\u00e9en de la Bourse\" class=\"internal_link\" target=\"_blank\" rel=\"noopener\">La Su\u00e8de aussi<\/a>. D&rsquo;autres pays peuvent les rejoindre. Une telle coalition permettrait d&rsquo;appliquer les mesures du rapport Draghi, mais uniquement avec les \u00c9tats membres favorables\u00a0\u00bb, estime Philippe Aghion.<\/p><\/blockquote>\n<p><img decoding=\"async\" src=\"https:\/\/www.europesays.com\/fr\/wp-content\/uploads\/2025\/09\/principale-77_1.jpg\"  alt=\"Philippe Aghion co-laur\u00e9at du Nobel d'\u00e9conomie \u2013 14\/10\" title=\"Philippe Aghion co-laur\u00e9at du Nobel d'\u00e9conomie \u2013 14\/10\"\/>Philippe Aghion co-laur\u00e9at du Nobel d&rsquo;\u00e9conomie \u2013 14\/10<\/p>\n<p>Ce dernier imagine \u00e0 terme \u00ab\u00a0un march\u00e9 unique de la tech, lui-m\u00eame financ\u00e9 par un march\u00e9 unique de capitaux et par des investisseurs institutionnels, comme c&rsquo;est d\u00e9j\u00e0 le cas en Su\u00e8de\u00a0\u00bb, et plaide pour s&rsquo;inspirer du Darpa, l&rsquo;agence am\u00e9ricaine charg\u00e9e de la recherche et du d\u00e9veloppement des technologies militaires.<\/p>\n","protected":false},"excerpt":{"rendered":"Le fran\u00e7ais Philippe Aghion, prix Nobel d&rsquo;\u00c9conomie 2025, appelle \u00e0 cr\u00e9er un march\u00e9 unique des capitaux pour favoriser&hellip;\n","protected":false},"author":2,"featured_media":460713,"comment_status":"","ping_status":"","sticky":false,"template":"","format":"standard","meta":{"footnotes":""},"categories":[1586],"tags":[11,1777,674,1779,1011,27,12,25,1778,364],"class_list":{"0":"post-655946","1":"post","2":"type-post","3":"status-publish","4":"format-standard","5":"has-post-thumbnail","7":"category-europe","8":"tag-actualites","9":"tag-eu","10":"tag-europe","11":"tag-european-union","12":"tag-fr","13":"tag-france","14":"tag-news","15":"tag-republique-francaise","16":"tag-ue","17":"tag-union-europeenne"},"share_on_mastodon":{"url":"https:\/\/pubeurope.com\/@fr\/115876060614924860","error":""},"_links":{"self":[{"href":"https:\/\/www.europesays.com\/fr\/wp-json\/wp\/v2\/posts\/655946","targetHints":{"allow":["GET"]}}],"collection":[{"href":"https:\/\/www.europesays.com\/fr\/wp-json\/wp\/v2\/posts"}],"about":[{"href":"https:\/\/www.europesays.com\/fr\/wp-json\/wp\/v2\/types\/post"}],"author":[{"embeddable":true,"href":"https:\/\/www.europesays.com\/fr\/wp-json\/wp\/v2\/users\/2"}],"replies":[{"embeddable":true,"href":"https:\/\/www.europesays.com\/fr\/wp-json\/wp\/v2\/comments?post=655946"}],"version-history":[{"count":0,"href":"https:\/\/www.europesays.com\/fr\/wp-json\/wp\/v2\/posts\/655946\/revisions"}],"wp:featuredmedia":[{"embeddable":true,"href":"https:\/\/www.europesays.com\/fr\/wp-json\/wp\/v2\/media\/460713"}],"wp:attachment":[{"href":"https:\/\/www.europesays.com\/fr\/wp-json\/wp\/v2\/media?parent=655946"}],"wp:term":[{"taxonomy":"category","embeddable":true,"href":"https:\/\/www.europesays.com\/fr\/wp-json\/wp\/v2\/categories?post=655946"},{"taxonomy":"post_tag","embeddable":true,"href":"https:\/\/www.europesays.com\/fr\/wp-json\/wp\/v2\/tags?post=655946"}],"curies":[{"name":"wp","href":"https:\/\/api.w.org\/{rel}","templated":true}]}}