{"id":655955,"date":"2026-01-11T10:50:09","date_gmt":"2026-01-11T10:50:09","guid":{"rendered":"https:\/\/www.europesays.com\/fr\/655955\/"},"modified":"2026-01-11T10:50:09","modified_gmt":"2026-01-11T10:50:09","slug":"ugo-mola-craint-vraiment-un-gamin-de-19-ans","status":"publish","type":"post","link":"https:\/\/www.europesays.com\/fr\/655955\/","title":{"rendered":"Ugo Mola craint vraiment un gamin de 19 ans"},"content":{"rendered":"<p>                    Par<br \/>\n        <strong><br \/>\n            <a href=\"https:\/\/actu.fr\/auteur\/clement-mazella\" title=\"Consulter tous les articles de Cl\u00e9ment Mazella\" target=\"_blank\" rel=\"noopener\">Cl\u00e9ment Mazella<\/a><br \/>\n                    <\/strong><\/p>\n<p>        Publi\u00e9 le<\/p>\n<p>            11 janv. 2026 \u00e0 8h00        <\/p>\n<p>\u00ab\u00a0Ce n\u2019est pas dans notre habitude de cibler plus un joueur qu\u2019un autre. Mais c\u2019est \u00e9vident qu\u2019il nous faudra prendre en compte la qualit\u00e9 de ce joueur-l\u00e0, et de l\u2019organisation autour\u00a0\u00bb. <a href=\"https:\/\/actu.fr\/tag\/ugo-mola\" target=\"_blank\" rel=\"noopener\">Ugo Mola<\/a> n\u2019aime pas forc\u00e9ment mettre en avant un adversaire plus qu\u2019un autre. Mais le manager de <a href=\"https:\/\/actu.fr\/tag\/stade-toulousain\" target=\"_blank\" rel=\"noopener\">Toulouse<\/a> reconna\u00eet que les <strong>Saracens<\/strong>, que son \u00e9quipe va affronter ce dimanche 11 janvier (18h30), disposent dans leurs rangs <strong>un vrai poison<\/strong>. Un gamin de 19 ans\u2026<\/p>\n<p>Toulouse se m\u00e9fie de Noah Caluori<\/p>\n<p class=\" wall-content\">Ce poison, il se nomme <strong>Noah Caluori<\/strong>. International U20 anglais, il dispute sa premi\u00e8re saison avec les Saracens. Et force est de reconna\u00eetre qu\u2019il est ph\u00e9nom\u00e9nal. Au niveau de l\u2019efficacit\u00e9, avec ses 9 essais en 9 matchs. Mais aussi dans le <strong>domaine a\u00e9rien<\/strong>.<\/p>\n<p class=\" wall-content\">\u00ab\u00a0C\u2019est le meilleur dans les airs en ce moment sur la sc\u00e8ne europ\u00e9enne. \u00c7a faisait longtemps que je n\u2019avais pas vu un gar\u00e7on prendre des ballons \u00e0 plus de 3,50m de haut\u00a0\u00bb, analyse Mola. Il faut dire que le jeune Caluori est bien aid\u00e9 avec son 1,94m.\u00a0<\/p>\n<p class=\" wall-content\">Un Caluori qui d\u00e9tonne au milieu d\u2019un effectif \u00ab\u00a0monstrueux\u00a0\u00bb dixit Mola, avec ses nombreux internationaux et Lions britanniques. \u00ab\u00a0Malgr\u00e9 les Itoje, Earl, Farrell et autres, il y a un joueur \u00e0 l\u2019aile qui est incroyable\u00a0\u00bb, appuie Mola. Et c\u2019est Noah Caluori.\u00a0<\/p>\n<p>Une sacr\u00e9e bataille dans les airs<\/p>\n<p class=\" wall-content\">Noah Caluori, c\u2019est un danger permanent dans ce rugby moderne o\u00f9 le jeu au pied haut de pression est de plus en plus pr\u00e9sent. \u00ab\u00a0On s\u2019attend \u00e0 ce que ce rugby pragmatique soit un gros rendez-vous pour nous dimanche\u00a0\u00bb, reconna\u00eet Mola. En gros, \u00e7a va arroser des chandelles.<\/p>\n<p class=\" wall-content\">\u00ab\u00a0Le jeu au pied de pression, on va en vivre au moins une vingtaine\u00a0\u00bb, poursuit le manager de Toulouse. Vu que des conditions tr\u00e8s humides sont annonc\u00e9es, comme il y a un mois lors de <a href=\"https:\/\/actu.fr\/occitanie\/toulouse_31555\/les-galactiques-hors-de-combat-la-presse-etrangere-etonnee-par-la-chute-de-toulouse_63574499.html\" target=\"_blank\" rel=\"noopener\">la d\u00e9faite \u00e0 Glasgow<\/a>, il faudra pour les Toulousains \u00eatre encore plus vigilants que d\u2019habitude, dans les airs, mais aussi \u00e0 la retomb\u00e9e des seconds ballons.<\/p>\n<p class=\" wall-content\">Mola, toujours. \u00ab\u00a0Caluori est souvent mis sur orbite avec les jeux au pied de Burke et Farrell. Mais Mallins et Daly sont aussi tr\u00e8s bons\u00a0\u00bb. Une explication tr\u00e8s certainement aux titularisations du grand Delibes (1,91m) et de Lebel dans les rangs toulousains sur les ailes.\u00a0<\/p>\n<p class=\" wall-content\">\n<p class=\" wall-content\">Personnalisez votre actualit\u00e9 en ajoutant vos villes et m\u00e9dias en favori avec <a href=\"https:\/\/moncompte.actu.fr\" title=\"D\u00e9couvez Mon Actu\" rel=\"nofollow noopener\" data-trk=\"{&quot;cta&quot;:{&quot;action&quot;:&quot;https:\\\/\\\/moncompte.actu.fr&quot;,&quot;category&quot;:&quot;mon compte&quot;,&quot;from&quot;:&quot;article footer&quot;,&quot;name&quot;:&quot;Mon actu&quot;,&quot;type&quot;:&quot;cta&quot;}}\" target=\"_blank\">Mon Actu<\/a>.<\/p>\n","protected":false},"excerpt":{"rendered":"Par Cl\u00e9ment Mazella Publi\u00e9 le 11 janv. 2026 \u00e0 8h00 \u00ab\u00a0Ce n\u2019est pas dans notre habitude de cibler&hellip;\n","protected":false},"author":2,"featured_media":655956,"comment_status":"","ping_status":"","sticky":false,"template":"","format":"standard","meta":{"footnotes":""},"categories":[1416],"tags":[3460,1089,1011,27,479,1468,60,476,1088],"class_list":{"0":"post-655955","1":"post","2":"type-post","3":"status-publish","4":"format-standard","5":"has-post-thumbnail","7":"category-rugby","8":"tag-champions-cup","9":"tag-coupe-deurope","10":"tag-fr","11":"tag-france","12":"tag-rugby","13":"tag-rugby-football","14":"tag-sports","15":"tag-stade-toulousain","16":"tag-ugo-mola"},"share_on_mastodon":{"url":"https:\/\/pubeurope.com\/@fr\/115876083997010827","error":""},"_links":{"self":[{"href":"https:\/\/www.europesays.com\/fr\/wp-json\/wp\/v2\/posts\/655955","targetHints":{"allow":["GET"]}}],"collection":[{"href":"https:\/\/www.europesays.com\/fr\/wp-json\/wp\/v2\/posts"}],"about":[{"href":"https:\/\/www.europesays.com\/fr\/wp-json\/wp\/v2\/types\/post"}],"author":[{"embeddable":true,"href":"https:\/\/www.europesays.com\/fr\/wp-json\/wp\/v2\/users\/2"}],"replies":[{"embeddable":true,"href":"https:\/\/www.europesays.com\/fr\/wp-json\/wp\/v2\/comments?post=655955"}],"version-history":[{"count":0,"href":"https:\/\/www.europesays.com\/fr\/wp-json\/wp\/v2\/posts\/655955\/revisions"}],"wp:featuredmedia":[{"embeddable":true,"href":"https:\/\/www.europesays.com\/fr\/wp-json\/wp\/v2\/media\/655956"}],"wp:attachment":[{"href":"https:\/\/www.europesays.com\/fr\/wp-json\/wp\/v2\/media?parent=655955"}],"wp:term":[{"taxonomy":"category","embeddable":true,"href":"https:\/\/www.europesays.com\/fr\/wp-json\/wp\/v2\/categories?post=655955"},{"taxonomy":"post_tag","embeddable":true,"href":"https:\/\/www.europesays.com\/fr\/wp-json\/wp\/v2\/tags?post=655955"}],"curies":[{"name":"wp","href":"https:\/\/api.w.org\/{rel}","templated":true}]}}