{"id":655959,"date":"2026-01-11T10:55:10","date_gmt":"2026-01-11T10:55:10","guid":{"rendered":"https:\/\/www.europesays.com\/fr\/655959\/"},"modified":"2026-01-11T10:55:10","modified_gmt":"2026-01-11T10:55:10","slug":"le-nouveau-president-du-comite-de-saint-martin-est-elu-actualite","status":"publish","type":"post","link":"https:\/\/www.europesays.com\/fr\/655959\/","title":{"rendered":"Le nouveau pr\u00e9sident du comit\u00e9 de Saint-Martin est \u00e9lu &#8211; Actualit\u00e9"},"content":{"rendered":"<p>Le comit\u00e9 territorial de cyclisme de Saint-Martin a r\u00e9uni ce samedi, \u00e0 Marigot, une assembl\u00e9e g\u00e9n\u00e9rale extraordinaire \u00e9lective pour \u00e9lire son nouveau pr\u00e9sident.<\/p>\n<p>Gilbert Rousseau &#8211; \u00e0 gauche sur la photo &#8211; a \u00e9t\u00e9 \u00e9lu Pr\u00e9sident. Il succ\u00e8de \u00e0 Eric H\u00e9lan, <a href=\"https:\/\/www.directvelo.com\/actualite\/125161\/un-president-de-comite-revoque\" target=\"_blank\" rel=\"noopener\"><strong>d\u00e9mis le 5 novembre dernier<\/strong><\/a>. Depuis, le comit\u00e9 territorial \u00e9tait <a href=\"https:\/\/www.directvelo.com\/actualite\/125885\/un-nouveau-role-pour-frederic-theobald\" target=\"_blank\" rel=\"noopener\"><strong>administr\u00e9 par Fr\u00e9d\u00e9ric Th\u00e9obald<\/strong><\/a>, pr\u00e9sident du Comit\u00e9 des \u00celes de Guadeloupe auquel sont rattach\u00e9s les clubs de Saint-Martin.\u00a0<\/p>\n","protected":false},"excerpt":{"rendered":"Le comit\u00e9 territorial de cyclisme de Saint-Martin a r\u00e9uni ce samedi, \u00e0 Marigot, une assembl\u00e9e g\u00e9n\u00e9rale extraordinaire \u00e9lective&hellip;\n","protected":false},"author":2,"featured_media":655960,"comment_status":"","ping_status":"","sticky":false,"template":"","format":"standard","meta":{"footnotes":""},"categories":[1411],"tags":[834,828,836,829,837,827,83,826,824,823,1154,207,814,817,815,816,822,821,832,211,839,1011,27,820,818,819,835,831,830,833,838,60,212,208,825],"class_list":{"0":"post-655959","1":"post","2":"type-post","3":"status-publish","4":"format-standard","5":"has-post-thumbnail","7":"category-cyclisme","8":"tag-attaque","9":"tag-belgique","10":"tag-braquet","11":"tag-bretagne","12":"tag-chute","13":"tag-competition","14":"tag-coupe-de-france","15":"tag-coureur","16":"tag-course-cyclisme","17":"tag-course-cycliste","18":"tag-cycling","19":"tag-cyclisme","20":"tag-direct","21":"tag-direct-velo","22":"tag-directvelo","23":"tag-directvelo-com","24":"tag-epreuve","25":"tag-epreuve-cycliste","26":"tag-federation-francaise-de-cyclisme","27":"tag-ffc","28":"tag-flandres","29":"tag-fr","30":"tag-france","31":"tag-live","32":"tag-live-course","33":"tag-live-epreuve","34":"tag-peloton","35":"tag-radio-peloton","36":"tag-radio-tour","37":"tag-ravitaillement","38":"tag-relance","39":"tag-sports","40":"tag-uci","41":"tag-velo","42":"tag-velos"},"share_on_mastodon":{"url":"https:\/\/pubeurope.com\/@fr\/115876103698929526","error":""},"_links":{"self":[{"href":"https:\/\/www.europesays.com\/fr\/wp-json\/wp\/v2\/posts\/655959","targetHints":{"allow":["GET"]}}],"collection":[{"href":"https:\/\/www.europesays.com\/fr\/wp-json\/wp\/v2\/posts"}],"about":[{"href":"https:\/\/www.europesays.com\/fr\/wp-json\/wp\/v2\/types\/post"}],"author":[{"embeddable":true,"href":"https:\/\/www.europesays.com\/fr\/wp-json\/wp\/v2\/users\/2"}],"replies":[{"embeddable":true,"href":"https:\/\/www.europesays.com\/fr\/wp-json\/wp\/v2\/comments?post=655959"}],"version-history":[{"count":0,"href":"https:\/\/www.europesays.com\/fr\/wp-json\/wp\/v2\/posts\/655959\/revisions"}],"wp:featuredmedia":[{"embeddable":true,"href":"https:\/\/www.europesays.com\/fr\/wp-json\/wp\/v2\/media\/655960"}],"wp:attachment":[{"href":"https:\/\/www.europesays.com\/fr\/wp-json\/wp\/v2\/media?parent=655959"}],"wp:term":[{"taxonomy":"category","embeddable":true,"href":"https:\/\/www.europesays.com\/fr\/wp-json\/wp\/v2\/categories?post=655959"},{"taxonomy":"post_tag","embeddable":true,"href":"https:\/\/www.europesays.com\/fr\/wp-json\/wp\/v2\/tags?post=655959"}],"curies":[{"name":"wp","href":"https:\/\/api.w.org\/{rel}","templated":true}]}}