{"id":655967,"date":"2026-01-11T11:00:17","date_gmt":"2026-01-11T11:00:17","guid":{"rendered":"https:\/\/www.europesays.com\/fr\/655967\/"},"modified":"2026-01-11T11:00:17","modified_gmt":"2026-01-11T11:00:17","slug":"ca-a-change-ma-vie-anouk-tres-emue-eliminee-aux-portes-des-demi-finales","status":"publish","type":"post","link":"https:\/\/www.europesays.com\/fr\/655967\/","title":{"rendered":"\u00ab\u00a0\u00c7a a chang\u00e9 ma vie\u00a0\u00bb\u2026 Anouk, tr\u00e8s \u00e9mue, \u00e9limin\u00e9e aux portes des demi-finales"},"content":{"rendered":"<p>Elle comptait parmi les favoris de cette saison de la \u00ab\u00a0<a href=\"https:\/\/www.20minutes.fr\/dossier\/star_academy\" class=\"c-link c-link--is-underlined\" target=\"_blank\" rel=\"noopener\">Star Academy<\/a>\u00a0\u00bb et pourtant Anouk a \u00e9t\u00e9 \u00e9limin\u00e9e \u00e0 l\u2019issue du prime diffus\u00e9 sur <a href=\"https:\/\/www.20minutes.fr\/dossier\/tf1\" class=\"c-link c-link--is-underlined\" target=\"_blank\" rel=\"noopener\">TF1<\/a> samedi soir. Sur la sellette face \u00e0 Victor, la jeune femme quitte l\u2019aventure aux portes de la demi-finale.<\/p>\n<p>\u00ab\u00a0Je suis tellement reconnaissante de tout ce que j\u2019ai v\u00e9cu ici, je suis arriv\u00e9e tellement fragile\u2026 Je repars toujours autant mais tellement plus forte aussi, <a href=\"https:\/\/www.tf1.fr\/tf1\/star-academy\/videos\/star-academy-2025-quel-eleve-a-ete-elimine-le-samedi-10-janvier-2025-61787315.html\" target=\"_blank\" class=\"c-link c-link--is-underlined\" rel=\"noopener\">a r\u00e9agi Anouk<\/a>. J\u2019ai trop h\u00e2te de rencontrer le public \u00e0 l\u2019ext\u00e9rieur. Je pense que c\u2019\u00e9tait mon moment aussi, vocalement j\u2019avais h\u00e2te de faire mes musiques et de partager des moments dans le vrai monde.\u00a0\u00bb<\/p>\n<\/p>\n<p>\u00ab\u00a0Le public belge fait partie de cette aventure\u00a0\u00bb<\/p>\n<p>Tr\u00e8s \u00e9mue, la jeune femme a expliqu\u00e9 avoir \u00ab\u00a0v\u00e9cu une exp\u00e9rience formidable\u00a0\u00bb. \u00ab\u00a0J\u2019ai tellement appris gr\u00e2ce \u00e0 vous, les profs, et j\u2019ai h\u00e2te de voir les prestations que j\u2019ai faites gr\u00e2ce \u00e0 vous. Merci \u00e0 cette aventure car \u00e7a a chang\u00e9 ma vie et j\u2019ai trop h\u00e2te de la suite\u00a0\u00bb, a-t-elle poursuivi. Malgr\u00e9 son \u00e9limination, elle participera toutefois \u00e0 la tourn\u00e9e de la promotion.<\/p>\n<p>Apr\u00e8s le verdict, <a href=\"https:\/\/www.20minutes.fr\/dossier\/nikos_aliagas\" class=\"c-link c-link--is-underlined\" target=\"_blank\" rel=\"noopener\">Nikos Aliagas<\/a> a pris la parole concernant l\u2019\u00e9limination de la candidate belge, tr\u00e8s appr\u00e9ci\u00e9e du public. \u00ab\u00a0Depuis tout \u00e0 l\u2019heure, je vois pas mal de choses sur les r\u00e9seaux sociaux qui disent\u00a0: \u00ab\u00a0Oui, mais le public belge ne pouvait pas voter ce soir\u00a0\u00bb. C\u2019est vrai. \u00c7a n\u2019enl\u00e8ve en rien \u00e0 la r\u00e9alit\u00e9 de cette \u00e9mission. Jusqu\u2019\u00e0 pr\u00e9sent, c\u2019\u00e9tait comme \u00e7a. \u00c7a ne d\u00e9pend pas de nous. Peut-\u00eatre qu\u2019un jour\u2026 Quoi qu\u2019il en soit, la Belgique, la culture belge, le public belge fait partie de cette aventure\u00a0\u00bb, a pr\u00e9cis\u00e9 l\u2019animateur.<\/p>\n<p>De son c\u00f4t\u00e9, sauv\u00e9 par le public, Victor s\u2019est dit \u00ab\u00a0extr\u00eamement touch\u00e9\u00a0\u00bb. \u00ab\u00a0\u00c7a va me donner beaucoup de force\u00a0\u00bb, a-t-il d\u00e9clar\u00e9.<\/p>\n<p>Six \u00e9l\u00e8ves \u00e9taient encore dans la comp\u00e9tition lors de cette soir\u00e9e suivie par pr\u00e8s de 3,15\u00a0millions de t\u00e9l\u00e9spectateurs, rapporte <a href=\"https:\/\/www.ozap.com\/actu\/audiences-le-lancement-de-ncis-tony-ziva-sur-m6-a-t-il-fait-de-lombre-a-la-star-academy-tf1-et-a-the-floor-france-2\/653114\" target=\"_blank\" class=\"c-link c-link--is-underlined\" rel=\"noopener\">Purem\u00e9dias<\/a>. Parmi eux, une \u00e9l\u00e8ve \u00e0 d\u00e9crocher sa place pour les demi-finales, il s\u2019agit de L\u00e9a, qui a remport\u00e9 l\u2019immunit\u00e9.<\/p>\n","protected":false},"excerpt":{"rendered":"Elle comptait parmi les favoris de cette saison de la \u00ab\u00a0Star Academy\u00a0\u00bb et pourtant Anouk a \u00e9t\u00e9 \u00e9limin\u00e9e&hellip;\n","protected":false},"author":2,"featured_media":655968,"comment_status":"","ping_status":"","sticky":false,"template":"","format":"standard","meta":{"footnotes":""},"categories":[1356],"tags":[58,59,1011,27,5095,8476,252,199,1364],"class_list":{"0":"post-655967","1":"post","2":"type-post","3":"status-publish","4":"format-standard","5":"has-post-thumbnail","7":"category-television","8":"tag-divertissement","9":"tag-entertainment","10":"tag-fr","11":"tag-france","12":"tag-star-academy","13":"tag-telecrochet","14":"tag-television","15":"tag-tf1","16":"tag-tv"},"share_on_mastodon":{"url":"https:\/\/pubeurope.com\/@fr\/115876123435446822","error":""},"_links":{"self":[{"href":"https:\/\/www.europesays.com\/fr\/wp-json\/wp\/v2\/posts\/655967","targetHints":{"allow":["GET"]}}],"collection":[{"href":"https:\/\/www.europesays.com\/fr\/wp-json\/wp\/v2\/posts"}],"about":[{"href":"https:\/\/www.europesays.com\/fr\/wp-json\/wp\/v2\/types\/post"}],"author":[{"embeddable":true,"href":"https:\/\/www.europesays.com\/fr\/wp-json\/wp\/v2\/users\/2"}],"replies":[{"embeddable":true,"href":"https:\/\/www.europesays.com\/fr\/wp-json\/wp\/v2\/comments?post=655967"}],"version-history":[{"count":0,"href":"https:\/\/www.europesays.com\/fr\/wp-json\/wp\/v2\/posts\/655967\/revisions"}],"wp:featuredmedia":[{"embeddable":true,"href":"https:\/\/www.europesays.com\/fr\/wp-json\/wp\/v2\/media\/655968"}],"wp:attachment":[{"href":"https:\/\/www.europesays.com\/fr\/wp-json\/wp\/v2\/media?parent=655967"}],"wp:term":[{"taxonomy":"category","embeddable":true,"href":"https:\/\/www.europesays.com\/fr\/wp-json\/wp\/v2\/categories?post=655967"},{"taxonomy":"post_tag","embeddable":true,"href":"https:\/\/www.europesays.com\/fr\/wp-json\/wp\/v2\/tags?post=655967"}],"curies":[{"name":"wp","href":"https:\/\/api.w.org\/{rel}","templated":true}]}}