{"id":655969,"date":"2026-01-11T11:01:10","date_gmt":"2026-01-11T11:01:10","guid":{"rendered":"https:\/\/www.europesays.com\/fr\/655969\/"},"modified":"2026-01-11T11:01:10","modified_gmt":"2026-01-11T11:01:10","slug":"sa-maison-secondaire-dans-lallier-en-auvergne","status":"publish","type":"post","link":"https:\/\/www.europesays.com\/fr\/655969\/","title":{"rendered":"sa maison secondaire dans l&rsquo;Allier en Auvergne"},"content":{"rendered":"<p class=\"p1\">L\u2019ann\u00e9e 2025 a \u00e9t\u00e9 riche pour <a href=\"https:\/\/www.lejournaldelamaison.fr\/le-journal-de-la-maison\/reportages-maisons\/maisons-reportages-maisons\/thierry-lhermitte-gilbert-montagne-jean-louis-murat-les-plus-belles-maisons-de-stars-en-auvergne-532500.html\" target=\"_blank\" rel=\"noopener\">Gilbert Montagn\u00e9<\/a>. En plus<br \/>\nd\u2019avoir souffl\u00e9 sa 74\u00e8me bougie entour\u00e9 de ses proches, l\u2019artiste a<br \/>\n\u00e9galement annonc\u00e9 la <strong>sortie d\u2019un nouvel album<\/strong>. Ce<br \/>\ndernier a d\u2019ores et d\u00e9j\u00e0 d\u00e9voil\u00e9 un premier extrait nomm\u00e9 \u00c7a<br \/>\nsert \u00e0 \u00e7a. Mais ce nouvel opus devrait arriver dans les bacs<br \/>\nau printemps prochain. Au cours de l\u2019ann\u00e9e qui s\u2019est r\u00e9cemment<br \/>\n\u00e9coul\u00e9e, le chanteur n\u2019a pas h\u00e9sit\u00e9 \u00e0 <strong>parcourir de nombreux<br \/>\nkilom\u00e8tres pour trouver l\u2019inspiration<\/strong>. Loin de la<br \/>\ncapitale, Gilbert Montagn\u00e9 a pos\u00e9 ses valises dans l\u2019Allier.<\/p>\n<p>L\u2019Allier est un d\u00e9partement cher au c\u0153ur de Gilbert<br \/>\nMontagn\u00e9<\/p>\n<p class=\"p1\">Le p\u00e8re de deux enfants ne cache pas <strong>une<br \/>\nattirance pour ce d\u00e9partement situ\u00e9 au c\u0153ur de l\u2019Auvergne<\/strong>.<br \/>\nEt pour cause\u2026 Gilbert Montagn\u00e9 a longtemps fait les allers-retours<br \/>\npour y voir certains membres de sa famille, dont sa grand-m\u00e8re.<br \/>\nCelle-ci a habit\u00e9 <strong>dans le village de Saint-L\u00e9on<\/strong><br \/>\ndurant plusieurs ann\u00e9es.<\/p>\n<p class=\"p1\">\u00ab\u00a0On prenait le train depuis Paris. Et puis<br \/>\napr\u00e8s fallait prendre le car. Et le car, il ne passait qu\u2019une fois<br \/>\npar jour, \u00e0 18h30. <strong>On arrivait \u00e0 l\u2019heure de la messe du<br \/>\nsoir<\/strong> puisqu\u2019il y avait les cloches qui<br \/>\ntintaient.\u00a0\u00bb, s\u2019est-il rem\u00e9mor\u00e9 au micro de France<br \/>\nBleu \u00e0 l\u2019occasion d\u2019une interview. Gr\u00e2ce \u00e0 ces souvenirs bien<br \/>\npr\u00e9cis, Gilbert Montagn\u00e9 a ensuite fait <strong>le choix de<br \/>\ns\u2019installer dans l\u2019Allier<\/strong>.<\/p>\n<p>Gilbert Montagn\u00e9 se rend r\u00e9guli\u00e8rement dans sa<br \/>\nmaison secondaire situ\u00e9e en Auvergne<\/p>\n<p class=\"p1\">L\u2019interpr\u00e8te des Sunlights des tropiques se<br \/>\nrappelle notamment du \u00ab\u00a0<strong>parfum de campagne<br \/>\nextraordinaire<\/strong>, un m\u00e9lange de bois qui br\u00fble dans les<br \/>\nchemin\u00e9es de clapiers aussi, l\u2019odeur des lapins, tout<br \/>\n\u00e7a\u00a0\u00bb, a-t-il aussi expliqu\u00e9. Aujourd\u2019hui, celui-ci a<br \/>\ninvesti dans une <a href=\"https:\/\/www.lejournaldelamaison.fr\/le-journal-de-la-maison\/reportages-maisons\/maisons-reportages-maisons\/jean-paul-rouve-vieille-habitation-incroyable-maison-vacances-dans-vaucluse-refuge-passe-etes-530735.html\" target=\"_blank\" rel=\"noopener\">maison de vacances nich\u00e9e dans cette<br \/>\nmagnifique zone<\/a> de l\u2019Hexagone. Ce qu\u2019il aime particuli\u00e8rement ?<br \/>\nLa <strong>nature environnante<\/strong>.<\/p>\n<p class=\"p1\">Gilbert Montagn\u00e9 a pass\u00e9 de <strong>nombreux s\u00e9jours<br \/>\nen Auvergne<\/strong> depuis qu\u2019il est tout petit. C\u2019est \u00e0 cette<br \/>\noccasion que l\u2019enfant qu\u2019il \u00e9tait il y a quelques ann\u00e9es a<br \/>\nd\u00e9couvert le monde. \u00ab\u00a0Les fermiers, ils n\u2019avaient jamais<br \/>\nvu de petits gar\u00e7ons non-voyants et <strong>ils m\u2019ont fait toucher<br \/>\nles animaux<\/strong>, ils m\u2019ont fait comprendre comment<br \/>\nc\u2019\u00e9tait.\u00a0\u00bb, a-t-il pr\u00e9cis\u00e9. L\u2019artiste a aussi \u00e9t\u00e9 marqu\u00e9<br \/>\npar les mets frais et de qualit\u00e9 qu\u2019il a pu go\u00fbter lorsqu\u2019il<br \/>\ns\u00e9journait <a href=\"https:\/\/www.lejournaldelamaison.fr\/le-journal-de-la-maison\/decoration-par-style\/industriel-et-vintage\/lampe-grand-mere-750euros-bonne-teinte-signature-524282.html\" target=\"_blank\" rel=\"noopener\">chez sa grand-m\u00e8re<\/a>.<\/p>\n<blockquote class=\"instagram-media\" style=\"background: #ffffff;border: 0;margin: 1px;width: 100%;padding: 0;max-width: 500px;\" data-instgrm-permalink=\"https:\/\/www.instagram.com\/p\/BUUvNT3A5KF\/\" data-instgrm-version=\"14\"\/><p>\nGilbert Montagn\u00e9 poss\u00e8de aussi un<br \/>\npied-\u00e0-terre \u00e0 Paris<\/p>\n<p class=\"p1\">En plus de sa maison secondaire, Gilbert Montagn\u00e9 a<br \/>\nachet\u00e9 un <a href=\"https:\/\/www.lejournaldelamaison.fr\/le-journal-de-la-maison\/reportages-maisons\/appartements\/gilbert-montagne-printemps-cest-lodeur-soleil-sur-rideaux-je-reconnais-odeur-depuis-petit-il-ouvre-porte-residence-privee-region-parisienne-mur-floral-bleu-tapis-rouge-canape-tartan-ecossais-beige-525480.html\" target=\"_blank\" rel=\"noopener\">appartement en plein Paris<\/a>, la<br \/>\nville o\u00f9 il est n\u00e9 en 1951. Ce lieu est aujourd\u2019hui charg\u00e9<br \/>\nd\u2019histoire <strong>gr\u00e2ce aux souvenirs et aux bibelots qu\u2019il y a<br \/>\naccumul\u00e9s au fil des ann\u00e9es<\/strong>. L\u2019endroit se d\u00e9marque<br \/>\nparticuli\u00e8rement gr\u00e2ce \u00e0 des <strong>\u00e9l\u00e9ments vintage<\/strong>,<br \/>\ncomme des murs floraux bleus, un tapis rouge et un canap\u00e9 en<br \/>\ntartan.<\/p>\n<p class=\"p1\">Comme l\u2019ont r\u00e9v\u00e9l\u00e9 nos confr\u00e8res d\u2019AD<br \/>\nMagazine, le chanteur poss\u00e8de \u00e9galement <strong>des pi\u00e8ces<br \/>\nplus contemporaines<\/strong>. Cette large diff\u00e9rence de style<br \/>\nt\u00e9moigne de son go\u00fbt pour l\u2019\u00e9clectisme, ainsi que du temps qui<br \/>\npasse. Gilbert Montagn\u00e9 a imagin\u00e9 <strong>une d\u00e9coration \u00e0 son<br \/>\nimage<\/strong>.<\/p>\n<p><script async src=\"\/\/www.instagram.com\/embed.js\"><\/script><\/p>\n","protected":false},"excerpt":{"rendered":"L\u2019ann\u00e9e 2025 a \u00e9t\u00e9 riche pour Gilbert Montagn\u00e9. En plus d\u2019avoir souffl\u00e9 sa 74\u00e8me bougie entour\u00e9 de ses&hellip;\n","protected":false},"author":2,"featured_media":655970,"comment_status":"","ping_status":"","sticky":false,"template":"","format":"standard","meta":{"footnotes":""},"categories":[1355],"tags":[6733,4154,11227,3226,41086,71294,1446,1805,58,3026,59,23021,1011,27,68002,75872,151,2142,21299,5324,1361,873,2298,3583,10649,75871,9066],"class_list":{"0":"post-655969","1":"post","2":"type-post","3":"status-publish","4":"format-standard","5":"has-post-thumbnail","7":"category-musique","8":"tag-auvergne","9":"tag-bois","10":"tag-brule","11":"tag-campagne","12":"tag-cheminees","13":"tag-clapiers","14":"tag-dans","15":"tag-de","16":"tag-divertissement","17":"tag-en","18":"tag-entertainment","19":"tag-extraordinaire","20":"tag-fr","21":"tag-france","22":"tag-gilbert","23":"tag-lallier","24":"tag-les","25":"tag-maison","26":"tag-melange","27":"tag-montagne","28":"tag-music","29":"tag-musique","30":"tag-parfum","31":"tag-qui","32":"tag-sa","33":"tag-secondaire","34":"tag-un"},"share_on_mastodon":{"url":"https:\/\/pubeurope.com\/@fr\/115876127553974448","error":""},"_links":{"self":[{"href":"https:\/\/www.europesays.com\/fr\/wp-json\/wp\/v2\/posts\/655969","targetHints":{"allow":["GET"]}}],"collection":[{"href":"https:\/\/www.europesays.com\/fr\/wp-json\/wp\/v2\/posts"}],"about":[{"href":"https:\/\/www.europesays.com\/fr\/wp-json\/wp\/v2\/types\/post"}],"author":[{"embeddable":true,"href":"https:\/\/www.europesays.com\/fr\/wp-json\/wp\/v2\/users\/2"}],"replies":[{"embeddable":true,"href":"https:\/\/www.europesays.com\/fr\/wp-json\/wp\/v2\/comments?post=655969"}],"version-history":[{"count":0,"href":"https:\/\/www.europesays.com\/fr\/wp-json\/wp\/v2\/posts\/655969\/revisions"}],"wp:featuredmedia":[{"embeddable":true,"href":"https:\/\/www.europesays.com\/fr\/wp-json\/wp\/v2\/media\/655970"}],"wp:attachment":[{"href":"https:\/\/www.europesays.com\/fr\/wp-json\/wp\/v2\/media?parent=655969"}],"wp:term":[{"taxonomy":"category","embeddable":true,"href":"https:\/\/www.europesays.com\/fr\/wp-json\/wp\/v2\/categories?post=655969"},{"taxonomy":"post_tag","embeddable":true,"href":"https:\/\/www.europesays.com\/fr\/wp-json\/wp\/v2\/tags?post=655969"}],"curies":[{"name":"wp","href":"https:\/\/api.w.org\/{rel}","templated":true}]}}