{"id":655973,"date":"2026-01-11T11:03:17","date_gmt":"2026-01-11T11:03:17","guid":{"rendered":"https:\/\/www.europesays.com\/fr\/655973\/"},"modified":"2026-01-11T11:03:17","modified_gmt":"2026-01-11T11:03:17","slug":"ce-nouveau-coupable-qui-pourrait-changer-notre-comprehension-de-la-maladie","status":"publish","type":"post","link":"https:\/\/www.europesays.com\/fr\/655973\/","title":{"rendered":"ce nouveau coupable qui pourrait changer notre compr\u00e9hension de la maladie"},"content":{"rendered":"<p>La d\u00e9mence, syndrome affectant la m\u00e9moire et les capacit\u00e9s cognitives, pourrait avoir un lien insoup\u00e7onn\u00e9 avec notre audition. Une \u00e9tude r\u00e9cente met en <a href=\"https:\/\/www.futura-sciences.com\/sciences\/definitions\/physique-lumiere-326\/\" target=\"_blank\" rel=\"noopener\">lumi\u00e8re<\/a> une corr\u00e9lation entre les <a href=\"https:\/\/www.futura-sciences.com\/sante\/dossiers\/medecine-bruit-effets-sante-259\/page\/4\/\" title=\"Troubles auditifs : mesure et causes\" target=\"_blank\" rel=\"noopener\">troubles auditifs<\/a> en environnement bruyant et le risque de d\u00e9velopper une d\u00e9mence. Cette d\u00e9couverte soul\u00e8ve des questions primordiales sur la <a href=\"https:\/\/www.futura-sciences.com\/planete\/definitions\/developpement-durable-prevention-6509\/\" target=\"_blank\" rel=\"noopener\">pr\u00e9vention<\/a> et la d\u00e9tection pr\u00e9coce de cette maladie qui touche des millions de personnes dans le monde.<\/p>\n<p>Les d\u00e9fis auditifs, un signal d&rsquo;alarme pour le cerveau ?<\/p>\n<p>L&rsquo;\u00e9tude men\u00e9e par l&rsquo;Universit\u00e9 d&rsquo;Oxford, et publi\u00e9e dans <a href=\"https:\/\/alz-journals.onlinelibrary.wiley.com\/doi\/10.1002\/alz.12416\" title=\"La d\u00e9ficience auditive due \u00e0 la parole dans le bruit est associ\u00e9e \u00e0 un risque accru de d\u00e9mence incidente chez 82 039 participants de la UK Biobank\" target=\"_blank\" rel=\"noopener\">Alzheimer&rsquo;s &amp; Dementia : The Journal of the Alzheimer&rsquo;s Association<\/a>,\u00a0a analys\u00e9 les donn\u00e9es de plus de 82\u202f000 participants \u00e2g\u00e9s de 60 ans et plus. Les chercheurs ont \u00e9valu\u00e9 leur capacit\u00e9 \u00e0 comprendre la parole dans un environnement sonore perturb\u00e9.<\/p>\n<p>Les r\u00e9sultats sont frappants :<\/p>\n<ul dir=\"ltr\">\n<li role=\"presentation\">un risque doubl\u00e9 de d\u00e9mence pour les personnes ayant une mauvaise audition ;<\/li>\n<li role=\"presentation\">50 % des participants avec une audition insuffisante n&rsquo;en avaient pas conscience ;<\/li>\n<li role=\"presentation\">une association persistante, m\u00eame apr\u00e8s prise en compte d&rsquo;autres facteurs de risque.<\/li>\n<\/ul>\n<p>Ces d\u00e9couvertes sugg\u00e8rent que les difficult\u00e9s auditives pourraient \u00eatre plus qu&rsquo;un simple sympt\u00f4me de la <a href=\"https:\/\/www.futura-sciences.com\/sante\/actualites\/demence-chercheurs-ont-detecte-signes-demence-jusqua-neuf-ans-avant-diagnostic-101327\/\" title=\"Des chercheurs ont d\u00e9tect\u00e9 des signes de d\u00e9mence jusqu&#039;\u00e0 neuf ans avant le diagnostic\" target=\"_blank\" rel=\"noopener\">d\u00e9mence<\/a>. Elles pourraient constituer un facteur de risque modifiable, offrant en cons\u00e9quence une nouvelle piste pour la pr\u00e9vention de cette maladie.<\/p>\n<p class=\"fs-media\">\n<p><img decoding=\"async\" data-imgid=\"full\" src=\"https:\/\/www.europesays.com\/fr\/wp-content\/uploads\/2026\/01\/audition-demence-alzheimer-.png\" width=\"1080\" height=\"720\" alt=\"\" loading=\"lazy\"\/><br \/>\nSurveillez votre audition : les scientifiques ont d\u00e9couvert\u00a0un nouvel indicateur qui pourrait signaler une\u00a0d\u00e9mence pr\u00e9coce.\u00a0\u00a9 Chinnapong, iStock<\/p>\n<p>Une relation complexe entre audition et cognition<\/p>\n<p>Thomas Littlejohns, \u00e9pid\u00e9miologiste et auteur principal de l&rsquo;\u00e9tude, souligne l&rsquo;int\u00e9r\u00eat croissant pour le lien entre d\u00e9ficience auditive et <a href=\"https:\/\/www.futura-sciences.com\/sante\/actualites\/demence-risque-demence-diminue-chez-seniors-utilisent-souvent-internet-105198\/\" title=\"Le risque de d\u00e9mence diminue chez les seniors qui utilisent souvent Internet\" target=\"_blank\" rel=\"noopener\">risque de d\u00e9mence<\/a>. Cette recherche s&rsquo;inscrit dans la continuit\u00e9 d&rsquo;un rapport de la revue <a href=\"https:\/\/www.thelancet.com\/journals\/lanpub\/article\/PIIS2468-2667(23)00048-8\/fulltext\" title=\"RETRACTED: Association between hearing aid use and all-cause and cause-specific dementia: an analysis of the UK Biobank cohort\" target=\"_blank\" rel=\"noopener\">The Lancet<\/a>, qui avait identifi\u00e9 la <a href=\"https:\/\/www.futura-sciences.com\/sante\/actualites\/audition-jeux-video-meta-analyse-alerte-risque-perte-auditive-permanente-111290\/\" title=\"Jeux vid\u00e9o : une m\u00e9ta-analyse alerte sur le risque de perte auditive permanente\" target=\"_blank\" rel=\"noopener\">perte auditive<\/a> comme l&rsquo;un des principaux facteurs de risque modifiables de la d\u00e9mence.<\/p>\n<p>Le tableau ci-dessous r\u00e9sume les principaux facteurs de risque modifiables de la d\u00e9mence :<\/p>\n<tr>\n<td>\n<p>Facteur de risque<\/p>\n<\/td>\n<td>\n<p>Impact potentiel<\/p>\n<\/td>\n<\/tr>\n<tr>\n<td>\n<p>Perte auditive<\/p>\n<\/td>\n<td>\n<p>Risque multipli\u00e9 par 5<\/p>\n<\/td>\n<\/tr>\n<tr>\n<td>\n<p>Tabagisme<\/p>\n<\/td>\n<td>\n<p>Risque accru<\/p>\n<\/td>\n<\/tr>\n<tr>\n<td>\n<p>Inactivit\u00e9 <a href=\"https:\/\/www.futura-sciences.com\/sciences\/definitions\/physique-physique-15839\/\" target=\"_blank\" rel=\"noopener\">physique<\/a><\/p>\n<\/td>\n<td>\n<p>Risque accru<\/p>\n<\/td>\n<\/tr>\n<tr>\n<td>\n<p>Isolement social<\/p>\n<\/td>\n<td>\n<p>Risque accru<\/p>\n<\/td>\n<\/tr>\n<p>Cette \u00e9tude apporte un \u00e9clairage nouveau en se concentrant sp\u00e9cifiquement sur la compr\u00e9hension de la parole dans un environnement bruyant, une situation courante dans notre vie quotidienne.<\/p>\n<p>Prot\u00e9ger son audition, pr\u00e9server son cerveau ?<\/p>\n<p>Les implications de cette recherche sont consid\u00e9rables. Si le lien causal entre troubles auditifs et d\u00e9mence se confirme, cela pourrait ouvrir la voie \u00e0 de nouvelles strat\u00e9gies de pr\u00e9vention. Katy Stubbs, neuroscientifique \u00e0 <a href=\"https:\/\/www.futura-sciences.com\/sante\/definitions\/medecine-maladie-alzheimer-3606\/\" target=\"_blank\" rel=\"noopener\">Alzheimer<\/a>&lsquo;s Research UK, souligne l&rsquo;importance de ces grandes \u00e9tudes pour identifier les facteurs de risque li\u00e9s \u00e0 la d\u00e9mence.<\/p>\n<p>Bien que l&rsquo;\u00e9tude ne puisse pas \u00e9tablir de lien de causalit\u00e9 direct, elle renforce l&rsquo;id\u00e9e que la protection auditive pourrait jouer un r\u00f4le crucial dans la pr\u00e9vention de la d\u00e9mence. Des mesures simples comme l&rsquo;utilisation de protections auditives dans les environnements bruyants ou le port d&rsquo;<a href=\"https:\/\/www.futura-sciences.com\/sante\/actualites\/audition-appareils-auditifs-pourraient-prevenir-demence-104821\/\" title=\"Les appareils auditifs pourraient pr\u00e9venir la d\u00e9mence\" target=\"_blank\" rel=\"noopener\">appareils auditifs<\/a> en cas de besoin pourraient potentiellement r\u00e9duire le risque de d\u00e9clin cognitif.<\/p>\n<p>Vers une d\u00e9tection pr\u00e9coce de la d\u00e9mence ?<\/p>\n<p>L&rsquo;un des aspects les plus prometteurs de cette \u00e9tude est la possibilit\u00e9 d&rsquo;utiliser les tests auditifs comme outil de d\u00e9pistage pr\u00e9coce de la d\u00e9mence. Par suite, les difficult\u00e9s \u00e0 comprendre la parole dans un environnement bruyant pourraient \u00eatre un signe avant-coureur du <a href=\"https:\/\/www.futura-sciences.com\/sante\/actualites\/vieillissement-retraite-favorise-t-elle-declin-cognitif-102818\/\" title=\"La retraite favorise-t-elle le d\u00e9clin cognitif ?\" target=\"_blank\" rel=\"noopener\">d\u00e9clin cognitif<\/a>, permettant une intervention plus rapide et potentiellement plus efficace.<\/p>\n<p>D&rsquo;un autre c\u00f4t\u00e9, les chercheurs appellent \u00e0 la prudence. Des <a href=\"https:\/\/www.futura-sciences.com\/sante\/definitions\/medecine-essai-clinique-3333\/\" target=\"_blank\" rel=\"noopener\">essais cliniques<\/a> suppl\u00e9mentaires seront n\u00e9cessaires pour confirmer ces r\u00e9sultats et d\u00e9terminer si l&rsquo;am\u00e9lioration de l&rsquo;audition peut effectivement r\u00e9duire le risque de d\u00e9mence. Cette \u00e9tude ouvre n\u00e9anmoins une voie prometteuse dans notre compr\u00e9hension et notre approche de la sant\u00e9 cognitive.<\/p>\n<p>Cette d\u00e9couverte souligne l&rsquo;importance de prendre soin de notre audition tout au long de notre vie. Elle nous rappelle que la sant\u00e9 de nos oreilles est intimement li\u00e9e \u00e0 celle de notre <a href=\"https:\/\/www.futura-sciences.com\/sante\/definitions\/biologie-cerveau-3125\/\" target=\"_blank\" rel=\"noopener\">cerveau<\/a>, offrant une nouvelle perspective sur la pr\u00e9vention de la d\u00e9mence.<\/p>\n","protected":false},"excerpt":{"rendered":"La d\u00e9mence, syndrome affectant la m\u00e9moire et les capacit\u00e9s cognitives, pourrait avoir un lien insoup\u00e7onn\u00e9 avec notre audition.&hellip;\n","protected":false},"author":2,"featured_media":655974,"comment_status":"","ping_status":"","sticky":false,"template":"","format":"standard","meta":{"footnotes":""},"categories":[10],"tags":[33251,18944,9372,231,286,281,14754,33252,1011,27,72,278,7081,33253,71,33250],"class_list":{"0":"post-655973","1":"post","2":"type-post","3":"status-publish","4":"format-standard","5":"has-post-thumbnail","7":"category-sante","8":"tag-appareil-auditif","9":"tag-audition","10":"tag-bruit","11":"tag-cerveau","12":"tag-declin-cognitif","13":"tag-demence","14":"tag-depistage","15":"tag-fonction-cognitive","16":"tag-fr","17":"tag-france","18":"tag-health","19":"tag-les-tendances","20":"tag-maladie-neurodegenerative","21":"tag-maladie-neurologique","22":"tag-sante","23":"tag-sante-auditive"},"share_on_mastodon":{"url":"https:\/\/pubeurope.com\/@fr\/115876135335445972","error":""},"_links":{"self":[{"href":"https:\/\/www.europesays.com\/fr\/wp-json\/wp\/v2\/posts\/655973","targetHints":{"allow":["GET"]}}],"collection":[{"href":"https:\/\/www.europesays.com\/fr\/wp-json\/wp\/v2\/posts"}],"about":[{"href":"https:\/\/www.europesays.com\/fr\/wp-json\/wp\/v2\/types\/post"}],"author":[{"embeddable":true,"href":"https:\/\/www.europesays.com\/fr\/wp-json\/wp\/v2\/users\/2"}],"replies":[{"embeddable":true,"href":"https:\/\/www.europesays.com\/fr\/wp-json\/wp\/v2\/comments?post=655973"}],"version-history":[{"count":0,"href":"https:\/\/www.europesays.com\/fr\/wp-json\/wp\/v2\/posts\/655973\/revisions"}],"wp:featuredmedia":[{"embeddable":true,"href":"https:\/\/www.europesays.com\/fr\/wp-json\/wp\/v2\/media\/655974"}],"wp:attachment":[{"href":"https:\/\/www.europesays.com\/fr\/wp-json\/wp\/v2\/media?parent=655973"}],"wp:term":[{"taxonomy":"category","embeddable":true,"href":"https:\/\/www.europesays.com\/fr\/wp-json\/wp\/v2\/categories?post=655973"},{"taxonomy":"post_tag","embeddable":true,"href":"https:\/\/www.europesays.com\/fr\/wp-json\/wp\/v2\/tags?post=655973"}],"curies":[{"name":"wp","href":"https:\/\/api.w.org\/{rel}","templated":true}]}}