{"id":655981,"date":"2026-01-11T11:07:08","date_gmt":"2026-01-11T11:07:08","guid":{"rendered":"https:\/\/www.europesays.com\/fr\/655981\/"},"modified":"2026-01-11T11:07:08","modified_gmt":"2026-01-11T11:07:08","slug":"soldes-dhiver-quels-centres-commerciaux-seront-ouverts-le-dimanche-11-janvier-2026-dans-les-bouches-du-rhone-la-provence","status":"publish","type":"post","link":"https:\/\/www.europesays.com\/fr\/655981\/","title":{"rendered":"Soldes d\u2019hiver : quels centres commerciaux seront ouverts le dimanche 11 janvier 2026 dans les Bouches-du-Rh\u00f4ne ? &#8211; La Provence"},"content":{"rendered":"<ol>\n<li><a href=\"https:\/\/news.google.com\/rss\/articles\/CBMi-gFBVV95cUxQRU8tajJ2ZFA0eDA3dkVSUlZhNU0zNHV4ZGNPT1YtUThmWUVnN24xaDMtVEZ0SFowd1pYVVdLMElDc1RPRjd2R1JYNFFFTWVpYUpqNzIwWmR4cmRacUprUUg5eGtqb0w0T1ViaEp6b2ZiUkU2TGNLMnBuOVZNYzJyQURIVFRZLWFUR3duSHFJcUtPYlh5Mndrc1IwM1VLQ3hyaE1fdEEtc0ZDZ3k1M3FkUVh2bDE5cHpPTDk2SFcwUnN1RkM2VHdZTmhqTFA4WmxubEJOZ1pza0o5NjB4LVVMcVRoenlPME5PbUMtRm5mcWgyVl9fXzU5STVn?oc=5\" target=\"_blank\" rel=\"noopener\">Soldes d\u2019hiver : quels centres commerciaux seront ouverts le dimanche 11 janvier 2026 dans les Bouches-du-Rh\u00f4ne ?<\/a>&nbsp;&nbsp;La Provence<\/li>\n<li><a href=\"https:\/\/news.google.com\/rss\/articles\/CBMi_gFBVV95cUxOUVR2SlVmbzBuVGI5eEk1Zm1uTnhRTnJiSWROdlJiSlFQajNzSklEQzhQcFRqR2dXUEx3UTdlbDRsc2NoUUlKUkhYY0JYdTNyY0ZGdTU5WVh4NHp5WmxuaWdkY1NqWjE5QUhuX1FvalpOOFNfMDhkS0hhSExjMWxFaExOd0IzSFZlTTdVaEdHV1BfS2pDaHYydXMzLWZrXzJIM1d1MW5RNlVkcVFfbHA0Q3JtdkZCZklPaFlTTUluZ2ppempFRXpHY08wWG1tdzlic2xVaW5mbGpjend1V3BrTVUyeFIzQ3BKR0V2M3RHUWQwajFsS2NPZ0FKNU42UQ?oc=5\" target=\"_blank\" rel=\"noopener\">\u00ab\u00a0La consommation dans les commerces durant ces p\u00e9riodes a \u00e9volu\u00e9\u00a0\u00bb : \u00e0 Narbonne, le d\u00e9but plus que timide des soldes d\u2019hiver<\/a>&nbsp;&nbsp;L&rsquo;Ind\u00e9pendant<\/li>\n<li><a href=\"https:\/\/news.google.com\/rss\/articles\/CBMiywFBVV95cUxPYjVyMHdfUTVJZVRXVUNfR29Odnk3RzFQeDZkOU93SVpySWl2SlEzY3g1ekRsdTNOMWtRQ0Z6czY5cFJnRE9BVVBEUHhHcEd4bjNxRHZBVmlBZWJkdG4ybUw1UFRHa1FTRE9FaXF0eHZoVDdJYV82aTIyV2RPOU1FaVJ5aW1TNmRDWk4zSlM5RHEza2p6RUI4R2NSN0JPdVNodEtWTFpYRzFBclZtTUZnaENsVnNNVEhzMmRmT2txeXFsMmgwMVBQVVphZw?oc=5\" target=\"_blank\" rel=\"noopener\">Premier dimanche des soldes : des boutiques et des centres commerciaux ouverts\u2026 mais pas tous<\/a>&nbsp;&nbsp;La Voix du Nord<\/li>\n<li><a href=\"https:\/\/news.google.com\/rss\/articles\/CBMiiwJBVV95cUxNaWI1OXZoNERsdERYRGhtMmF1SHBVUVBKNm5SX3Q5WUtwUlppN2xXUEwxa3dmaGNUaHRlLXZNTGg1Sy1oT29DbTN1RUhld21HZUp6VGF0V1c2bURtQnJJU1Y3VWNidWo1ajgxaTNUT3VhOFZFSVh5NU53TFRKZWR6VVJmX24ybk5IVklCa2c2X2J0aWxZUEtCVWdRYm5najk3Y2Q1WHhjZUppSmlkUjNlTnRidDU3RExIM2piR0phUGxnN0d3UmQtWjFfVGxIUGVPUGlBXzhBOXYteG9jd1AtbGZLcFd6bnd1TmpfN1pTQmJrbWFiajJ1SC1YQmhWbjltRTI3UUJOYmlSTms?oc=5\" target=\"_blank\" rel=\"noopener\">Nos principaux concurrents sont internet et Vinted \u00bb : comment les commerces de Pont-l\u2019Abb\u00e9 vivent les soldes d\u2019hiver<\/a>&nbsp;&nbsp;Le T\u00e9l\u00e9gramme<\/li>\n<li><a href=\"https:\/\/news.google.com\/rss\/articles\/CBMi-gFBVV95cUxPYnVlUTJDeUEzd2FMYmhYTl9SblhBSmQzWnYwQmZwellGaDlXdVFybnJBLUhVbGQ5UVhXalVtNUx0Z0hpdkpSYzBUQkxVWWh0MDFLazdGWnNFbnVKMmh2UmxLV3MwYUZiZzdQSC1SUmtiQ2FaOUo1X1MwWWJkTXhwWUMzR0FlZ1lmZW9TQThYbk5LRmVFMHBLNUtSbTExMHBrV0o4ZERVRlFXYzdvR1dPYWtKZjBDRG1Cb19CMUVBanM0OFI0QkdCbFFUUWZGVWNSTGphMnJLZFJURzdaTWZKVlpIWDN4R0RmY2VZcnZ6RXFsMlNYNE43bHZB?oc=5\" target=\"_blank\" rel=\"noopener\">Jusqu\u2019\u00e0 -70 % pour les soldes Darty 2026 : top 7 des meilleures ventes du week-end<\/a>&nbsp;&nbsp;Ouest-France<\/li>\n<\/ol>\n","protected":false},"excerpt":{"rendered":"Soldes d\u2019hiver : quels centres commerciaux seront ouverts le dimanche 11 janvier 2026 dans les Bouches-du-Rh\u00f4ne ?&nbsp;&nbsp;La Provence&hellip;\n","protected":false},"author":2,"featured_media":395849,"comment_status":"","ping_status":"","sticky":false,"template":"","format":"standard","meta":{"footnotes":""},"categories":[6],"tags":[35,33,34,1011,27],"class_list":{"0":"post-655981","1":"post","2":"type-post","3":"status-publish","4":"format-standard","5":"has-post-thumbnail","7":"category-economie","8":"tag-business","9":"tag-economie","10":"tag-economy","11":"tag-fr","12":"tag-france"},"share_on_mastodon":{"url":"https:\/\/pubeurope.com\/@fr\/115876150855967688","error":""},"_links":{"self":[{"href":"https:\/\/www.europesays.com\/fr\/wp-json\/wp\/v2\/posts\/655981","targetHints":{"allow":["GET"]}}],"collection":[{"href":"https:\/\/www.europesays.com\/fr\/wp-json\/wp\/v2\/posts"}],"about":[{"href":"https:\/\/www.europesays.com\/fr\/wp-json\/wp\/v2\/types\/post"}],"author":[{"embeddable":true,"href":"https:\/\/www.europesays.com\/fr\/wp-json\/wp\/v2\/users\/2"}],"replies":[{"embeddable":true,"href":"https:\/\/www.europesays.com\/fr\/wp-json\/wp\/v2\/comments?post=655981"}],"version-history":[{"count":0,"href":"https:\/\/www.europesays.com\/fr\/wp-json\/wp\/v2\/posts\/655981\/revisions"}],"wp:featuredmedia":[{"embeddable":true,"href":"https:\/\/www.europesays.com\/fr\/wp-json\/wp\/v2\/media\/395849"}],"wp:attachment":[{"href":"https:\/\/www.europesays.com\/fr\/wp-json\/wp\/v2\/media?parent=655981"}],"wp:term":[{"taxonomy":"category","embeddable":true,"href":"https:\/\/www.europesays.com\/fr\/wp-json\/wp\/v2\/categories?post=655981"},{"taxonomy":"post_tag","embeddable":true,"href":"https:\/\/www.europesays.com\/fr\/wp-json\/wp\/v2\/tags?post=655981"}],"curies":[{"name":"wp","href":"https:\/\/api.w.org\/{rel}","templated":true}]}}