{"id":655982,"date":"2026-01-11T11:08:09","date_gmt":"2026-01-11T11:08:09","guid":{"rendered":"https:\/\/www.europesays.com\/fr\/655982\/"},"modified":"2026-01-11T11:08:09","modified_gmt":"2026-01-11T11:08:09","slug":"en-direct-manifestations-en-iran-la-police-annonce-d-importantes-arrestations-le-parlement-menace-larmee-americaine-le-monde-fr","status":"publish","type":"post","link":"https:\/\/www.europesays.com\/fr\/655982\/","title":{"rendered":"EN DIRECT, manifestations en Iran : la police annonce d\u2019\u00ab importantes \u00bb arrestations, le parlement menace l\u2019arm\u00e9e am\u00e9ricaine &#8211; Le Monde.fr"},"content":{"rendered":"<ol>\n<li><a href=\"https:\/\/news.google.com\/rss\/articles\/CBMiwgJBVV95cUxOaGRlOGFuak1EdkJBOUhMQ21FSjFRSWJ1aUMxMEpjUWRXVm9BZHYxRGRJc2RzM3BDTi0zN3p1YW9JMk5zZFBuYWlBMzJUVXBjR3FTQmdUVm1ZMXFhSGJFbTAxX2M5bWg0QlVZejVVX21EQVBRMXJBS3VYN1pNbzV4NWV3X0puOXFUNnVxeGJlUHlaNm5hTzRpal9RN1Z6Wnp0OW1TRC1CYXU0MFV5UXBsZmhmMkZQWDBLZWROQTRTc3kxREI1dENBVW94YThqcEg1Z1p5VzIzN0h6NUh4R3RkTE5FWVdpTWZqNU5PZGdCU0RFNXVjd183REdXOFJaR0JEZS1MdFFWM2otY0VUaTlRNTJwS3ZmOUlHbW5RLVhYY2pvREhPbzQ4d0Z6VXRWVHdGSWYxUzJzWGpVeEtOS3djRmpB?oc=5\" target=\"_blank\" rel=\"noopener\">EN DIRECT, manifestations en Iran : la police annonce d\u2019\u00ab importantes \u00bb arrestations, le parlement menace l\u2019arm\u00e9e am\u00e9ricaine<\/a>&nbsp;&nbsp;Le Monde.fr<\/li>\n<li><a href=\"https:\/\/news.google.com\/rss\/articles\/CBMiwgFBVV95cUxOcjkwMU84dkNaVC1fOWZ3LVBCcDZYczY0NWFKU24xVlpJYklIZ2IyMWdBNXBaTXBYRnRoaEVSZjQyUVNqWmc0aEU2MzBtOXNjaFFoQS1Oa0NjNVBlRVpkX1JvM0g3RnBmSUNvR205aXNVY0hMUHBUcVRFUk9uX29hX0diVTMxVEp2RW9EV0FTMHBUVGZxSE50NWQ3MFBKel81dUVnVER3YWotZUczLWd5OWhMekFJNDlXNUFHMkoxbGJKZw?oc=5\" target=\"_blank\" rel=\"noopener\">Reza Pahlavi, l\u2019homme qui attise la r\u00e9volte en Iran<\/a>&nbsp;&nbsp;Le Monde.fr<\/li>\n<li><a href=\"https:\/\/news.google.com\/rss\/articles\/CBMiowJBVV95cUxQZVI0enpfeEM4dWFYbWpnOG5oVUhvcGgyMnlXejFpdzc5NjZhenE0OElqRHptYmZmMDhIX1lwTWU5OEU2bHlKS2RremNKQWJ2UEdYTjNRaXhQSmh6aVF2U1RIdzUxUy0tMDN3b05Sd1Z2dlRHRFc1VjBkVlh0U1NsSDJfaUdQTF9iSmw5emJNVlVXdnNpUjVJMUFFMUFjVDZKS3dxRkE1SW03UlhHa2VVaWZQb3JjSGJUazBoQmxydktCXy1YclNZZkwyNzFvQU9Nc3p5SmJLOUZkMlE3bFBpMDlpTGFlLURONURDMzluRnE4NW9xM0J2NWxxNzZJN0lCQlFSNFFkYldPX1RRYldnMWkwbjljNWRYVjJmb21ndDV2SU0?oc=5\" target=\"_blank\" rel=\"noopener\">Manifestations en Iran : la police annonce d'\u00a0\u00bbimportantes\u00a0\u00bb arrestations, le pr\u00e9sident du Parlement menace les \u00c9tats-Unis de repr\u00e9sailles en cas d&rsquo;attaque<\/a>&nbsp;&nbsp;RTL.fr<\/li>\n<li><a href=\"https:\/\/news.google.com\/rss\/articles\/CBMiuwFBVV95cUxOZVhTN1RuTFhYYWxDM1JOV1ZCTDVvcnVYN1VrN2tvZDdkTkpIalNqRlZ6bTJUQTZBSWZWdHlKOUh6SEVYa2Rsb1JKSjRoRzlRaUwxU1FOcWtoem5IdW5XS1lBdEpwY01MaThHRTJyZUFoeldRdGJOZTB2SFdsb0w3NFhkSE0wZFBjUUtHSlA2aEFLNTNEOVhLb0xWZHBNNFEydWVsb3o3VC1ic2xlWExSbDMyYk1wNEdTdFI0?oc=5\" target=\"_blank\" rel=\"noopener\">Face aux craintes d\u2019une r\u00e9pression f\u00e9roce, Trump brief\u00e9 pour frapper l\u2019Iran<\/a>&nbsp;&nbsp;20 Minutes<\/li>\n<li><a href=\"https:\/\/news.google.com\/rss\/articles\/CBMigAJBVV95cUxNclRMWWFERWk0WF96bW9tS2lhbzZaanFGNGJMQlJ3SHVVSDFQZkg0WXYyclpPTVFza3MwZzZ4RmU0Vlhyc1VxNmRObjRlWnRpSTJtbHlNdlI3bXZnTmVwaHNUUG80cG15MDcxbTJvcDVVNkpJeWZYdVE3dTUzTjBDa0dWMlpydU10b3phaDFWc0RVdjlzdkk1ZUprdldyV1ZUdmJ0SjdLNkgxZkZRVTByRVp6MDFTNDQ3c1lpYlFPa2s3Q2M5SDh6b1NuN1EybDdhaVMyQ1ZDdnRPaFJSdVdGY2xfS2FueG1yaTltX1hZR0VSaTVhbmQ2Qm41cnZhU0Q5?oc=5\" target=\"_blank\" rel=\"noopener\">En cas d\u2019attaque des \u00c9tats-Unis, l\u2019Iran ripostera : l\u2019avertissement du pr\u00e9sident du Parlement iranien<\/a>&nbsp;&nbsp;Ouest-France<\/li>\n<\/ol>\n","protected":false},"excerpt":{"rendered":"EN DIRECT, manifestations en Iran : la police annonce d\u2019\u00ab importantes \u00bb arrestations, le parlement menace l\u2019arm\u00e9e am\u00e9ricaine&nbsp;&nbsp;Le&hellip;\n","protected":false},"author":2,"featured_media":655983,"comment_status":"","ping_status":"","sticky":false,"template":"","format":"standard","meta":{"footnotes":""},"categories":[5],"tags":[11,1011,27,14,12,28],"class_list":{"0":"post-655982","1":"post","2":"type-post","3":"status-publish","4":"format-standard","5":"has-post-thumbnail","7":"category-international","8":"tag-actualites","9":"tag-fr","10":"tag-france","11":"tag-international","12":"tag-news","13":"tag-world"},"share_on_mastodon":{"url":"https:\/\/pubeurope.com\/@fr\/115876154866167965","error":""},"_links":{"self":[{"href":"https:\/\/www.europesays.com\/fr\/wp-json\/wp\/v2\/posts\/655982","targetHints":{"allow":["GET"]}}],"collection":[{"href":"https:\/\/www.europesays.com\/fr\/wp-json\/wp\/v2\/posts"}],"about":[{"href":"https:\/\/www.europesays.com\/fr\/wp-json\/wp\/v2\/types\/post"}],"author":[{"embeddable":true,"href":"https:\/\/www.europesays.com\/fr\/wp-json\/wp\/v2\/users\/2"}],"replies":[{"embeddable":true,"href":"https:\/\/www.europesays.com\/fr\/wp-json\/wp\/v2\/comments?post=655982"}],"version-history":[{"count":0,"href":"https:\/\/www.europesays.com\/fr\/wp-json\/wp\/v2\/posts\/655982\/revisions"}],"wp:featuredmedia":[{"embeddable":true,"href":"https:\/\/www.europesays.com\/fr\/wp-json\/wp\/v2\/media\/655983"}],"wp:attachment":[{"href":"https:\/\/www.europesays.com\/fr\/wp-json\/wp\/v2\/media?parent=655982"}],"wp:term":[{"taxonomy":"category","embeddable":true,"href":"https:\/\/www.europesays.com\/fr\/wp-json\/wp\/v2\/categories?post=655982"},{"taxonomy":"post_tag","embeddable":true,"href":"https:\/\/www.europesays.com\/fr\/wp-json\/wp\/v2\/tags?post=655982"}],"curies":[{"name":"wp","href":"https:\/\/api.w.org\/{rel}","templated":true}]}}