{"id":655984,"date":"2026-01-11T11:09:11","date_gmt":"2026-01-11T11:09:11","guid":{"rendered":"https:\/\/www.europesays.com\/fr\/655984\/"},"modified":"2026-01-11T11:09:11","modified_gmt":"2026-01-11T11:09:11","slug":"marine-le-pen-subit-une-erosion-de-son-image-les-electeurs-du-rn-lui-preferent-jordan-bardella-le-monde-fr","status":"publish","type":"post","link":"https:\/\/www.europesays.com\/fr\/655984\/","title":{"rendered":"Marine Le Pen subit une \u00e9rosion de son image : les \u00e9lecteurs du RN lui pr\u00e9f\u00e8rent Jordan Bardella &#8211; Le Monde.fr"},"content":{"rendered":"<ol>\n<li><a href=\"https:\/\/news.google.com\/rss\/articles\/CBMi-gFBVV95cUxQcU5xRGFmQTFBbGRoblltX3Z0YmFfX3JETVE3ZEVZUUZ4Z0lKOUdpZ2RWMXIyQVQ3SGlMRm1VT0Z0SXRIYlNNVEVNTFZ4dVMzM0k1Q19nemllOGFiVjRSWnh5Yjd1MnBqdEVhWXdFV2p6Nk4wVk9uc0lVQzNWMEU0WEJQdEROTXFfUkpoMjFYbFpLYVhMcHBnZGlQRmlKTXhOcnlvNlRSN1hZSE1XeFE1cUpfWkhuc3BOY2hrdXI5ZE5SU3Z3ZlZQbFYzal9QMU9ZV2tRNU5JWWtlRzh3Tm41d2htaGl1VTFlNFB0WXM1dkZtbWRKOHU1VW9R?oc=5\" target=\"_blank\" rel=\"noopener\">Marine Le Pen subit une \u00e9rosion de son image : les \u00e9lecteurs du RN lui pr\u00e9f\u00e8rent Jordan Bardella<\/a>&nbsp;&nbsp;Le Monde.fr<\/li>\n<li><a href=\"https:\/\/news.google.com\/rss\/articles\/CBMirAJBVV95cUxOQUQ3VUI3TzFVMU9BLVlMdzA0RjFfZVljLUExOXdJajhvSFBfcFdrUDRlNDZMdU5OVXNSTVlEVEFscU9EbjBzRHc3ODBYZkxXelRoMHVheHRVTld0Mnpzd01zLVFFUXhPSFBTQURFbW5YNy1MUEFJY045MTRGMnVFbEhiSE55QkdUTkJLWmtaY0VobkktVi1yNzVNQ2xJWXkwMmdMb250cjE4dlVJUUE0S2tVZjJQM0hTeEtKOXotalhqazdGTktQajFRb0ZuZlFEaVFmcUN3M2Y1VnUxanhiakYybWxSeHR6MjBaQ21kZElZT1hTdkxRRExWQ2VKRjhjZF9nN3pDQm94eFhlVnFSem0xNlhfYnJYcnhSN2hvVzlyZ0l3ajRveWI1SVc?oc=5\" target=\"_blank\" rel=\"noopener\">Condamnation de Marine Le Pen : en cas de pourvoi, la Cour de cassation se prononcera \u00absi possible\u00bb avant la pr\u00e9sidentielle<\/a>&nbsp;&nbsp;Lib\u00e9ration<\/li>\n<li><a href=\"https:\/\/news.google.com\/rss\/articles\/CBMi5AFBVV95cUxNWnB3cFhpUThVRGhtdTFXWTZQMEh1VVFySW5MeVZ0bEFULVNBeXdXeU40ZmV5QmJ0ZDNqZXZCRC1DdnJwemV5QWZpWkVkMDY2SHlPNURRVWlTemdFSk1zWGZ1VGVaVHEyNlg3SG9iWl9nOEtUTzl5eFlnS2tCYWx3Y2NDODRUT0toRTc1eWdyZHlSaUl3Qi11S1BZRG01VmVOUS1xX3NiemFmT1JPb1dMdGJsbEtHcVpmYWF6WVBLcnhXcjFWMm5RR2IyS0p6X2ZueDdTWVRSMXYzNzFBSTE3bjFfMk0?oc=5\" target=\"_blank\" rel=\"noopener\">Des juges fran\u00e7ais cibl\u00e9s par l&rsquo;administration am\u00e9ricaine de Donald Trump ?<\/a>&nbsp;&nbsp;France Info<\/li>\n<li><a href=\"https:\/\/news.google.com\/rss\/articles\/CBMivwFBVV95cUxNdDRDdWJKOGd5a2VVY2tuaTFtNGlBUXBFN2MtN3RSODF2ekxzanJ1d0FLXzl5d21mVk1jZ241SkNIU1FlaXFwREZNWGNYV0RqODNHWXNTOHh5VzcwSnhJdk8zZWh2aHdmME5HTEhBSFVRbUl3QUV5amZ6cl9CYmR3NG5zYnlnNFlXN1d3dFdFTXE3OXZsOUJDdGs3c3dLWWdoclpqVzNfWjdsclcydHloOG5sOFpUWEl4cUo3cXBUQQ?oc=5\" target=\"_blank\" rel=\"noopener\">Marine Le Pen, les vertiges d\u2019un destin politique face au rendez-vous judiciaire<\/a>&nbsp;&nbsp;Le Figaro<\/li>\n<li><a href=\"https:\/\/news.google.com\/rss\/articles\/CBMijgJBVV95cUxNZkVaY25pcDdTdVhXaWdYT2liT3lodVZLZVdlYmRXYkNjYjhGcTVoNjR0VTVhd2hvMU0zQTFZZFNFR21jVzZ2WElaQ3NsVFdZZGFtQXUzUUJtcjFKeVRDNEJ4bDg4c0xMVTFkV3NQazkwVk5sV0xDczNYT01maE1Gb0F0ek94bF9memlUc2owMlBjZlloU05fVVlqMWdHZjFrZ0ZodzhNbE5KZUNQajVhZVZwTEllYTNhUWhqNUN4bnNwa3EyTXFfUThHMkZ5cFQxUDJjRjJYUFphUzcyczFfR2lSNDNUcXItZGFSWnU2cnRMczdoRU5DM2Q4VU5nLU01d1JWd18yN1VubU43UHc?oc=5\" target=\"_blank\" rel=\"noopener\">SIGN\u00c9 BFM &#8211; Comment Marine Le Pen pr\u00e9pare son proc\u00e8s en appel dans l&rsquo;affaire des assistants parlementaires du Front national<\/a>&nbsp;&nbsp;BFM<\/li>\n<\/ol>\n","protected":false},"excerpt":{"rendered":"Marine Le Pen subit une \u00e9rosion de son image : les \u00e9lecteurs du RN lui pr\u00e9f\u00e8rent Jordan Bardella&nbsp;&nbsp;Le&hellip;\n","protected":false},"author":2,"featured_media":395849,"comment_status":"","ping_status":"","sticky":false,"template":"","format":"standard","meta":{"footnotes":""},"categories":[4],"tags":[11,1011,27,12,25],"class_list":{"0":"post-655984","1":"post","2":"type-post","3":"status-publish","4":"format-standard","5":"has-post-thumbnail","7":"category-france","8":"tag-actualites","9":"tag-fr","10":"tag-france","11":"tag-news","12":"tag-republique-francaise"},"share_on_mastodon":{"url":"https:\/\/pubeurope.com\/@fr\/115876158776014972","error":""},"_links":{"self":[{"href":"https:\/\/www.europesays.com\/fr\/wp-json\/wp\/v2\/posts\/655984","targetHints":{"allow":["GET"]}}],"collection":[{"href":"https:\/\/www.europesays.com\/fr\/wp-json\/wp\/v2\/posts"}],"about":[{"href":"https:\/\/www.europesays.com\/fr\/wp-json\/wp\/v2\/types\/post"}],"author":[{"embeddable":true,"href":"https:\/\/www.europesays.com\/fr\/wp-json\/wp\/v2\/users\/2"}],"replies":[{"embeddable":true,"href":"https:\/\/www.europesays.com\/fr\/wp-json\/wp\/v2\/comments?post=655984"}],"version-history":[{"count":0,"href":"https:\/\/www.europesays.com\/fr\/wp-json\/wp\/v2\/posts\/655984\/revisions"}],"wp:featuredmedia":[{"embeddable":true,"href":"https:\/\/www.europesays.com\/fr\/wp-json\/wp\/v2\/media\/395849"}],"wp:attachment":[{"href":"https:\/\/www.europesays.com\/fr\/wp-json\/wp\/v2\/media?parent=655984"}],"wp:term":[{"taxonomy":"category","embeddable":true,"href":"https:\/\/www.europesays.com\/fr\/wp-json\/wp\/v2\/categories?post=655984"},{"taxonomy":"post_tag","embeddable":true,"href":"https:\/\/www.europesays.com\/fr\/wp-json\/wp\/v2\/tags?post=655984"}],"curies":[{"name":"wp","href":"https:\/\/api.w.org\/{rel}","templated":true}]}}