{"id":655986,"date":"2026-01-11T11:11:10","date_gmt":"2026-01-11T11:11:10","guid":{"rendered":"https:\/\/www.europesays.com\/fr\/655986\/"},"modified":"2026-01-11T11:11:10","modified_gmt":"2026-01-11T11:11:10","slug":"firminy-ils-achetent-une-voiture-avec-un-faux-cheque-et-sont-rattrapes-grace-au-traceur","status":"publish","type":"post","link":"https:\/\/www.europesays.com\/fr\/655986\/","title":{"rendered":"Firminy. Ils ach\u00e8tent une voiture avec un faux ch\u00e8que et sont rattrap\u00e9s gr\u00e2ce au traceur"},"content":{"rendered":"<p>Ils ne sont que les \u00ab\u00a0petites\u00a0\u00bb mains d\u2019un trafic. \u00c0 la barre, les deux pr\u00e9venus n\u2019en m\u00e8nent pas large. Ce 31\u00a0mai 2025, partis en train dans la Dr\u00f4me direction Pierrelatte, ils en sont revenus avec une belle Mercedes Classe A achet\u00e9e \u00e0 un particulier pour 24\u00a0000\u00a0euros. Le probl\u00e8me, c\u2019est que le r\u00e8glement ne s\u2019av\u00e8re pas conforme. Il s\u2019agit d\u2019un faux ch\u00e8que de banque.<\/p>\n<p>Lorsqu\u2019elle s\u2019aper\u00e7oit de la supercherie, la vendeuse active le tracking de sa voiture. Il ne faut pas plus de deux jours aux policiers de l\u2019Ondaine pour retrouver la voiture et les deux pr\u00e9venus. Ils devaient remettre les cl\u00e9s de la Mercedes \u00e0 leur commanditaire (dont ils ne d\u00e9voileront pas le nom), mais ils n\u2019en auront pas eu le temps. Lorsqu\u2019ils sont interpell\u00e9s \u00e0 Firminy, les forces de l\u2019ordre constatent que ces individus n\u2019ont pas le permis de conduire.<\/p>\n<p>  \u00ab\u00a0C\u2019est un plan foireux, parfaitement ill\u00e9gal\u00a0\u00bb<\/p>\n<p>\u00ab\u00a0C\u2019est prendre un sacr\u00e9 risque\u00a0\u00bb souligne le pr\u00e9sident. Lors de l\u2019achat, ils ont pr\u00e9sent\u00e9 une fausse pi\u00e8ce d\u2019identit\u00e9, n\u2019ont pas barr\u00e9 le certificat d\u2019immatriculation et ont effac\u00e9 les mentions avec un produit. Cela commence \u00e0 multiplier les infractions.<\/p>\n<p>Celui charg\u00e9 de l\u2019acquisition de la voiture avoue qu\u2019il devait empocher 2\u00a0500\u00a0euros <a href=\"https:\/\/www.leprogres.fr\/faits-divers-justice\/2022\/09\/03\/arnaque-a-24-000-sur-leboncoin-l-audi-a3-retrouvee\" target=\"_blank\" rel=\"noopener\">en cas de revente par le commanditaire<\/a>. L\u2019autre, le chauffeur sans permis, simple accompagnant, esp\u00e9rait un petit billet pour sa \u00ab\u00a0bonne\u00a0\u00bb conduite. \u00ab\u00a0L\u2019un se justifie en expliquant qu\u2019il ne parvient pas \u00e0 trouver un emploi. \u00ab\u00a0Il faut arr\u00eater de penser que l\u2019on gagne sa vie de cette mani\u00e8re\u00a0\u00bb, mart\u00e8le le procureur. Et il ass\u00e8ne\u00a0: \u00ab\u00a0C\u2019est un plan foireux, ill\u00e9gal\u00a0\u00bb.<\/p>\n<p>Le plus impliqu\u00e9 des deux individus \u00e9cope de quatre mois de prison avec sursis et le second de deux mois assortis \u00e9galement d\u2019un sursis.<\/p>\n<p class=\"note\">Conform\u00e9ment \u00e0 notre charte (consultable sur leprogres.fr), nous citons l\u2019identit\u00e9 d\u2019une personne condamn\u00e9e \u00e0 au moins un an de prison ferme avec mandat de d\u00e9p\u00f4t ou \u00e0 au moins deux ans de prison ferme ou avec sursis.<\/p>\n","protected":false},"excerpt":{"rendered":"Ils ne sont que les \u00ab\u00a0petites\u00a0\u00bb mains d\u2019un trafic. \u00c0 la barre, les deux pr\u00e9venus n\u2019en m\u00e8nent pas&hellip;\n","protected":false},"author":2,"featured_media":655987,"comment_status":"","ping_status":"","sticky":false,"template":"","format":"standard","meta":{"footnotes":""},"categories":[9653],"tags":[1111,11,2430,271,272,7539,1777,674,274,10282,10283,1011,27,1757,3367,12,25,4001],"class_list":{"0":"post-655986","1":"post","2":"type-post","3":"status-publish","4":"format-standard","5":"has-post-thumbnail","7":"category-saint-etienne","8":"tag-actu","9":"tag-actualites","10":"tag-auvergne-rhone-alpes","11":"tag-crime","12":"tag-delit-et-contravention","13":"tag-edition-loire-sud","14":"tag-eu","15":"tag-europe","16":"tag-faits-divers-justice","17":"tag-firminy","18":"tag-firminy-ville","19":"tag-fr","20":"tag-france","21":"tag-insolite","22":"tag-loire","23":"tag-news","24":"tag-republique-francaise","25":"tag-saint-etienne"},"share_on_mastodon":{"url":"https:\/\/pubeurope.com\/@fr\/115876166663278829","error":""},"_links":{"self":[{"href":"https:\/\/www.europesays.com\/fr\/wp-json\/wp\/v2\/posts\/655986","targetHints":{"allow":["GET"]}}],"collection":[{"href":"https:\/\/www.europesays.com\/fr\/wp-json\/wp\/v2\/posts"}],"about":[{"href":"https:\/\/www.europesays.com\/fr\/wp-json\/wp\/v2\/types\/post"}],"author":[{"embeddable":true,"href":"https:\/\/www.europesays.com\/fr\/wp-json\/wp\/v2\/users\/2"}],"replies":[{"embeddable":true,"href":"https:\/\/www.europesays.com\/fr\/wp-json\/wp\/v2\/comments?post=655986"}],"version-history":[{"count":0,"href":"https:\/\/www.europesays.com\/fr\/wp-json\/wp\/v2\/posts\/655986\/revisions"}],"wp:featuredmedia":[{"embeddable":true,"href":"https:\/\/www.europesays.com\/fr\/wp-json\/wp\/v2\/media\/655987"}],"wp:attachment":[{"href":"https:\/\/www.europesays.com\/fr\/wp-json\/wp\/v2\/media?parent=655986"}],"wp:term":[{"taxonomy":"category","embeddable":true,"href":"https:\/\/www.europesays.com\/fr\/wp-json\/wp\/v2\/categories?post=655986"},{"taxonomy":"post_tag","embeddable":true,"href":"https:\/\/www.europesays.com\/fr\/wp-json\/wp\/v2\/tags?post=655986"}],"curies":[{"name":"wp","href":"https:\/\/api.w.org\/{rel}","templated":true}]}}