{"id":655996,"date":"2026-01-11T11:18:21","date_gmt":"2026-01-11T11:18:21","guid":{"rendered":"https:\/\/www.europesays.com\/fr\/655996\/"},"modified":"2026-01-11T11:18:21","modified_gmt":"2026-01-11T11:18:21","slug":"iran-kurdistan-venezuela-la-comedie-au-centre-du-monde-pour-la-defense-des-libertes","status":"publish","type":"post","link":"https:\/\/www.europesays.com\/fr\/655996\/","title":{"rendered":"Iran, Kurdistan, Venezuela\u00a0: la Com\u00e9die au centre du monde pour la d\u00e9fense des libert\u00e9s"},"content":{"rendered":"<p>\n                                                                Des rassemblements pour la libert\u00e9 en Iran, au Kurdistan et au Venezuela ont attir\u00e9 plusieurs centaines de personnes au total, hier apr\u00e8s-midi, \u00e0 Montpellier.\n                            <\/p>\n<p>Soutien aux manifestations en Iran, critique de l\u2019intervention am\u00e9ricaine au Venezuela, protestation contre l\u2019emprisonnement de maires de communes kurdes.<\/p>\n<p>Trois rassemblements se d\u00e9roulaient hier sur la place de la Com\u00e9die. Ils avaient pour point commun la d\u00e9fense de la libert\u00e9. \u00ab\u00a0Ces mobilisations nous rappellent que chaque peuple doit pouvoir ma\u00eetriser son destin et ne jamais \u00eatre menac\u00e9 pour ses opinions\u00a0\u00bb, a soulign\u00e9 le maire Micha\u00ebl Delafosse, qui est pass\u00e9 saluer les manifestants.<\/p>\n<p>\u00ab\u00a0Femme, vie, libert\u00e9\u00a0\u00bb<\/p>\n<p>Devant l\u2019Office de tourisme, les d\u00e9fenseurs d\u2019un Iran libre ont scand\u00e9 des slogans\u00a0: \u00ab\u00a0Femme, vie, libert\u00e9\u00a0\u00bb, \u00ab\u00a0Halte au massacre en Iran\u00a0\u00bb, \u00ab\u00a0Non \u00e0 la R\u00e9publique islamique en Iran\u00a0\u00bb.<\/p>\n<p>Des pancartes protestaient contre les coupures d\u2019internet, qui permettent de \u00ab\u00a0massacrer les Iraniens\u00a0\u00bb \u00e0 l\u2019abri des regards. D\u2019autres r\u00e9clamaient la chute des Mollahs et d\u2019un r\u00e9gime \u00ab\u00a0tueur d\u2019enfants\u00a0\u00bb.<\/p>\n<p>\u00ab\u00a0Venezuela libre\u00a0\u00bb<\/p>\n<p>        <img decoding=\"async\" class=\"std-img__img responsive-img\" src=\"https:\/\/www.europesays.com\/fr\/wp-content\/uploads\/2026\/01\/1768130301_897_image.jpg\" alt=\"Les Kurdes exhortent la France et l\u2019Europe \u00e0 ne pas rester silencieux devant les massacres.\"\/><\/p>\n<p>                Les Kurdes exhortent la France et l\u2019Europe \u00e0 ne pas rester silencieux devant les massacres.<br \/>\n                                    Midi Libre &#8211; TOM SERRANO<\/p>\n<p>Les d\u00e9fenseurs du Kurdistan, \u00e9galement mobilis\u00e9s contre le pouvoir iranien, d\u00e9non\u00e7aient la r\u00e9pression qui les vise en Syrie.<\/p>\n<p>        <img decoding=\"async\" class=\"std-img__img responsive-img\" src=\"https:\/\/www.europesays.com\/fr\/wp-content\/uploads\/2026\/01\/1768130301_520_image.jpg\" alt=\"Les d\u00e9fenseurs d\u2019un Venezuela libre \u00e9taient mobilis\u00e9s.\"\/><\/p>\n<p>                Les d\u00e9fenseurs d\u2019un Venezuela libre \u00e9taient mobilis\u00e9s.<br \/>\n                                    Midi Libre &#8211; TOM SERRANO<\/p>\n<p>Enfin, c\u00f4t\u00e9 Op\u00e9ra Com\u00e9die, la d\u00e9fense d\u2019un \u00ab\u00a0Venezuela libre\u00a0\u00bb s\u2019affichait en grand. Trump y \u00e9tait critiqu\u00e9 pour le kidnapping du pr\u00e9sident Maduro, tout comme ce dernier, pour la dictature mise en place dans ce pays, et les \u00ab\u00a0d\u00e9fenseurs du droit international\u00a0\u00bb pour leur \u00ab\u00a0silence\u00a0\u00bb depuis des ann\u00e9es.<\/p>\n","protected":false},"excerpt":{"rendered":"Des rassemblements pour la libert\u00e9 en Iran, au Kurdistan et au Venezuela ont attir\u00e9 plusieurs centaines de personnes&hellip;\n","protected":false},"author":2,"featured_media":655997,"comment_status":"","ping_status":"","sticky":false,"template":"","format":"standard","meta":{"footnotes":""},"categories":[9599],"tags":[1111,11,1777,674,1011,27,7089,2208,12,2680,25,1857],"class_list":{"0":"post-655996","1":"post","2":"type-post","3":"status-publish","4":"format-standard","5":"has-post-thumbnail","7":"category-montpellier","8":"tag-actu","9":"tag-actualites","10":"tag-eu","11":"tag-europe","12":"tag-fr","13":"tag-france","14":"tag-herault","15":"tag-montpellier","16":"tag-news","17":"tag-occitanie","18":"tag-republique-francaise","19":"tag-sociu00e9tu00e9"},"share_on_mastodon":{"url":"https:\/\/pubeurope.com\/@fr\/115876194242840547","error":""},"_links":{"self":[{"href":"https:\/\/www.europesays.com\/fr\/wp-json\/wp\/v2\/posts\/655996","targetHints":{"allow":["GET"]}}],"collection":[{"href":"https:\/\/www.europesays.com\/fr\/wp-json\/wp\/v2\/posts"}],"about":[{"href":"https:\/\/www.europesays.com\/fr\/wp-json\/wp\/v2\/types\/post"}],"author":[{"embeddable":true,"href":"https:\/\/www.europesays.com\/fr\/wp-json\/wp\/v2\/users\/2"}],"replies":[{"embeddable":true,"href":"https:\/\/www.europesays.com\/fr\/wp-json\/wp\/v2\/comments?post=655996"}],"version-history":[{"count":0,"href":"https:\/\/www.europesays.com\/fr\/wp-json\/wp\/v2\/posts\/655996\/revisions"}],"wp:featuredmedia":[{"embeddable":true,"href":"https:\/\/www.europesays.com\/fr\/wp-json\/wp\/v2\/media\/655997"}],"wp:attachment":[{"href":"https:\/\/www.europesays.com\/fr\/wp-json\/wp\/v2\/media?parent=655996"}],"wp:term":[{"taxonomy":"category","embeddable":true,"href":"https:\/\/www.europesays.com\/fr\/wp-json\/wp\/v2\/categories?post=655996"},{"taxonomy":"post_tag","embeddable":true,"href":"https:\/\/www.europesays.com\/fr\/wp-json\/wp\/v2\/tags?post=655996"}],"curies":[{"name":"wp","href":"https:\/\/api.w.org\/{rel}","templated":true}]}}