{"id":655998,"date":"2026-01-11T11:19:13","date_gmt":"2026-01-11T11:19:13","guid":{"rendered":"https:\/\/www.europesays.com\/fr\/655998\/"},"modified":"2026-01-11T11:19:13","modified_gmt":"2026-01-11T11:19:13","slug":"les-elus-ecologistes-de-la-majorite-exclus-temporairement-par-eelv","status":"publish","type":"post","link":"https:\/\/www.europesays.com\/fr\/655998\/","title":{"rendered":"les \u00e9lus \u00e9cologistes de la majorit\u00e9 exclus temporairement par EELV"},"content":{"rendered":"<p>                    Par<br \/>\n        <strong><br \/>\n            <a href=\"https:\/\/actu.fr\/auteur\/c-nithard\" title=\"Consulter tous les articles de C\u00e9dric Nithard\" target=\"_blank\" rel=\"noopener\">C\u00e9dric Nithard<\/a><br \/>\n                    <\/strong><\/p>\n<p>        Publi\u00e9 le<\/p>\n<p>            11 janv. 2026 \u00e0 10h54        <\/p>\n<p>\u00c0 <strong>Montpellier<\/strong>, <strong>une \u00e9lection municipale<\/strong> n\u2019est jamais un long fleuve tranquille du c\u00f4t\u00e9 d\u2019<strong>Europe \u00c9cologie Les Verts (EELV)<\/strong>. Bien au contraire. <a href=\"https:\/\/actu.fr\/occitanie\/montpellier_34172\/montpellier-les-ecologistes-partiront-aux-municipales-sans-michael-delafosse-et-le-parti-socialiste_62817815.html\" target=\"_blank\" rel=\"noopener\">Tandis que le groupe local a choisi <strong>le d\u00e9put\u00e9 \u00e9cologiste Jean-Louis Roum\u00e9gas<\/strong> \u00e0 la t\u00eate du <strong>Printemps Montpelli\u00e9rain<\/strong> pour mener une strat\u00e9gie contre Micha\u00ebl Delafosse et sa majorit\u00e9<\/a>, <strong>le groupe de Manu Reynaud<\/strong> avec <strong>Les \u00c9cologistes pour Montpellier<\/strong> poursuit sa campagne en d\u00e9fendant leur apport et le bilan de la mandature. <strong>Le conseil disciplinaire national<\/strong> d\u2019EELV a tranch\u00e9. Pour le moment\u2026<\/p>\n<p>Trois mois<\/p>\n<p class=\" wall-content\">La venue de Marine Tondelier le 27 septembre dernier n\u2019y avait rien chang\u00e9. <a href=\"https:\/\/actu.fr\/occitanie\/montpellier_34172\/nous-sommes-en-ordre-de-bataille-a-montpellier-marine-tondelier-conforte-jean-louis-roumegas_63224345.html\" target=\"_blank\" rel=\"noopener\">La patronne des Verts a eu beau adouber Jean-Louis Roum\u00e9gas<\/a> dans la course \u00e0 la mairie de Montpellier, <a href=\"https:\/\/actu.fr\/occitanie\/montpellier_34172\/manu-reynaud-interpelle-marine-tondelier-montpellier-capitale-ecologiste-de-l-entrisme-communautaire_63225615.html\" target=\"_blank\" rel=\"noopener\">le groupe de Manu Reynaud n\u2019\u00e9tait pas rentr\u00e9 dans le rang<\/a>. Ces derniers sont rest\u00e9s fid\u00e8les \u00e0 la majorit\u00e9 conduite par Micha\u00ebl Delafosse et ont poursuivi leur campagne avec les \u00c9cologistes pour Montpellier en multipliant les propositions. D\u00e9sormais, comme toutes les autres composantes de cette majorit\u00e9, ils attendent l\u2019officialisation de leur candidat. Et si <a href=\"https:\/\/actu.fr\/occitanie\/montpellier_34172\/municipales-a-montpellier-la-cantine-gratuite-premiere-mesure-du-programme-du-printemps-montpellierain_63652557.html\" target=\"_blank\" rel=\"noopener\">Jean-Louis Roum\u00e9gas \u00e0 la t\u00eate du Printemps Montpelli\u00e9rain continue de rassembler et \u00e0 construire avec ses partenaires un programme de \u00ab\u00a0rupture\u00a0\u00bb<\/a> qu\u2019il d\u00e9voile progressivement, ce dernier n\u2019a pas manqu\u00e9 de d\u00e9noncer, sondage \u00e0 l\u2019appui, la confusion entretenue aupr\u00e8s des Montpelli\u00e9rains.<\/p>\n<p class=\" wall-content\">Une confusion qui a semble-t-il convaincu le conseil disciplinaire national d\u2019EELV r\u00e9uni r\u00e9cemment. Ce dernier a notifi\u00e9 une exclusion temporaire de trois mois \u00e0 Marie Massart, Bruno Paternot, Fatma Nakib et St\u00e9phane Jouault, adjoints au maire et vice-pr\u00e9sidents de la Ville et de la M\u00e9tropole. \u00ab\u00a0Cette d\u00e9cision acte une d\u00e9cision limit\u00e9e dans le temps, correspondant strictement \u00e0 la p\u00e9riode de la campagne municipale. \u00c0 son issue, les \u00e9lu\u00b7es concern\u00e9\u00b7es retrouveront automatiquement leur adh\u00e9sion au parti\u00a0\u00bb pr\u00e9cise <a href=\"https:\/\/actu.fr\/occitanie\/montpellier_34172\/leurs-elus-suspendus-d-eelv-les-ecologistes-pour-montpellier-pronent-le-grandir-dehors_63202710.html\" target=\"_blank\" rel=\"noopener\">les membres des \u00c9cologistes pour Montpellier qui \u00e9taient par ailleurs d\u00e9j\u00e0 suspendus d\u2019EELV<\/a> sur fond de non versement de cotisations tandis que <a href=\"https:\/\/actu.fr\/occitanie\/montpellier_34172\/montpellier-manu-reynaud-doit-encore-patienter-avant-son-retour-chez-les-ecologistes_62459169.html\" target=\"_blank\" rel=\"noopener\">Manu Reynaud en est toujours exclu dans l\u2019attente d\u2019une d\u00e9cision de justice qui trancherait son affaire<\/a>.<\/p>\n<p>Vers une nouvelle assembl\u00e9e ?<\/p>\n<p class=\" wall-content\">Une d\u00e9cision qui semble toutefois leur convenir. \u00ab\u00a0Face \u00e0 une situation locale bloqu\u00e9e au sein du groupe local de Montpellier, le conseil disciplinaire a fait le choix, avec sagesse et responsabilit\u00e9, d\u2019une exclusion temporaire permettant \u00e0 ces \u00e9lu\u00b7es de porter publiquement, en leur nom, la strat\u00e9gie nationale de rassemblement de la gauche et des \u00e9cologistes\u00a0\u00bb expliquent-ils. Pour eux, les deux sondages publi\u00e9s en fin d\u2019ann\u00e9es \u00ab\u00a0montrent que la strat\u00e9gie d\u2019autonomie d\u00e9fendue localement conduit \u00e0 une impasse politique et \u00e0 un risque r\u00e9el de disparition de toute repr\u00e9sentation du parti EELV\u00a0\u00bb.<\/p>\n<p>Vid\u00e9os : en ce moment sur Actu<\/p>\n<p class=\" wall-content\">Ils estiment ainsi que \u00ab\u00a0aujourd\u2019hui, la majorit\u00e9 des militant\u00b7es et adh\u00e9rent\u00b7es d\u2019Europe \u00c9cologie Les Verts Montpellier ne soutiennent plus la strat\u00e9gie vot\u00e9e en juin dernier. Plus d\u2019un quart soutient une union d\u00e8s le premier tour avec La France insoumise, port\u00e9e par Julia Mignacca, et plus d\u2019un tiers soutient notre strat\u00e9gie d\u2019union de la gauche et des \u00e9cologistes avec la majorit\u00e9 sortante\u00a0\u00bb. Jugeant ainsi que \u00ab\u00a0la ligne actuelle ne rassemble donc plus la majorit\u00e9\u00a0\u00bb, ils demandent la tenue d\u2019une assembl\u00e9e g\u00e9n\u00e9rale du groupe local.<\/p>\n<p class=\" wall-content\">\u00ab\u00a0Les \u00e9lu\u00b7es \u00e9cologistes engag\u00e9s depuis 2020 \u00e0 la mise en \u0153uvre concr\u00e8te de politiques publiques \u00e9cologistes et sociales poursuivront leur travail pour construire un large rassemblement de la gauche et des \u00e9cologistes \u00e0 Montpellier, en coh\u00e9rence avec la strat\u00e9gie nationale port\u00e9e par Marine Tondelier et d\u00e9j\u00e0 mise en \u0153uvre dans de nombreuses grandes villes comme Paris, Bordeaux, Nantes, Marseille, Lyon, Toulouse, Grenoble, Rennes, B\u00e9ziers\u00a0\u00bb assument ainsi les \u00c9cologistes pour Montpellier comme s\u2019ils \u00e9taient les seuls \u00e0 ne pas voir le foss\u00e9 existant avec leurs (ex-)camarades. Un foss\u00e9 que n\u2019a semble-t-il pas voulu creuser davantage le conseil disciplinaire du parti avec cette exclusion seulement temporaire. Dans trois mois, suivant le r\u00e9sultat des \u00e9lections municipales, peut-\u00eatre seront-ils contents de compter des \u00e9cologistes dans la majorit\u00e9\u2026<\/p>\n<p class=\" wall-content\">Personnalisez votre actualit\u00e9 en ajoutant vos villes et m\u00e9dias en favori avec <a href=\"https:\/\/moncompte.actu.fr\" title=\"D\u00e9couvez Mon Actu\" rel=\"nofollow noopener\" data-trk=\"{&quot;cta&quot;:{&quot;action&quot;:&quot;https:\\\/\\\/moncompte.actu.fr&quot;,&quot;category&quot;:&quot;mon compte&quot;,&quot;from&quot;:&quot;article footer&quot;,&quot;name&quot;:&quot;Mon actu&quot;,&quot;type&quot;:&quot;cta&quot;}}\" target=\"_blank\">Mon Actu<\/a>.<\/p>\n","protected":false},"excerpt":{"rendered":"Par C\u00e9dric Nithard Publi\u00e9 le 11 janv. 2026 \u00e0 10h54 \u00c0 Montpellier, une \u00e9lection municipale n\u2019est jamais un&hellip;\n","protected":false},"author":2,"featured_media":655999,"comment_status":"","ping_status":"","sticky":false,"template":"","format":"standard","meta":{"footnotes":""},"categories":[9599],"tags":[1111,11,1777,674,1011,27,2208,12,2680,25,104],"class_list":{"0":"post-655998","1":"post","2":"type-post","3":"status-publish","4":"format-standard","5":"has-post-thumbnail","7":"category-montpellier","8":"tag-actu","9":"tag-actualites","10":"tag-eu","11":"tag-europe","12":"tag-fr","13":"tag-france","14":"tag-montpellier","15":"tag-news","16":"tag-occitanie","17":"tag-republique-francaise","18":"tag-societe"},"share_on_mastodon":{"url":"https:\/\/pubeurope.com\/@fr\/115876198203545319","error":""},"_links":{"self":[{"href":"https:\/\/www.europesays.com\/fr\/wp-json\/wp\/v2\/posts\/655998","targetHints":{"allow":["GET"]}}],"collection":[{"href":"https:\/\/www.europesays.com\/fr\/wp-json\/wp\/v2\/posts"}],"about":[{"href":"https:\/\/www.europesays.com\/fr\/wp-json\/wp\/v2\/types\/post"}],"author":[{"embeddable":true,"href":"https:\/\/www.europesays.com\/fr\/wp-json\/wp\/v2\/users\/2"}],"replies":[{"embeddable":true,"href":"https:\/\/www.europesays.com\/fr\/wp-json\/wp\/v2\/comments?post=655998"}],"version-history":[{"count":0,"href":"https:\/\/www.europesays.com\/fr\/wp-json\/wp\/v2\/posts\/655998\/revisions"}],"wp:featuredmedia":[{"embeddable":true,"href":"https:\/\/www.europesays.com\/fr\/wp-json\/wp\/v2\/media\/655999"}],"wp:attachment":[{"href":"https:\/\/www.europesays.com\/fr\/wp-json\/wp\/v2\/media?parent=655998"}],"wp:term":[{"taxonomy":"category","embeddable":true,"href":"https:\/\/www.europesays.com\/fr\/wp-json\/wp\/v2\/categories?post=655998"},{"taxonomy":"post_tag","embeddable":true,"href":"https:\/\/www.europesays.com\/fr\/wp-json\/wp\/v2\/tags?post=655998"}],"curies":[{"name":"wp","href":"https:\/\/api.w.org\/{rel}","templated":true}]}}