{"id":656023,"date":"2026-01-11T11:35:12","date_gmt":"2026-01-11T11:35:12","guid":{"rendered":"https:\/\/www.europesays.com\/fr\/656023\/"},"modified":"2026-01-11T11:35:12","modified_gmt":"2026-01-11T11:35:12","slug":"nos-quartiers-sont-a-labandon-les-voeux-du-maire-jean-luc-moudenc-perturbes-par-des-manifestants","status":"publish","type":"post","link":"https:\/\/www.europesays.com\/fr\/656023\/","title":{"rendered":"\u00a0\u00bb Nos quartiers sont \u00e0 l\u2019abandon\u00a0\u00bb\u00a0: Les v\u0153ux du maire Jean-Luc Moudenc perturb\u00e9s par des manifestants"},"content":{"rendered":"<p>\n                                                                    l&rsquo;essentiel<br \/>\n                                                                \u00c0 Lafourguette, des manifestants ont interpell\u00e9 le maire de Toulouse pour d\u00e9noncer notamment la fermeture partielle de la mairie de quartier Desbals.\n                            <\/p>\n<p>Les v\u0153ux du maire ont \u00e9t\u00e9 perturb\u00e9s, vendredi soir, par une manifestation bien pr\u00e9par\u00e9e. Profitant de la traditionnelle c\u00e9r\u00e9monie des v\u0153ux, les trouble-f\u00eates ont interpell\u00e9 Jean-Luc Moudenc, le maire Toulouse, pour d\u00e9noncer la fermeture partielle de la mairie de quartier Desbals. Une d\u00e9cision justifi\u00e9e par la municipalit\u00e9 comme une adaptation n\u00e9cessaire, mais per\u00e7ue comme \u00ab\u00a0un abandon\u00a0\u00bb par les habitants. Une dizaine de membres du Comit\u00e9 de quartier Papus Tabar Bordelongue (PaTaBor), rejoints par des habitants des quartiers Fontaine Lestang, Pech Ar\u00e8nes et Croix-de-Pierre, s\u2019\u00e9taient donn\u00e9 rendez-vous d\u00e8s 18\u00a0heures, devant la salle des f\u00eates de Lafourguette.<\/p>\n<p>        <img decoding=\"async\" class=\"std-img__img responsive-img\" src=\"https:\/\/www.europesays.com\/fr\/wp-content\/uploads\/2026\/01\/1768131312_500_image.jpg\" alt=\"Les manifestants attendaient le maire de pied ferme.\"\/><\/p>\n<p>                Les manifestants attendaient le maire de pied ferme.<\/p>\n<p>L\u2019objectif\u00a0: obtenir une r\u00e9ponse du maire de Toulouse concernant la fermeture partielle de la mairie de quartier Desbals, d\u00e9sormais accessible uniquement les mardi et vendredi. Dans un courrier adress\u00e9 d\u00e9but janvier \u00e0 l\u2019\u00e9lu, ils demandaient l\u2019annulation de cette mesure, jug\u00e9e inacceptable, car prise sans concertation pr\u00e9alable. \u00ab\u00a0Nous avons besoin de services publics et demandons la r\u00e9ouverture quotidienne de la mairie Desbals\u00a0\u00bb, a d\u00e9clar\u00e9 Beno\u00eet Cazals, pr\u00e9sident du Comit\u00e9 PaTaBor.<\/p>\n<p>Le soutien de la gauche unie aux manifestants<\/p>\n<p>Sur place, les manifestants ont re\u00e7u le soutien de Fran\u00e7ois Brian\u00e7on, t\u00eate de liste \u00ab\u00a0La Gauche Unie\u00a0\u00bb pour les prochaines municipales. \u00ab\u00a0Les services de proximit\u00e9 sont essentiels dans tous les quartiers, et nous comptons bien les r\u00e9tablir\u00a0\u00bb, a-t-il affirm\u00e9. Interpell\u00e9 d\u00e8s son arriv\u00e9e, le maire de Toulouse a choisi de s\u2019adresser \u00e0 l\u2019ensemble des invit\u00e9s rassembl\u00e9s \u00e0 l\u2019int\u00e9rieur de la salle, pour r\u00e9pondre aux revendications des manifestants. En pr\u00e9ambule de ses v\u0153ux, invoquant la \u00ab\u00a0baisse drastique des dotations de l\u2019\u00c9tat\u00a0\u00bb, il a d\u00e9fendu une logique d\u2019adaptation plut\u00f4t que de suppression des services publics. En outre, l\u2019\u00e9lu a rappel\u00e9 l\u2019ouverture, il y a deux ans, des huit Maisons Toulouse Services, r\u00e9parties dans les diff\u00e9rents secteurs de la ville, et regroupant toutes les d\u00e9marches administratives.<\/p>\n<p>\u00ab\u00a0Des espaces si bien adopt\u00e9s par les Toulousains, que la fr\u00e9quentation des mairies annexes a chut\u00e9\u00a0\u00bb, a-t-il expliqu\u00e9, ajoutant qu\u2019une \u00e9tude quotidienne de cette fr\u00e9quentation avait \u00e9t\u00e9 au pr\u00e9alable demand\u00e9e, et se poursuit actuellement afin d\u2019am\u00e9liorer l\u2019ajustement des horaires d\u2019ouverture des mairies de quartier, aux nouveaux usages. Critiquant le \u00ab\u00a0m\u00e9lange des genres\u00a0\u00bb de Beno\u00eet Cazals, entre son r\u00f4le associatif et ses engagements politiques, le maire a reconnu le m\u00e9contentement des habitants, tout en r\u00e9affirmant sa volont\u00e9 de pr\u00e9server l\u2019acc\u00e8s aux services publics, mais de mani\u00e8re optimis\u00e9e.<\/p>\n","protected":false},"excerpt":{"rendered":"l&rsquo;essentiel \u00c0 Lafourguette, des manifestants ont interpell\u00e9 le maire de Toulouse pour d\u00e9noncer notamment la fermeture partielle de&hellip;\n","protected":false},"author":2,"featured_media":656024,"comment_status":"","ping_status":"","sticky":false,"template":"","format":"standard","meta":{"footnotes":""},"categories":[2816],"tags":[1111,11,4733,1777,674,1011,27,329,2722,12,2680,25,1857,2312],"class_list":{"0":"post-656023","1":"post","2":"type-post","3":"status-publish","4":"format-standard","5":"has-post-thumbnail","7":"category-toulouse","8":"tag-actu","9":"tag-actualites","10":"tag-associations","11":"tag-eu","12":"tag-europe","13":"tag-fr","14":"tag-france","15":"tag-france-monde","16":"tag-haute-garonne","17":"tag-news","18":"tag-occitanie","19":"tag-republique-francaise","20":"tag-sociu00e9tu00e9","21":"tag-toulouse"},"share_on_mastodon":{"url":"https:\/\/pubeurope.com\/@fr\/115876261080230911","error":""},"_links":{"self":[{"href":"https:\/\/www.europesays.com\/fr\/wp-json\/wp\/v2\/posts\/656023","targetHints":{"allow":["GET"]}}],"collection":[{"href":"https:\/\/www.europesays.com\/fr\/wp-json\/wp\/v2\/posts"}],"about":[{"href":"https:\/\/www.europesays.com\/fr\/wp-json\/wp\/v2\/types\/post"}],"author":[{"embeddable":true,"href":"https:\/\/www.europesays.com\/fr\/wp-json\/wp\/v2\/users\/2"}],"replies":[{"embeddable":true,"href":"https:\/\/www.europesays.com\/fr\/wp-json\/wp\/v2\/comments?post=656023"}],"version-history":[{"count":0,"href":"https:\/\/www.europesays.com\/fr\/wp-json\/wp\/v2\/posts\/656023\/revisions"}],"wp:featuredmedia":[{"embeddable":true,"href":"https:\/\/www.europesays.com\/fr\/wp-json\/wp\/v2\/media\/656024"}],"wp:attachment":[{"href":"https:\/\/www.europesays.com\/fr\/wp-json\/wp\/v2\/media?parent=656023"}],"wp:term":[{"taxonomy":"category","embeddable":true,"href":"https:\/\/www.europesays.com\/fr\/wp-json\/wp\/v2\/categories?post=656023"},{"taxonomy":"post_tag","embeddable":true,"href":"https:\/\/www.europesays.com\/fr\/wp-json\/wp\/v2\/tags?post=656023"}],"curies":[{"name":"wp","href":"https:\/\/api.w.org\/{rel}","templated":true}]}}