{"id":656025,"date":"2026-01-11T11:36:12","date_gmt":"2026-01-11T11:36:12","guid":{"rendered":"https:\/\/www.europesays.com\/fr\/656025\/"},"modified":"2026-01-11T11:36:12","modified_gmt":"2026-01-11T11:36:12","slug":"les-routes-perturbees-dans-les-pyrenees-et-autour-de-toulouse","status":"publish","type":"post","link":"https:\/\/www.europesays.com\/fr\/656025\/","title":{"rendered":"les routes perturb\u00e9es dans les Pyr\u00e9n\u00e9es et autour de Toulouse"},"content":{"rendered":"<p>                    Par<br \/>\n        <strong><br \/>\n            <a href=\"https:\/\/actu.fr\/auteur\/guillaume-laurens\" title=\"Consulter tous les articles de Guillaume Laurens\" target=\"_blank\" rel=\"noopener\">Guillaume Laurens<\/a><br \/>\n                    <\/strong><\/p>\n<p>        Publi\u00e9 le<\/p>\n<p>            11 janv. 2026 \u00e0 10h38        <\/p>\n<p>Plusieurs <strong>difficult\u00e9s<\/strong> sont encore signal\u00e9es ce dimanche 11\u00a0janvier 2026 sur diff\u00e9rentes <strong>routes<\/strong> autour de <a href=\"https:\/\/actu.fr\/toulouse\/\" target=\"_blank\" rel=\"noopener\"><strong>Toulouse<\/strong><\/a>, mais aussi dans les <a href=\"https:\/\/actu.fr\/societe\/pyrenees-route-d-andorre-et-grands-cols-fermes-quelles-sont-les-conditions-de-circulation-ce-samedi_63681228.html\" target=\"_blank\" rel=\"noopener\"><strong>Pyr\u00e9n\u00e9es<\/strong><\/a>, en raison d\u2019une part des actions des <strong>agriculteurs<\/strong> contre la <a href=\"https:\/\/actu.fr\/tag\/dermatose-nodulaire\" target=\"_blank\" rel=\"noopener\">Dermatose nodulaire contagieuse<\/a>, et de l\u2019autre de <a href=\"https:\/\/actu.fr\/societe\/pyrenees-route-d-andorre-et-grands-cols-fermes-quelles-sont-les-conditions-de-circulation-ce-samedi_63681228.html\" target=\"_blank\" rel=\"noopener\">l\u2019\u00e9pisode neige cons\u00e9quent en montagne<\/a>. Tour d\u2019horizon des principales perturbations.<\/p>\n<p>Haute-Garonne<\/p>\n<ul class=\" wall-content\">\n<li><strong>A64<\/strong>\u2009: autoroute bloqu\u00e9e au sud de Toulouse entre Carbonne et Lafitte-Vigordane en raison d\u2019un barrage d\u2019agriculteurs.<\/li>\n<li><strong>RN125<\/strong>\u2009: manifestation d\u2019agriculteurs en cours \u00e0 Fos, o\u00f9 il y a un barrage filtrant ce dimanche matin, d\u2019apr\u00e8s Bison Fut\u00e9. Le trafic routier est possible, selon les gendarmes. \u00c0 noter que le tunnel de Saint-B\u00e9at, ferm\u00e9 samedi \u00e0 cause de la neige, a rouvert.\n<\/li>\n<\/ul>\n<p><strong>Ari\u00e8ge<\/strong><\/p>\n<ul class=\" wall-content\">\n<li><strong>RN20<\/strong>\u2009: manifestation d\u2019agriculteurs \u00e0 Foix, o\u00f9 le tunnel est encore ferm\u00e9 ce dimanche<\/li>\n<li><strong>RN20<\/strong>\u2009: trafic perturb\u00e9 mais pas arr\u00eat\u00e9, entre les \u00e9changeurs de\u00a0Varilhes et La Charmille, en raison d\u2019une manifestation d\u2019agriculteurs.<\/li>\n<li><strong>RN20<\/strong>\u2009: apr\u00e8s Ax-les-Thermes, route enneig\u00e9e jusqu\u2019au Pas-de-la-Case (Andorre), \u00e9quipements sp\u00e9ciaux obligatoires.<\/li>\n<li><strong>RN320<\/strong>\u2009: axe ferm\u00e9 entre L\u2019Hospitalet-pr\u00e8s-l\u2019Andorre et Port\u00e9-Puymorens, en raison de la neige.<\/li>\n<\/ul>\n<p>Andorre<\/p>\n<p class=\" wall-content\">\u00c0 savoir que <strong>l\u2019acc\u00e8s vers l\u2019Andorre<\/strong> est donc <strong>ouvert<\/strong>, mais les conditions de circulation \u00e9taient assez dantesques ce dimanche matin, la plus grande prudence est de mise entre l\u2019Ari\u00e8ge et le Pas-de-la-Case\u2026<\/p>\n<p>    <a href=\"https:\/\/www.facebook.com\/plugins\/video.php?height=476&amp;href=https%3A%2F%2Fwww.facebook.com%2Freel%2F4351988245041610%2F&amp;show_text=false&amp;width=350&amp;t=0\" title=\"Ouvrie le lien\" target=\"_blank\" rel=\"noopener\">Cliquez ici pour visualiser le contenu<\/a><\/p>\n<p>Vid\u00e9os : en ce moment sur ActuPyr\u00e9n\u00e9es. Jusqu&rsquo;\u00e0 un m\u00e8tre de neige et fort risque d&rsquo;avalanche<\/p>\n<p>Plus globalement, dans les Pyr\u00e9n\u00e9es, \u00ab\u00a0il est tomb\u00e9 entre 60 cm de neige \u00e0 l&rsquo;ouest et plus d&rsquo;un m\u00e8tre \u00e0 l&rsquo;est, fortement vent\u00e9\u00a0\u00bb, pr\u00e9cise ce dimanche Christophe Dedieu, pr\u00e9sident de l&rsquo;association M\u00e9t\u00e9o Pyr\u00e9n\u00e9es. En cons\u00e9quence, \u00ab\u00a0les grands cols rouvrent peu \u00e0 peu, mais il y a un tr\u00e8s fort risque d&rsquo;avalanche partout sur le massif\u00a0\u00bb.<\/p>\n<p>Gers<\/p>\n<ul class=\" wall-content\">\n<li><strong>RN124<\/strong> et <strong>RD1124<\/strong> (son prolongement dans le Gers)\u2009: en raison de manifestations d\u2019agriculteurs, la route reste ferm\u00e9e dans les 2 sens de circulation entre Auch et Aubiet. Dans le sens Toulouse-Auch, la sortie est obligatoire \u00e0 l\u2019\u00e9changeur n\u00b016 Aubiet. Suivre Aubiet, puis D924 jusqu\u2019au giratoire de Saint-Cricq.<br \/>Dans le sens Auch-Toulouse, au giratoire de Saint-Cricq, prendre la D924 jusqu\u2019\u00e0 l\u2019\u00e9changeur n\u00ba17 \u00e0 Marsan.<\/li>\n<li><strong>RD1124<\/strong>\u2009: la <strong>rocade d\u2019Auch<\/strong> est ferm\u00e9e du giratoire de la Hur\u00e9e au giratoire de Saint-Cricq, dans les 2 sens. \u00c0 l\u2019est de la ville, le giratoire de Saint-Cricq est ouvert, sauf les acc\u00e8s \u00e0 la rocade et \u00e0 la 2\u00d72 voies depuis et en direction de Toulouse.<\/li>\n<\/ul>\n<p>Votre r\u00e9gion, votre actu !<\/p>\n<p>Recevez chaque jour les infos qui comptent pour vous.<\/p>\n<p>\t<a href=\"https:\/\/actu.fr\/newsletter\" class=\"ac-btn ac-btn--corner ac-btn--medium ac-btn--blue800\" target=\"_blank\" rel=\"noopener\">S&rsquo;incrire<\/a><\/p>\n<p class=\" wall-content\"><strong>Lot<\/strong><\/p>\n<p class=\" wall-content\">Plus au nord de Toulouse, des perturbations sont aussi signal\u00e9es dans le Lot\u2009:<\/p>\n<ul class=\" wall-content\">\n<li><strong>A20<\/strong>\u2009: les sorties de Cahors et Labastide-Murat, ferm\u00e9es cette nuit apr\u00e8s des actions coup de poing des agriculteurs, ont rouvert dans la matin\u00e9e, mais le trafic est perturb\u00e9 sur l\u2019autoroute entre Cahors et Montauban apr\u00e8s deux violents accidents.<\/li>\n<\/ul>\n<p class=\" wall-content\">Personnalisez votre actualit\u00e9 en ajoutant vos villes et m\u00e9dias en favori avec <a href=\"https:\/\/moncompte.actu.fr\" title=\"D\u00e9couvez Mon Actu\" rel=\"nofollow noopener\" data-trk=\"{&quot;cta&quot;:{&quot;action&quot;:&quot;https:\\\/\\\/moncompte.actu.fr&quot;,&quot;category&quot;:&quot;mon compte&quot;,&quot;from&quot;:&quot;article footer&quot;,&quot;name&quot;:&quot;Mon actu&quot;,&quot;type&quot;:&quot;cta&quot;}}\" target=\"_blank\">Mon Actu<\/a>.<\/p>\n","protected":false},"excerpt":{"rendered":"Par Guillaume Laurens Publi\u00e9 le 11 janv. 2026 \u00e0 10h38 Plusieurs difficult\u00e9s sont encore signal\u00e9es ce dimanche 11\u00a0janvier&hellip;\n","protected":false},"author":2,"featured_media":656026,"comment_status":"","ping_status":"","sticky":false,"template":"","format":"standard","meta":{"footnotes":""},"categories":[2816],"tags":[1111,11,327,1777,674,1011,27,10584,12,2680,2723,25,104,2312],"class_list":{"0":"post-656025","1":"post","2":"type-post","3":"status-publish","4":"format-standard","5":"has-post-thumbnail","7":"category-toulouse","8":"tag-actu","9":"tag-actualites","10":"tag-agriculture","11":"tag-eu","12":"tag-europe","13":"tag-fr","14":"tag-france","15":"tag-neige","16":"tag-news","17":"tag-occitanie","18":"tag-pyrenees","19":"tag-republique-francaise","20":"tag-societe","21":"tag-toulouse"},"share_on_mastodon":{"url":"https:\/\/pubeurope.com\/@fr\/115876264968960529","error":""},"_links":{"self":[{"href":"https:\/\/www.europesays.com\/fr\/wp-json\/wp\/v2\/posts\/656025","targetHints":{"allow":["GET"]}}],"collection":[{"href":"https:\/\/www.europesays.com\/fr\/wp-json\/wp\/v2\/posts"}],"about":[{"href":"https:\/\/www.europesays.com\/fr\/wp-json\/wp\/v2\/types\/post"}],"author":[{"embeddable":true,"href":"https:\/\/www.europesays.com\/fr\/wp-json\/wp\/v2\/users\/2"}],"replies":[{"embeddable":true,"href":"https:\/\/www.europesays.com\/fr\/wp-json\/wp\/v2\/comments?post=656025"}],"version-history":[{"count":0,"href":"https:\/\/www.europesays.com\/fr\/wp-json\/wp\/v2\/posts\/656025\/revisions"}],"wp:featuredmedia":[{"embeddable":true,"href":"https:\/\/www.europesays.com\/fr\/wp-json\/wp\/v2\/media\/656026"}],"wp:attachment":[{"href":"https:\/\/www.europesays.com\/fr\/wp-json\/wp\/v2\/media?parent=656025"}],"wp:term":[{"taxonomy":"category","embeddable":true,"href":"https:\/\/www.europesays.com\/fr\/wp-json\/wp\/v2\/categories?post=656025"},{"taxonomy":"post_tag","embeddable":true,"href":"https:\/\/www.europesays.com\/fr\/wp-json\/wp\/v2\/tags?post=656025"}],"curies":[{"name":"wp","href":"https:\/\/api.w.org\/{rel}","templated":true}]}}