{"id":656031,"date":"2026-01-11T11:39:10","date_gmt":"2026-01-11T11:39:10","guid":{"rendered":"https:\/\/www.europesays.com\/fr\/656031\/"},"modified":"2026-01-11T11:39:10","modified_gmt":"2026-01-11T11:39:10","slug":"ecrire-sur-les-violences-que-jai-subies-ma-liberee","status":"publish","type":"post","link":"https:\/\/www.europesays.com\/fr\/656031\/","title":{"rendered":"\u00c9crire sur les violences que j\u2019ai subies m\u2019a lib\u00e9r\u00e9e"},"content":{"rendered":"<p>Un troisi\u00e8me album, Mill\u00e9nium, sorti en septembre dernier pour amorcer une tourn\u00e9e qui la verra chanter \u00e0 domicile le 24\u00a0janvier \u00e0 Avignon, puis \u00e0 Marseille le 11\u00a0mars lors du <a href=\"https:\/\/www.laprovence.com\/article\/culture-loisirs\/107533371455514\/oxmo-puccino-suzane-sebastien-tellier-sur-scene-pour-la-28e-edition-du-festival-avec-le-temps-en-mars-a-marseille\" target=\"_blank\" rel=\"noopener\">festival Avec le temps<\/a>. Logiquement, on imagine Suzane rod\u00e9e pour ce nouveau temps fort artistique. \u00ab\u00a0Mais quand tout arrive, le trac monte d\u2019un coup parce que je repense \u00e0 tout ce que j\u2019ai pu dire sur ce disque\u00a0\u00bb, confiait l\u2019artiste cet automne.<\/p>\n<p>Porteuse de sujets forts sur ses pr\u00e9c\u00e9dentes cr\u00e9ations, la Vauclusienne \u00e2g\u00e9e de 35\u00a0ans a pouss\u00e9 le curseur encore plus loin avec des morceaux portant les pr\u00e9occupations de sa g\u00e9n\u00e9ration\u00a0: le f\u00e9minisme, les rapports hommes\/femmes, l\u2019omnipr\u00e9sence de la technologie ou encore les d\u00e9sillusions \u00e0 l\u2019approche de l\u2019\u00e2ge adulte. Musicalement, <a href=\"https:\/\/www.laprovence.com\/article\/region\/88035357393211\/la-chanteuse-avignonnaise-suzane-sort-son-3e-album-millenium-le-26-septembre\" target=\"_blank\" rel=\"noopener\">Suzane<\/a> cultive un son hybride, pour alterner entre le punch de l\u2019\u00e9lectro\/rap et la sensualit\u00e9 apport\u00e9e par la chanson fran\u00e7aise. La formule s\u00e9duit, l\u2019Op\u00e9ra Grand Avignon affichant complet.<\/p>\n<p><strong>Dans quel \u00e9tat d\u2019esprit avez-vous abord\u00e9 ce troisi\u00e8me album\u00a0?<\/strong>&#13;\n<\/p>\n<p>Je voulais revenir \u00e0 mes premiers amours avec l\u2019\u00e9lectro et la chanson fran\u00e7aise pour le c\u00f4t\u00e9 physique, car j\u2019aime avoir cet appel du corps dans la musique. \u00c0 Avignon, et dans le Sud en g\u00e9n\u00e9ral, o&#8230;<\/p>\n","protected":false},"excerpt":{"rendered":"Un troisi\u00e8me album, Mill\u00e9nium, sorti en septembre dernier pour amorcer une tourn\u00e9e qui la verra chanter \u00e0 domicile&hellip;\n","protected":false},"author":2,"featured_media":656032,"comment_status":"","ping_status":"","sticky":false,"template":"","format":"standard","meta":{"footnotes":""},"categories":[2814],"tags":[5734,1111,11,6184,1697,251,31353,1777,674,1011,27,151,884,12,882,25,3356,75873],"class_list":{"0":"post-656031","1":"post","2":"type-post","3":"status-publish","4":"format-standard","5":"has-post-thumbnail","7":"category-marseille","8":"tag-5734","9":"tag-actu","10":"tag-actualites","11":"tag-avignon","12":"tag-concert","13":"tag-culture","14":"tag-ecrire","15":"tag-eu","16":"tag-europe","17":"tag-fr","18":"tag-france","19":"tag-les","20":"tag-marseille","21":"tag-news","22":"tag-provence-alpes-cote-dazur","23":"tag-republique-francaise","24":"tag-sur","25":"tag-suzane"},"share_on_mastodon":{"url":"https:\/\/pubeurope.com\/@fr\/115876276720480115","error":""},"_links":{"self":[{"href":"https:\/\/www.europesays.com\/fr\/wp-json\/wp\/v2\/posts\/656031","targetHints":{"allow":["GET"]}}],"collection":[{"href":"https:\/\/www.europesays.com\/fr\/wp-json\/wp\/v2\/posts"}],"about":[{"href":"https:\/\/www.europesays.com\/fr\/wp-json\/wp\/v2\/types\/post"}],"author":[{"embeddable":true,"href":"https:\/\/www.europesays.com\/fr\/wp-json\/wp\/v2\/users\/2"}],"replies":[{"embeddable":true,"href":"https:\/\/www.europesays.com\/fr\/wp-json\/wp\/v2\/comments?post=656031"}],"version-history":[{"count":0,"href":"https:\/\/www.europesays.com\/fr\/wp-json\/wp\/v2\/posts\/656031\/revisions"}],"wp:featuredmedia":[{"embeddable":true,"href":"https:\/\/www.europesays.com\/fr\/wp-json\/wp\/v2\/media\/656032"}],"wp:attachment":[{"href":"https:\/\/www.europesays.com\/fr\/wp-json\/wp\/v2\/media?parent=656031"}],"wp:term":[{"taxonomy":"category","embeddable":true,"href":"https:\/\/www.europesays.com\/fr\/wp-json\/wp\/v2\/categories?post=656031"},{"taxonomy":"post_tag","embeddable":true,"href":"https:\/\/www.europesays.com\/fr\/wp-json\/wp\/v2\/tags?post=656031"}],"curies":[{"name":"wp","href":"https:\/\/api.w.org\/{rel}","templated":true}]}}