{"id":656038,"date":"2026-01-11T11:44:16","date_gmt":"2026-01-11T11:44:16","guid":{"rendered":"https:\/\/www.europesays.com\/fr\/656038\/"},"modified":"2026-01-11T11:44:16","modified_gmt":"2026-01-11T11:44:16","slug":"ile-de-france-bientot-des-cameras-frontales-sur-les-tramways-pour-comprendre-les-accidents","status":"publish","type":"post","link":"https:\/\/www.europesays.com\/fr\/656038\/","title":{"rendered":"\u00cele-de-France\u00a0: bient\u00f4t des cam\u00e9ras frontales sur les tramways pour comprendre les accidents"},"content":{"rendered":"<p class=\"paragraph text_align_left lp-f-body-02\">C\u2019est, h\u00e9las, le quotidien des conducteurs de tramway ou de tram-train. Chaque jour ou presque, sur les 15 lignes d\u2019\u00cele-de-France, <a href=\"https:\/\/www.leparisien.fr\/paris-75\/un-camion-bloquant-les-voies-la-circulation-du-tramway-t3a-totalement-interrompue-a-paris-14-10-2024-BH2TOFVYNJFA3JBTW4TUB3KBNA.php\" target=\"_self\" rel=\"noopener\">un v\u00e9hicule empi\u00e8te sur les voies et bloque la circulation<\/a> pendant de longues minutes. Pire, les tramways et leurs passagers sont r\u00e9guli\u00e8rement mis en danger par des refus de priorit\u00e9.<\/p>\n<p class=\"\">Parfois, aussi, c\u2019est une erreur humaine ou <a href=\"https:\/\/www.leparisien.fr\/info-paris-ile-de-france-oise\/transports\/paris-un-tramway-deraille-et-fonce-dans-un-bus-apres-avoir-glisse-sur-des-feuilles-mortes-19-11-2025-PMMJAUW5H5HM5PUW3HZNOVXZT4.php\" target=\"_self\" rel=\"noopener\">la pr\u00e9sence de feuilles mortes sur les rails <\/a>qui provoquent une collision\u2026 Alors, pour mieux documenter les accidents et aider \u00e0 la formation des agents de conduite, un <a href=\"https:\/\/www.legifrance.gouv.fr\/jorf\/id\/JORFTEXT000053166407\" target=\"_self\" rel=\"noopener\">d\u00e9cret<\/a> paru le 27 d\u00e9cembre 2025 autorise d\u00e9sormais l\u2019utilisation de cam\u00e9ras frontales sur les rames.<\/p>\n","protected":false},"excerpt":{"rendered":"C\u2019est, h\u00e9las, le quotidien des conducteurs de tramway ou de tram-train. Chaque jour ou presque, sur les 15&hellip;\n","protected":false},"author":2,"featured_media":656039,"comment_status":"","ping_status":"","sticky":false,"template":"","format":"standard","meta":{"footnotes":""},"categories":[1592],"tags":[1111,11,1777,674,1011,27,662,1944,12,626,25,2382],"class_list":{"0":"post-656038","1":"post","2":"type-post","3":"status-publish","4":"format-standard","5":"has-post-thumbnail","7":"category-ile-de-france","8":"tag-actu","9":"tag-actualites","10":"tag-eu","11":"tag-europe","12":"tag-fr","13":"tag-france","14":"tag-ile-de-france","15":"tag-ma-ville","16":"tag-news","17":"tag-paris","18":"tag-republique-francaise","19":"tag-transport-idf-oise"},"share_on_mastodon":{"url":"https:\/\/pubeurope.com\/@fr\/115876296413650109","error":""},"_links":{"self":[{"href":"https:\/\/www.europesays.com\/fr\/wp-json\/wp\/v2\/posts\/656038","targetHints":{"allow":["GET"]}}],"collection":[{"href":"https:\/\/www.europesays.com\/fr\/wp-json\/wp\/v2\/posts"}],"about":[{"href":"https:\/\/www.europesays.com\/fr\/wp-json\/wp\/v2\/types\/post"}],"author":[{"embeddable":true,"href":"https:\/\/www.europesays.com\/fr\/wp-json\/wp\/v2\/users\/2"}],"replies":[{"embeddable":true,"href":"https:\/\/www.europesays.com\/fr\/wp-json\/wp\/v2\/comments?post=656038"}],"version-history":[{"count":0,"href":"https:\/\/www.europesays.com\/fr\/wp-json\/wp\/v2\/posts\/656038\/revisions"}],"wp:featuredmedia":[{"embeddable":true,"href":"https:\/\/www.europesays.com\/fr\/wp-json\/wp\/v2\/media\/656039"}],"wp:attachment":[{"href":"https:\/\/www.europesays.com\/fr\/wp-json\/wp\/v2\/media?parent=656038"}],"wp:term":[{"taxonomy":"category","embeddable":true,"href":"https:\/\/www.europesays.com\/fr\/wp-json\/wp\/v2\/categories?post=656038"},{"taxonomy":"post_tag","embeddable":true,"href":"https:\/\/www.europesays.com\/fr\/wp-json\/wp\/v2\/tags?post=656038"}],"curies":[{"name":"wp","href":"https:\/\/api.w.org\/{rel}","templated":true}]}}