{"id":656040,"date":"2026-01-11T11:45:10","date_gmt":"2026-01-11T11:45:10","guid":{"rendered":"https:\/\/www.europesays.com\/fr\/656040\/"},"modified":"2026-01-11T11:45:10","modified_gmt":"2026-01-11T11:45:10","slug":"un-directeur-dehpad-du-val-doise-soupconne-davoir-detourne-800-000-euros-a-une-residente-poursuivi-pour-abus-de-faiblesse","status":"publish","type":"post","link":"https:\/\/www.europesays.com\/fr\/656040\/","title":{"rendered":"Un directeur d\u2019Ehpad du Val-d\u2019Oise, soup\u00e7onn\u00e9 d\u2019avoir d\u00e9tourn\u00e9 800\u00a0000\u00a0euros \u00e0 une r\u00e9sidente, poursuivi pour abus de faiblesse"},"content":{"rendered":"<p class=\"paragraph text_align_left lp-f-body-02\">Pr\u00e8s de 800\u00a0000\u00a0euros. C\u2019est la somme appartenant \u00e0 une r\u00e9sidente d\u2019un Ehpad d\u2019Eaubonne (<a href=\"https:\/\/www.leparisien.fr\/val-d-oise-95\/\" target=\"_blank\" rel=\"noreferrer noopener\">Val-d\u2019Oise<\/a>) qu\u2019aurait d\u00e9tourn\u00e9e le directeur de l\u2019\u00e9tablissement o\u00f9 elle vivait. Ce dernier est poursuivi pour \u00ab\u00a0abus de faiblesse\u00a0\u00bb, a fait savoir le parquet de Pontoise \u00e0 l\u2019AFP, <a href=\"https:\/\/www.franceinfo.fr\/enquetes-franceinfo\/info-franceinfo-un-directeur-d-ehpad-du-val-d-oise-licencie-apres-avoir-vide-les-comptes-d-une-residente-vulnerable_7731016.html\" target=\"_blank\" rel=\"noreferrer noopener\">confirmant une information de la cellule investigation de Radio France.<\/a><\/p>\n<p class=\"\">C\u2019est le conseiller bancaire de la victime pr\u00e9sum\u00e9e, une nonag\u00e9naire, qui avait donn\u00e9 l\u2019alerte apr\u00e8s avoir d\u00e9couvert <a href=\"https:\/\/www.leparisien.fr\/hauts-de-seine-92\/villeneuve-la-garenne-un-homme-et-une-femme-soupconnes-davoir-depouille-un-retraite-en-ehpad-30-01-2025-2LNKPV7PCFBU7HDLUR7GWPGR5E.php\" target=\"_blank\" rel=\"noreferrer noopener\">d\u2019importantes transactions sur son compte<\/a>.<\/p>\n<p>Gagner sa confiance<\/p>\n<p class=\"\">Selon nos confr\u00e8res de Franceinfo, le directeur de l\u2019Ehpad, appartenant au groupe Clariane (ex-Korian), a gagn\u00e9 sa confiance quand elle n\u2019\u00e9tait pas encore r\u00e9sidente de l\u2019\u00e9tablissement, mais qu\u2019elle venait rendre visite \u00e0 sa s\u0153ur, qui r\u00e9sidait dans la structure.<\/p>\n<p class=\"\">Pendant plusieurs ann\u00e9es, il noue des liens avec elle. Il apprend ainsi que la vieille dame n\u2019a pas de descendant et ne fait l\u2019objet d\u2019aucune mesure de protection, selon nos confr\u00e8res.<\/p>\n<p class=\"\">En 2022, quand l\u2019\u00e9tat de sant\u00e9 de la nonag\u00e9naire se d\u00e9grade, c\u2019est lui-m\u00eame qui organise son admission dans l\u2019Ehpad et obtient procuration sur ses comptes bancaires, d\u2019apr\u00e8s l\u2019article publi\u00e9 sur le site de franceinfo.<\/p>\n<p>D\u00e9j\u00e0 condamn\u00e9 en 2013 pour abus de confiance<\/p>\n<p class=\"\">Le directeur de l\u2019\u00e9tablissement lui aurait subtilis\u00e9 pr\u00e8s de 200\u00a0000\u00a0euros \u00ab\u00a0pour assurer son train de vie\u00a0: ch\u00e8ques, paiements de ses propres factures, retraits en esp\u00e8ces\u00a0\u00bb, selon nos confr\u00e8res.<\/p>\n<p class=\"\">Mais ce n\u2019est pas tout, il aurait \u00e9galement modifi\u00e9 ses contrats d\u2019assurance vie, d\u2019une valeur de 600\u00a0000\u00a0euros, pour se d\u00e9signer comme le l\u00e9gataire au d\u00e9c\u00e8s de la r\u00e9sidente. Selon le parquet de Pontoise, le montant du pr\u00e9judice \u00e9tait de \u00ab\u00a0cet ordre de grandeur\u00a0\u00bb, mais il a \u00e9t\u00e9 \u00ab\u00a0un peu sur\u00e9valu\u00e9\u00a0\u00bb par le m\u00e9dia.<\/p>\n<p class=\"\">L\u2019homme a \u00e9t\u00e9 plac\u00e9 sous contr\u00f4le judiciaire en attendant d\u2019\u00eatre jug\u00e9 en juin et a \u00e9t\u00e9 licenci\u00e9 par le groupe Clariane (ex-Korian), a r\u00e9agi aupr\u00e8s de Radio France cette entreprise qui a, par ailleurs, indiqu\u00e9 se constituer partie civile. Le directeur avait d\u00e9j\u00e0 \u00e9t\u00e9 jug\u00e9 en 2013 pour abus de confiance \u00e0 l\u2019encontre d\u2019un autre groupe priv\u00e9 de sant\u00e9, selon cette source.<\/p>\n","protected":false},"excerpt":{"rendered":"Pr\u00e8s de 800\u00a0000\u00a0euros. C\u2019est la somme appartenant \u00e0 une r\u00e9sidente d\u2019un Ehpad d\u2019Eaubonne (Val-d\u2019Oise) qu\u2019aurait d\u00e9tourn\u00e9e le directeur&hellip;\n","protected":false},"author":2,"featured_media":656041,"comment_status":"","ping_status":"","sticky":false,"template":"","format":"standard","meta":{"footnotes":""},"categories":[1888],"tags":[1111,1928,11,1927,1777,674,118,1011,27,1944,12,1926,626,1925,25,6601],"class_list":{"0":"post-656040","1":"post","2":"type-post","3":"status-publish","4":"format-standard","5":"has-post-thumbnail","7":"category-paris","8":"tag-actu","9":"tag-actu-paris","10":"tag-actualites","11":"tag-actualites-paris","12":"tag-eu","13":"tag-europe","14":"tag-faits-divers","15":"tag-fr","16":"tag-france","17":"tag-ma-ville","18":"tag-news","19":"tag-news-paris","20":"tag-paris","21":"tag-paris-news","22":"tag-republique-francaise","23":"tag-val-d-oise"},"share_on_mastodon":{"url":"https:\/\/pubeurope.com\/@fr\/115876300313506003","error":""},"_links":{"self":[{"href":"https:\/\/www.europesays.com\/fr\/wp-json\/wp\/v2\/posts\/656040","targetHints":{"allow":["GET"]}}],"collection":[{"href":"https:\/\/www.europesays.com\/fr\/wp-json\/wp\/v2\/posts"}],"about":[{"href":"https:\/\/www.europesays.com\/fr\/wp-json\/wp\/v2\/types\/post"}],"author":[{"embeddable":true,"href":"https:\/\/www.europesays.com\/fr\/wp-json\/wp\/v2\/users\/2"}],"replies":[{"embeddable":true,"href":"https:\/\/www.europesays.com\/fr\/wp-json\/wp\/v2\/comments?post=656040"}],"version-history":[{"count":0,"href":"https:\/\/www.europesays.com\/fr\/wp-json\/wp\/v2\/posts\/656040\/revisions"}],"wp:featuredmedia":[{"embeddable":true,"href":"https:\/\/www.europesays.com\/fr\/wp-json\/wp\/v2\/media\/656041"}],"wp:attachment":[{"href":"https:\/\/www.europesays.com\/fr\/wp-json\/wp\/v2\/media?parent=656040"}],"wp:term":[{"taxonomy":"category","embeddable":true,"href":"https:\/\/www.europesays.com\/fr\/wp-json\/wp\/v2\/categories?post=656040"},{"taxonomy":"post_tag","embeddable":true,"href":"https:\/\/www.europesays.com\/fr\/wp-json\/wp\/v2\/tags?post=656040"}],"curies":[{"name":"wp","href":"https:\/\/api.w.org\/{rel}","templated":true}]}}