{"id":656052,"date":"2026-01-11T11:51:10","date_gmt":"2026-01-11T11:51:10","guid":{"rendered":"https:\/\/www.europesays.com\/fr\/656052\/"},"modified":"2026-01-11T11:51:10","modified_gmt":"2026-01-11T11:51:10","slug":"au-moins-192-manifestants-sont-morts-depuis-le-debut-du-mouvement-selon-iran-human-rights","status":"publish","type":"post","link":"https:\/\/www.europesays.com\/fr\/656052\/","title":{"rendered":"au moins 192 manifestants sont morts depuis le d\u00e9but du mouvement, selon Iran Human Rights"},"content":{"rendered":"<p>Aujourd&rsquo;hui \u00e0 12h42<\/p>\n<p>Isra\u00ebl dit \u00ab\u00a0soutenir la lutte du peuple iranien pour la libert\u00e9\u00a0\u00bb<\/p>\n<p>Le ministre isra\u00e9lien des Affaires \u00e9trang\u00e8res a d\u00e9clar\u00e9 que son pays \u00ab\u00a0(soutenait) la lutte du peuple iranien pour la libert\u00e9\u00a0\u00bb, alors que la R\u00e9publique islamique fait face \u00e0 un mouvement de contestation in\u00e9dit depuis trois ans.<\/p>\n<p>\u00ab\u00a0Nous pensons qu&rsquo;il m\u00e9rite un avenir meilleur. Nous n&rsquo;avons aucune hostilit\u00e9 envers le peuple iranien. Nous avons un \u00e9norme probl\u00e8me (&#8230;) avec le r\u00e9gime (&#8230;), premier exportateur de terrorisme et de radicalisme\u00a0\u00bb, a ajout\u00e9 Gideon Saar dans une interview t\u00e9l\u00e9vis\u00e9e post\u00e9e sur son compte X.<\/p>\n<p>Aujourd&rsquo;hui \u00e0 12h05<\/p>\n<p>Une ONG des droits humains fait \u00e9tat d&rsquo;au moins 192 morts depuis le d\u00e9but du mouvement<\/p>\n<p>Au moins 192 manifestants ont \u00e9t\u00e9 tu\u00e9s en deux semaines de mouvement de contestation en Iran, a affirm\u00e9 une organisation de d\u00e9fense des droits humains, soit une forte hausse par rapport au bilan pr\u00e9c\u00e9dent de 51 morts.<\/p>\n<p>\u00ab\u00a0Depuis le d\u00e9but des manifestations, Iran Human Rights a confirm\u00e9 la mort d&rsquo;au moins 192 manifestants\u00a0\u00bb, a indiqu\u00e9 l&rsquo;ONG bas\u00e9e en Norv\u00e8ge, avertissant que le bilan pourrait \u00eatre bien plus \u00e9lev\u00e9, la coupure d&rsquo;internet de plusieurs jours ayant rendu difficile le d\u00e9compte.<\/p>\n<p>Aujourd&rsquo;hui \u00e0 12h04<\/p>\n<p>Le chef de la s\u00e9curit\u00e9 nationale iranienne d\u00e9nonce une \u00ab\u00a0vague destructrice et organis\u00e9e\u00a0\u00bb de la part d&rsquo;un \u00ab\u00a0groupe qui a exploit\u00e9 les manifestations\u00a0\u00bb<\/p>\n<p>Pour le chef de la s\u00e9curit\u00e9 nationale iranienne, Ali Larijani, les manifestations contre les probl\u00e8mes \u00e9conomiques dans le pays \u00e9taient \u00ab\u00a0des revendications l\u00e9gitimes du peuple\u00a0\u00bb, mais qu&rsquo;une \u00ab\u00a0vague destructrice et organis\u00e9e\u00a0\u00bb avait pris le contr\u00f4le du mouvement et l&rsquo;avait transform\u00e9 en \u00e9meutes.<\/p>\n<p>\u00ab\u00a0Ce groupe a exploit\u00e9 les manifestations et s&rsquo;est livr\u00e9 \u00e0 des actes tr\u00e8s violents et criminels, notamment en tuant des personnes, en br\u00fblant des gens et en commettant des actes violents qui ressemblent fortement aux m\u00e9thodes utilis\u00e9es par des groupes terroristes tels que Daech\u00a0\u00bb, a-t-il d\u00e9clar\u00e9, selon l&rsquo;agence de presse d&rsquo;\u00c9tat Tasnim.<\/p>\n<p>Aujourd&rsquo;hui \u00e0 11h46<\/p>\n<p>Le pr\u00e9sident iranien abordera la situation \u00e9conomique et les \u00ab\u00a0revendications du peuple\u00a0\u00bb dans une interview ce dimanche<\/p>\n<p>D&rsquo;apr\u00e8s la t\u00e9l\u00e9vision d&rsquo;\u00c9tat, le pr\u00e9sident iranien Massoud Pezechkian abordera la situation \u00e9conomique et les \u00ab\u00a0revendications du peuple\u00a0\u00bb dans une interview aujourd&rsquo;hui.<\/p>\n<p>Cet entretien avec les m\u00e9dias iraniens, d\u00e9j\u00e0 r\u00e9alis\u00e9, porte sur \u00ab\u00a0l&rsquo;\u00e9tat d&rsquo;avancement du programme \u00e9conomique du gouvernement\u00a0\u00bb et \u00e9voque \u00ab\u00a0les \u00e9v\u00e9nements r\u00e9cents et l&rsquo;approche du gouvernement\u00a0\u00bb pour r\u00e9pondre aux attentes des Iraniens, selon la m\u00eame source.<\/p>\n<p>Aujourd&rsquo;hui \u00e0 11h44<\/p>\n<p>Isra\u00ebl estime que l&rsquo;UE doit classer les Gardiens de la R\u00e9volution \u00ab\u00a0organisation terroriste\u00a0\u00bb<\/p>\n<p>Le ministre des Affaires \u00e9trang\u00e8res isra\u00e9lien a jug\u00e9 \u00ab\u00a0l&rsquo;heure venue pour l&rsquo;UE de qualifier les Gardiens de la R\u00e9volution iranienne d&rsquo;organisation terroriste\u00a0\u00bb, au moment o\u00f9 la R\u00e9publique islamique est soup\u00e7onn\u00e9e de r\u00e9primer violemment des manifestations.<\/p>\n<blockquote class=\"embed embed_quote\"><p>\u00ab\u00a0Telle est depuis longtemps la position de l&rsquo;Allemagne, et aujourd&rsquo;hui, l&rsquo;importance de cette question est claire pour tous\u00a0\u00bb, a d\u00e9clar\u00e9 Gideon Saar sur X, apr\u00e8s des discussions avec le ministre de l&rsquo;Int\u00e9rieur allemand Alexander Dobrindt, en visite en Isra\u00ebl.<\/p><\/blockquote>\n<p>Aujourd&rsquo;hui \u00e0 11h23<\/p>\n<p>Quel est ce drapeau avec un lion et un soleil brandi par les manifestants iraniens en exil?<\/p>\n<p>Malgr\u00e9 la r\u00e9pression du pouvoir et les menaces, de nouvelles manifestations ont secou\u00e9 dans la nuit les grandes villes du pays.<\/p>\n<p>En soutien de ce mouvement de contestation in\u00e9dit depuis trois ans, le r\u00e9seau social X a modifi\u00e9 l&rsquo;\u00e9moji du drapeau iranien sur sa plateforme, rel\u00e8ve l&rsquo;agence de presse turque Anadolu.<\/p>\n<p>Le drapeau de la R\u00e9publique islamique d&rsquo;Iran a \u00e9t\u00e9 remplac\u00e9, sur le web uniquement et non sur l&rsquo;application, par le drapeau \u00ab\u00a0Lion et Soleil\u00a0\u00bb utilis\u00e9 avant la r\u00e9volution de 1979, qui a fait tomber la dynastie Pahlavi et la monarchie iranienne.<\/p>\n<p>Quel signifie ce drapeau? <a href=\"https:\/\/www.bfmtv.com\/international\/moyen-orient\/iran\/pense-pour-representer-l-ensemble-des-peuples-quel-est-ce-drapeau-avec-un-lion-et-un-soleil-brandi-par-les-manifestants-iraniens-en-exil_AN-202601100319.html\" title=\"&quot;Pens\u00e9 pour repr\u00e9senter l&#039;ensemble des peuples&quot;: quel est ce drapeau avec un lion et un soleil brandi par les manifestants iraniens en exil?\" class=\"internal_link\" target=\"_blank\" rel=\"noopener\">Notre article complet est \u00e0 lire ici<\/a>.<\/p>\n<p>Aujourd&rsquo;hui \u00e0 11h18<\/p>\n<p>L&rsquo;Union europ\u00e9enne d\u00e9clare \u00ab\u00a0soutenir pleinement\u00a0\u00bb les manifestants iraniens<\/p>\n<p>De nombreuses capitales occidentales ont condamn\u00e9 l&rsquo;usage de la force contre les manifestants. La pr\u00e9sidente de la Commission europ\u00e9enne, Ursula von der Leyen, <strong><a href=\"https:\/\/www.bfmtv.com\/international\/moyen-orient\/iran\/l-union-europeenne-declare-soutenir-pleinement-les-manifestants-iraniens_AD-202601100324.html\" title=\"L&#039;Union europ\u00e9enne d\u00e9clare &quot;soutenir pleinement&quot; les manifestants iraniens\" class=\"internal_link\" target=\"_blank\" rel=\"noopener\">a exprim\u00e9 le plein soutien de l&rsquo;Europe aux \u00ab\u00a0femmes et hommes iraniens qui r\u00e9clament la libert\u00e9\u00a0\u00bb, d\u00e9non\u00e7ant la \u00ab\u00a0r\u00e9pression violente\u00a0\u00bb<\/a><\/strong>.<\/p>\n<p>\u00a0\u00c0 Londres, le drapeau de la R\u00e9publique islamique a bri\u00e8vement \u00e9t\u00e9 remplac\u00e9 par celui, <strong><a href=\"https:\/\/www.bfmtv.com\/international\/moyen-orient\/iran\/le-drapeau-de-la-republique-islamique-brievement-remplace-par-un-drapeau-de-la-monarchie-iranienne-a-londres_AD-202601100357.html\" title=\"Le drapeau de la R\u00e9publique islamique bri\u00e8vement remplac\u00e9 par un drapeau de la monarchie iranienne \u00e0 Londres\" class=\"internal_link\" target=\"_blank\" rel=\"noopener\">orn\u00e9 d&rsquo;un lion et d&rsquo;un soleil, de l&rsquo;ancien r\u00e9gime monarchique<\/a><\/strong> au fronton de l&rsquo;ambassade iranienne par un manifestant, lors d&rsquo;un rassemblement de plusieurs centaines de personnes.<\/p>\n<p>Aujourd&rsquo;hui \u00e0 11h16<\/p>\n<p>Donald Trump \u00ab\u00a0envisage s\u00e9rieusement\u00a0\u00bb une nouvelle intervention contre l&rsquo;Iran, selon le New York Times<\/p>\n<p>Selon le New York Times, le pr\u00e9sident am\u00e9ricain a \u00e9t\u00e9 brief\u00e9 ces derniers jours sur les options \u00e0 sa disposition concernant de possibles frappes, y compris visant des cibles civiles.<\/p>\n<p>Le quotidien, qui cite des sources anonymes, souligne qu&rsquo;il n&rsquo;a pas pris de d\u00e9cision finale mais \u00ab\u00a0envisage s\u00e9rieusement\u00a0\u00bb une nouvelle intervention, apr\u00e8s avoir bombard\u00e9 <a href=\"https:\/\/www.bfmtv.com\/international\/moyen-orient\/iran\/le-guide-supreme-iranien-affirme-que-donald-trump-reve-s-il-pense-avoir-detruit-les-sites-nucleaires-en-iran_AD-202510200464.html\" title=\"Le guide supr\u00eame iranien affirme que Donald Trump &quot;r\u00eave&quot; s&#039;il pense avoir d\u00e9truit les sites nucl\u00e9aires en Iran\" class=\"internal_link\" target=\"_blank\" rel=\"noopener\">trois importants sites nucl\u00e9aires iraniens en juin<\/a>.<\/p>\n<p>D&rsquo;apr\u00e8s Reuters, qui cite trois sources isra\u00e9liennes, la possibilit\u00e9 d&rsquo;une intervention am\u00e9ricaine a \u00e9t\u00e9 \u00e9voqu\u00e9e lors d&rsquo;un appel t\u00e9l\u00e9phonique entre le Premier ministre isra\u00e9lien Benjamin Netanyahu et le secr\u00e9taire d&rsquo;\u00c9tat am\u00e9ricain Marco Rubio. Isra\u00ebl s&rsquo;est plac\u00e9 en \u00ab\u00a0\u00e9tat d&rsquo;alerte maximale\u00a0\u00bb face \u00e0 cette possibilit\u00e9 de frappes am\u00e9ricaines, ont indiqu\u00e9 ces sources.<\/p>\n<p>Isra\u00ebl n&rsquo;a pour l&rsquo;heure manifest\u00e9 publiquement aucune volont\u00e9 d&rsquo;intervenir. Dans une interview publi\u00e9e vendredi par The Economist, Benjamin Netanyahu a d\u00e9clar\u00e9 qu&rsquo;une attaque iranienne contre son pays aurait des cons\u00e9quences terribles. \u00c0 propos des manifestations, il a ajout\u00e9 : \u00ab\u00a0Pour le reste, je pense que nous devons observer ce qui se passe \u00e0 l&rsquo;int\u00e9rieur de l&rsquo;Iran.\u00a0\u00bb<\/p>\n<p>Aujourd&rsquo;hui \u00e0 11h04<\/p>\n<p>Le fils de l&rsquo;ancien shah d&rsquo;Iran \u00ab\u00a0bient\u00f4t aux c\u00f4t\u00e9s\u00a0\u00bb des manifestants<\/p>\n<p>Dans une nouvelle vid\u00e9o publi\u00e9e sur les r\u00e9seaux sociaux, Reza Pahlavi, le fils bas\u00e9 aux \u00c9tats-Unis du shah d&rsquo;Iran destitu\u00e9, appelle les manifestants \u00e0 ne pas \u00ab\u00a0abandonner les rues\u00a0\u00bb et affirme qu\u2019il sera \u00ab\u00a0bient\u00f4t \u00e0 (leurs) c\u00f4t\u00e9s\u00a0\u00bb.<\/p>\n<p>\u00ab\u00a0Le monde entier soutient aujourd&rsquo;hui votre r\u00e9volution nationale et admire votre courage. Le pr\u00e9sident Trump, en tant que leader du monde libre, a notamment observ\u00e9 de pr\u00e8s votre bravoure indescriptible et s&rsquo;est d\u00e9clar\u00e9 pr\u00eat \u00e0 vous aider. Ne quittez pas les rues. Mon c\u0153ur est avec vous. Je sais que je serai bient\u00f4t \u00e0 vos c\u00f4t\u00e9s\u00a0\u00bb, a-t-il d\u00e9clar\u00e9.<\/p>\n<p>Aujourd&rsquo;hui \u00e0 10h47<\/p>\n<p>Internet coup\u00e9 dans le pays depuis pr\u00e8s de trois jours<\/p>\n<p>Face \u00e0 l\u2019escalade des tensions en Iran, les autorit\u00e9s ont opt\u00e9 pour une mesure radicale: <a href=\"https:\/\/www.bfmtv.com\/tech\/vie-numerique\/le-pays-a-ete-mis-hors-ligne-en-iran-le-pouvoir-coupe-internet-et-restreint-les-acces-pour-tenter-de-controler-les-manifestants_AN-202601090457.html\" title=\"&quot;Le pays a \u00e9t\u00e9 mis hors ligne&quot;: en Iran, le pouvoir coupe Internet et restreint les acc\u00e8s pour tenter de contr\u00f4ler les manifestants\" class=\"internal_link\" target=\"_blank\" rel=\"noopener\">la coupure de l&rsquo;acc\u00e8s \u00e0 Internet, effective depuis jeudi<\/a>.<\/p>\n<p>Selon l&rsquo;ONG Netblocks, ce matin, cela faisait plus de 60 heures que la coupure d&rsquo;internet avait \u00e9t\u00e9 mise en place.<\/p>\n<p>Aujourd&rsquo;hui \u00e0 10h43<\/p>\n<p>Le fils du shah d\u00e9chu appelle \u00e0 la mobilisation<\/p>\n<p>Dans ce contexte tendu, le fils du dernier shah d&rsquo;Iran, renvers\u00e9 en 1979, a lanc\u00e9 depuis les \u00c9tats-Unis o\u00f9 il vit en exil <a href=\"https:\/\/www.bfmtv.com\/international\/moyen-orient\/iran\/le-fils-du-chah-dechu-d-iran-exhorte-les-manifestants-a-se-preparer-a-prendre-les-centres-villes_AD-202601100187.html\" title=\"Le fils du chah d\u00e9chu d&#039;Iran exhorte les manifestants \u00e0 &quot;se pr\u00e9parer \u00e0 prendre&quot; les centres-villes\" class=\"internal_link\" target=\"_blank\" rel=\"noopener\">un appel \u00e0 la mobilisation<\/a>.<\/p>\n<blockquote class=\"embed embed_quote\"><p>\u00ab\u00a0Notre objectif n&rsquo;est plus seulement de descendre dans la rue, mais de nous pr\u00e9parer \u00e0 nous emparer des centres-villes et \u00e0 les tenir\u00a0\u00bb, a \u00e9crit hier Reza Pahlavi sur les r\u00e9seaux sociaux.<\/p><\/blockquote>\n<p>Il a appel\u00e9 les employ\u00e9s des secteurs cl\u00e9s de l&rsquo;\u00e9conomie, dont les transports, le p\u00e9trole et le gaz, \u00e0 entamer une gr\u00e8ve g\u00e9n\u00e9rale.<\/p>\n<p>Aujourd&rsquo;hui \u00e0 10h41<\/p>\n<p>Au moins 51 manifestants tu\u00e9s depuis le d\u00e9but de la vague de contestation<\/p>\n<p>Depuis le d\u00e9but le 28 d\u00e9cembre de la contestation, initialement li\u00e9e au co\u00fbt de la vie, au moins 51 manifestants, dont neuf enfants, ont \u00e9t\u00e9 tu\u00e9s et des centaines d&rsquo;autres bless\u00e9s, a d\u00e9nombr\u00e9 vendredi l&rsquo;organisation Iran Human Rights, bas\u00e9e en Norv\u00e8ge.<\/p>\n<p>Elle a diffus\u00e9 des images montrant, selon elle, des cadavres de manifestants empil\u00e9s dans un h\u00f4pital de T\u00e9h\u00e9ran.<\/p>\n<p>La t\u00e9l\u00e9vision d&rsquo;\u00c9tat a elle diffus\u00e9 hier des images des fun\u00e9railles \u00e0 Chiraz de membres des forces de s\u00e9curit\u00e9 tu\u00e9s lors des manifestations.\u00a0Elle a \u00e9galement montr\u00e9 des images de b\u00e2timents en feu, y compris des mosqu\u00e9es.<\/p>\n<p>Aujourd&rsquo;hui \u00e0 10h40<\/p>\n<p>Donald Trump se dit \u00ab\u00a0pr\u00eat \u00e0 aider\u00a0\u00bb les manifestants, l&rsquo;Iran menace de riposter \u00e0 toute intervention am\u00e9ricaine<\/p>\n<p>Alors que le mouvement se poursuit depuis le 28 d\u00e9cembre, le pr\u00e9sident am\u00e9ricain Donald Trump a plusieurs fois menac\u00e9 ces derniers jours T\u00e9h\u00e9ran <a href=\"https:\/\/www.bfmtv.com\/international\/moyen-orient\/iran\/donald-trump-affirme-que-les-etats-unis-sont-prets-a-aider-le-mouvement-de-contestation-en-iran_AD-202601100368.html\" title=\"Donald Trump affirme que les \u00c9tats-Unis sont &quot;pr\u00eats \u00e0 aider&quot; le mouvement de contestation en Iran\" class=\"internal_link\" target=\"_blank\" rel=\"noopener\">de venir en aide aux protestataires en cas de r\u00e9pression trop brutale<\/a>.<\/p>\n<blockquote class=\"embed embed_quote\"><p>\u00ab\u00a0L&rsquo;Iran veut la libert\u00e9\u00a0\u00bb et \u00ab\u00a0les \u00c9tats-Unis sont pr\u00eats \u00e0 l&rsquo;aider\u00a0\u00bb, a-t-il \u00e9crit hier soir sur son r\u00e9seau Truth Social.<\/p><\/blockquote>\n<p>Aujourd&rsquo;hui, le pr\u00e9sident du Parlement iranien, Mohammad Baqer Qalibaf, a averti en retour qu'\u00a0\u00bben cas d&rsquo;attaque contre l&rsquo;Iran, les territoires occup\u00e9s (Isra\u00ebl, NDLR) et les bases et navires am\u00e9ricains seront nos cibles l\u00e9gitimes\u00a0\u00bb, <a href=\"https:\/\/www.bfmtv.com\/international\/moyen-orient\/iran\/l-iran-visera-l-armee-et-le-transport-maritime-des-etats-unis-en-cas-d-attaque-la-menace-du-president-du-parlement_AD-202601110139.html\" title=\"L&#039;Iran visera l&#039;arm\u00e9e et le transport maritime des \u00c9tats-Unis en cas d&#039;attaque: la menace du pr\u00e9sident du Parlement iranien envers Washington\" class=\"internal_link\" target=\"_blank\" rel=\"noopener\">mettant en garde les \u00c9tats-Unis contre toute \u00ab\u00a0erreur de calcul\u00a0\u00bb<\/a>.<\/p>\n<p>Aujourd&rsquo;hui \u00e0 10h38<\/p>\n<p>Le mouvement de contestation se poursuit en Iran, les nouvelles manifestations r\u00e9prim\u00e9es<\/p>\n<p>Bonjour et bienvenue dans ce direct, consacr\u00e9 \u00e0 l&rsquo;actualit\u00e9 en Iran. Hier soir, des Iraniens ont de nouveau d\u00e9fil\u00e9 \u00e0 T\u00e9h\u00e9ran et scand\u00e9 des slogans hostiles au pouvoir. Selon une vid\u00e9o authentifi\u00e9e par l&rsquo;AFP, une manifestation a d\u00e9but\u00e9 tard samedi soir dans un quartier du nord de T\u00e9h\u00e9ran.<\/p>\n<p>Dimanche matin, la police a annonc\u00e9 d'\u00a0\u00bbimportantes\u00a0\u00bb arrestations \u00ab\u00a0contre les principaux \u00e9l\u00e9ments impliqu\u00e9s dans les \u00e9meutes, qui, si Dieu le veut, seront punis apr\u00e8s la fin des proc\u00e9dures l\u00e9gales\u00a0\u00bb.<\/p>\n","protected":false},"excerpt":{"rendered":"Aujourd&rsquo;hui \u00e0 12h42 Isra\u00ebl dit \u00ab\u00a0soutenir la lutte du peuple iranien pour la libert\u00e9\u00a0\u00bb Le ministre isra\u00e9lien des&hellip;\n","protected":false},"author":2,"featured_media":656053,"comment_status":"","ping_status":"","sticky":false,"template":"","format":"standard","meta":{"footnotes":""},"categories":[1589],"tags":[11,73,1866,12,1864,1865,1863,308],"class_list":{"0":"post-656052","1":"post","2":"type-post","3":"status-publish","4":"format-standard","5":"has-post-thumbnail","7":"category-etats-unis","8":"tag-actualites","9":"tag-etats-unis","10":"tag-etats-unis-damerique","11":"tag-news","12":"tag-united-states","13":"tag-united-states-of-america","14":"tag-us","15":"tag-usa"},"share_on_mastodon":{"url":"https:\/\/pubeurope.com\/@fr\/115876323816171977","error":""},"_links":{"self":[{"href":"https:\/\/www.europesays.com\/fr\/wp-json\/wp\/v2\/posts\/656052","targetHints":{"allow":["GET"]}}],"collection":[{"href":"https:\/\/www.europesays.com\/fr\/wp-json\/wp\/v2\/posts"}],"about":[{"href":"https:\/\/www.europesays.com\/fr\/wp-json\/wp\/v2\/types\/post"}],"author":[{"embeddable":true,"href":"https:\/\/www.europesays.com\/fr\/wp-json\/wp\/v2\/users\/2"}],"replies":[{"embeddable":true,"href":"https:\/\/www.europesays.com\/fr\/wp-json\/wp\/v2\/comments?post=656052"}],"version-history":[{"count":0,"href":"https:\/\/www.europesays.com\/fr\/wp-json\/wp\/v2\/posts\/656052\/revisions"}],"wp:featuredmedia":[{"embeddable":true,"href":"https:\/\/www.europesays.com\/fr\/wp-json\/wp\/v2\/media\/656053"}],"wp:attachment":[{"href":"https:\/\/www.europesays.com\/fr\/wp-json\/wp\/v2\/media?parent=656052"}],"wp:term":[{"taxonomy":"category","embeddable":true,"href":"https:\/\/www.europesays.com\/fr\/wp-json\/wp\/v2\/categories?post=656052"},{"taxonomy":"post_tag","embeddable":true,"href":"https:\/\/www.europesays.com\/fr\/wp-json\/wp\/v2\/tags?post=656052"}],"curies":[{"name":"wp","href":"https:\/\/api.w.org\/{rel}","templated":true}]}}