{"id":656054,"date":"2026-01-11T11:53:20","date_gmt":"2026-01-11T11:53:20","guid":{"rendered":"https:\/\/www.europesays.com\/fr\/656054\/"},"modified":"2026-01-11T11:53:20","modified_gmt":"2026-01-11T11:53:20","slug":"femmes-denudees-par-grok-lia-de-musk-accusee-davoir-cree-des-images-dabus-sexuels-sur-enfants-au-royaume-uni","status":"publish","type":"post","link":"https:\/\/www.europesays.com\/fr\/656054\/","title":{"rendered":"Femmes d\u00e9nud\u00e9es par Grok\u00a0: l\u2019IA de Musk accus\u00e9e d\u2019avoir cr\u00e9\u00e9 des images d\u2019abus sexuels sur enfants au Royaume-Uni"},"content":{"rendered":"<p class=\"paragraph text_align_left lp-f-body-02\">Grok s\u2019enlise dans la pol\u00e9mique. Alors que l\u2019<a href=\"https:\/\/www.leparisien.fr\/high-tech\/intelligence-artificielle\/\" target=\"_self\" rel=\"noopener\">intelligence artificielle<\/a> cr\u00e9\u00e9e par <a href=\"https:\/\/www.leparisien.fr\/international\/elon-musk\/\" target=\"_self\" rel=\"noopener\">Elon Musk<\/a> est accus\u00e9e de d\u00e9nuder des milliers de femmes sans leur consentement, Grok Imagine aurait m\u00eame \u00e9t\u00e9 utilis\u00e9 pour <a href=\"https:\/\/www.leparisien.fr\/high-tech\/nouvelle-controverse-autour-de-grok-lia-delon-musk-accusee-de-faciliter-des-montages-de-femmes-denudees-sans-leur-accord-02-01-2026-7RUNW5GS5VCEPERPG6HYJTZURM.php\" target=\"_self\" rel=\"noopener\">cr\u00e9er des images sexualis\u00e9es<\/a> de filles mineures, \u00e2g\u00e9es de 11 \u00e0 13 ans.<\/p>\n<p class=\"\">\u00ab Nous pouvons confirmer que nos analystes ont d\u00e9couvert des images \u00e0 caract\u00e8re criminel d\u2019enfants \u00e2g\u00e9s de 11 \u00e0 13 ans qui semblent avoir \u00e9t\u00e9 cr\u00e9\u00e9es \u00e0 l\u2019aide de cet outil \u00bb, a confirm\u00e9 aupr\u00e8s du <a href=\"https:\/\/www.theguardian.com\/technology\/2026\/jan\/08\/ai-chatbot-grok-used-to-create-child-sexual-abuse-imagery-watchdog-says\" target=\"_self\" rel=\"noopener\">Guardian<\/a> Ngaire Alexander, responsable de la ligne d\u2019assistance t\u00e9l\u00e9phonique de l\u2019Internet Watch Foundation (IWF), un organisme bas\u00e9 au <a href=\"https:\/\/www.leparisien.fr\/international\/royaume-uni\/\" target=\"_self\" rel=\"noopener\">Royaume-Uni<\/a>.<\/p>\n<p>Des \u00ab failles \u00bb \u00e0 corriger de \u00ab toute urgence \u00bb<\/p>\n<p class=\"\">Le gouvernement britannique a appel\u00e9, ce mardi, le r\u00e9seau social X \u00e0 trouver \u00ab de toute urgence \u00bb une solution pour \u00e9viter la prolif\u00e9ration de <a href=\"https:\/\/www.leparisien.fr\/high-tech\/ia-x-explique-pourquoi-grok-est-devenu-fou-et-pro-nazi-12-07-2025-OWEOOLXRZ5DBBAJBH42CFV7B4Q.php\" target=\"_self\" rel=\"noopener\">fausses images \u00ab r\u00e9voltantes \u00bb<\/a> de femmes et de mineurs d\u00e9nud\u00e9s. \u00ab Ce que nous avons vu en ligne ces derniers jours est absolument r\u00e9voltant et inacceptable dans une soci\u00e9t\u00e9 digne de ce nom \u00bb, a d\u00e9clar\u00e9 Liz Kendall, la ministre en charge des Technologies.<\/p>\n<p class=\"\">Selon <a href=\"https:\/\/www.leparisien.fr\/high-tech\/pendant-les-fetes-une-image-sur-deux-generees-par-grok-affichaient-des-personnes-partiellement-denudees-selon-une-etude-06-01-2026-YT4IXY6UFJHDDGU6VKQTZ4G6UI.php\" target=\"_self\" rel=\"noopener\">une \u00e9tude de l\u2019ONG europ\u00e9enne AI Forensics<\/a>, publi\u00e9e ce lundi, Grok a g\u00e9n\u00e9r\u00e9 plus de 10 000 images, repr\u00e9sentant des personnes d\u00e9nud\u00e9es, en majorit\u00e9 des femmes, parfois mineures et bien souvent sans leur consentement. D\u2019apr\u00e8s leurs calculs, 2 % de personnes repr\u00e9sent\u00e9es sur ces photomontages semblent \u00eatre mineures.<\/p>\n<p class=\"title-embed-dailymotion lp-color-text lp-f-subtitle-04\">Vid\u00e9oL&rsquo;IA Grok de Musk devenue incontr\u00f4lable ?<\/p>\n<p class=\"\">Face au toll\u00e9, Grok a reconnu vendredi l\u2019existence de \u00ab failles \u00bb ayant permis \u00e0 des utilisateurs d\u2019obtenir des images \u00e0 caract\u00e8re sexuel impliquant des mineurs ou des femmes, et a assur\u00e9 qu\u2019il les corrigeait \u00ab de toute urgence \u00bb.<\/p>\n<p class=\"\">Le r\u00e9gulateur britannique Ofcom a annonc\u00e9 avoir demand\u00e9 \u00e0 X comment il prot\u00e8ge ses utilisateurs, et n\u2019a pas exclu le lancement d\u2019une enqu\u00eate formelle \u00ab s\u2019il existe des probl\u00e8mes de conformit\u00e9 \u00bb. Le parquet de Paris a, de son c\u00f4t\u00e9, \u00e9tendu vendredi son enqu\u00eate visant X \u00e0 Grok.<\/p>\n","protected":false},"excerpt":{"rendered":"Grok s\u2019enlise dans la pol\u00e9mique. Alors que l\u2019intelligence artificielle cr\u00e9\u00e9e par Elon Musk est accus\u00e9e de d\u00e9nuder des&hellip;\n","protected":false},"author":2,"featured_media":245972,"comment_status":"","ping_status":"","sticky":false,"template":"","format":"standard","meta":{"footnotes":""},"categories":[1588],"tags":[11,1777,674,118,142,12,473,1853,1851,1850,1852],"class_list":{"0":"post-656054","1":"post","2":"type-post","3":"status-publish","4":"format-standard","5":"has-post-thumbnail","7":"category-royaume-uni","8":"tag-actualites","9":"tag-eu","10":"tag-europe","11":"tag-faits-divers","12":"tag-high-tech","13":"tag-news","14":"tag-royaume-uni","15":"tag-royaume-uni-de-grande-bretagne-et-dirlande-du-nord","16":"tag-uk","17":"tag-united-kingdom","18":"tag-united-kingdom-of-great-britain-and-northern-ireland"},"share_on_mastodon":{"url":"https:\/\/pubeurope.com\/@fr\/115876331723635908","error":""},"_links":{"self":[{"href":"https:\/\/www.europesays.com\/fr\/wp-json\/wp\/v2\/posts\/656054","targetHints":{"allow":["GET"]}}],"collection":[{"href":"https:\/\/www.europesays.com\/fr\/wp-json\/wp\/v2\/posts"}],"about":[{"href":"https:\/\/www.europesays.com\/fr\/wp-json\/wp\/v2\/types\/post"}],"author":[{"embeddable":true,"href":"https:\/\/www.europesays.com\/fr\/wp-json\/wp\/v2\/users\/2"}],"replies":[{"embeddable":true,"href":"https:\/\/www.europesays.com\/fr\/wp-json\/wp\/v2\/comments?post=656054"}],"version-history":[{"count":0,"href":"https:\/\/www.europesays.com\/fr\/wp-json\/wp\/v2\/posts\/656054\/revisions"}],"wp:featuredmedia":[{"embeddable":true,"href":"https:\/\/www.europesays.com\/fr\/wp-json\/wp\/v2\/media\/245972"}],"wp:attachment":[{"href":"https:\/\/www.europesays.com\/fr\/wp-json\/wp\/v2\/media?parent=656054"}],"wp:term":[{"taxonomy":"category","embeddable":true,"href":"https:\/\/www.europesays.com\/fr\/wp-json\/wp\/v2\/categories?post=656054"},{"taxonomy":"post_tag","embeddable":true,"href":"https:\/\/www.europesays.com\/fr\/wp-json\/wp\/v2\/tags?post=656054"}],"curies":[{"name":"wp","href":"https:\/\/api.w.org\/{rel}","templated":true}]}}