{"id":656055,"date":"2026-01-11T11:54:10","date_gmt":"2026-01-11T11:54:10","guid":{"rendered":"https:\/\/www.europesays.com\/fr\/656055\/"},"modified":"2026-01-11T11:54:10","modified_gmt":"2026-01-11T11:54:10","slug":"1-personne-sur-5-envisage-de-quitter-le-pays","status":"publish","type":"post","link":"https:\/\/www.europesays.com\/fr\/656055\/","title":{"rendered":"1 personne sur 5 envisage de quitter le pays"},"content":{"rendered":"<p><strong>Pr\u00e8s de 21% des personnes vivant en Allemagne envisagent de quitter le pays, selon une \u00e9tude publi\u00e9e par l\u2019Institut allemand de recherche sur l\u2019int\u00e9gration et les migrations.<\/strong><\/p>\n<p>Cette proportion s\u2019\u00e9tablit \u00e0 17% chez les Allemands sans pass\u00e9 migratoire, contre 34% chez les personnes immigr\u00e9es et 37% chez leurs descendants, pr\u00e9cise l\u2019\u00e9tude.<\/p>\n<p>La principale motivation avanc\u00e9e est l\u2019espoir d\u2019une vie meilleure, cit\u00e9 par pr\u00e8s d\u2019une personne sur deux parmi celles envisageant l\u2019\u00e9migration. Les personnes ayant un pass\u00e9 migratoire \u00e9voquent, pour leur part, des exp\u00e9riences de discrimination.<\/p>\n<p>Les projets concrets restent toutefois limit\u00e9s, seuls 2% des personnes interrog\u00e9es pr\u00e9voyant de quitter l\u2019Allemagne dans l\u2019ann\u00e9e, selon l\u2019enqu\u00eate men\u00e9e aupr\u00e8s de 2.933 personnes entre l\u2019\u00e9t\u00e9 2024 et l\u2019\u00e9t\u00e9 2025.<\/p>\n<p>L\u2019Institut souligne que si les d\u00e9bats sur l\u2019immigration occupent une place importante dans l\u2019espace public allemand, l\u2019\u00e9migration depuis l\u2019Allemagne suscite en revanche peu d\u2019attention, alors qu\u2019elle rev\u00eat une importance particuli\u00e8re dans un contexte de vieillissement d\u00e9mographique et de p\u00e9nuries de main-d\u2019\u0153uvre.<\/p>\n<p>Les intentions d\u2019\u00e9migration sont les plus \u00e9lev\u00e9es chez les personnes ayant des liens familiaux avec la Turquie, le Proche-Orient et l\u2019Afrique du Nord, avec 39%, suivies des personnes originaires de l\u2019ex-URSS (31%) et des pays de l\u2019Union europ\u00e9enne (28%).<\/p>\n<p>L\u2019Institut rappelle que ses r\u00e9sultats sont l\u00e9g\u00e8rement sup\u00e9rieurs \u00e0 ceux d\u2019autres enqu\u00eates, notant qu\u2019une \u00e9tude de l\u2019Institut pour la recherche sur l\u2019emploi faisait \u00e9tat, \u00e0 la mi-2025, de 26% de personnes immigr\u00e9es envisageant de quitter l\u2019Allemagne, dont 3% avec des projets concrets.<\/p>\n<p>Pour sa part, l\u2019Office f\u00e9d\u00e9ral de la statistique avait pr\u00e9c\u00e9demment fait \u00e9tat de 1,2 million de personnes ayant effectivement quitt\u00e9 l\u2019Allemagne en 2024, y compris des Allemands ainsi que des \u00e9trangers retournant dans leur pays d\u2019origine ou s\u2019installant ailleurs.<\/p>\n","protected":false},"excerpt":{"rendered":"Pr\u00e8s de 21% des personnes vivant en Allemagne envisagent de quitter le pays, selon une \u00e9tude publi\u00e9e par&hellip;\n","protected":false},"author":2,"featured_media":656056,"comment_status":"","ping_status":"","sticky":false,"template":"","format":"standard","meta":{"footnotes":""},"categories":[1587],"tags":[11,672,1804,1805,1803,1777,674,1801,12,1802],"class_list":{"0":"post-656055","1":"post","2":"type-post","3":"status-publish","4":"format-standard","5":"has-post-thumbnail","7":"category-allemagne","8":"tag-actualites","9":"tag-allemagne","10":"tag-bundesrepublik-deutschland","11":"tag-de","12":"tag-deutschland","13":"tag-eu","14":"tag-europe","15":"tag-germany","16":"tag-news","17":"tag-republique-federale-dallemagne"},"share_on_mastodon":{"url":"https:\/\/pubeurope.com\/@fr\/115876335771595797","error":""},"_links":{"self":[{"href":"https:\/\/www.europesays.com\/fr\/wp-json\/wp\/v2\/posts\/656055","targetHints":{"allow":["GET"]}}],"collection":[{"href":"https:\/\/www.europesays.com\/fr\/wp-json\/wp\/v2\/posts"}],"about":[{"href":"https:\/\/www.europesays.com\/fr\/wp-json\/wp\/v2\/types\/post"}],"author":[{"embeddable":true,"href":"https:\/\/www.europesays.com\/fr\/wp-json\/wp\/v2\/users\/2"}],"replies":[{"embeddable":true,"href":"https:\/\/www.europesays.com\/fr\/wp-json\/wp\/v2\/comments?post=656055"}],"version-history":[{"count":0,"href":"https:\/\/www.europesays.com\/fr\/wp-json\/wp\/v2\/posts\/656055\/revisions"}],"wp:featuredmedia":[{"embeddable":true,"href":"https:\/\/www.europesays.com\/fr\/wp-json\/wp\/v2\/media\/656056"}],"wp:attachment":[{"href":"https:\/\/www.europesays.com\/fr\/wp-json\/wp\/v2\/media?parent=656055"}],"wp:term":[{"taxonomy":"category","embeddable":true,"href":"https:\/\/www.europesays.com\/fr\/wp-json\/wp\/v2\/categories?post=656055"},{"taxonomy":"post_tag","embeddable":true,"href":"https:\/\/www.europesays.com\/fr\/wp-json\/wp\/v2\/tags?post=656055"}],"curies":[{"name":"wp","href":"https:\/\/api.w.org\/{rel}","templated":true}]}}