{"id":656057,"date":"2026-01-11T11:55:12","date_gmt":"2026-01-11T11:55:12","guid":{"rendered":"https:\/\/www.europesays.com\/fr\/656057\/"},"modified":"2026-01-11T11:55:12","modified_gmt":"2026-01-11T11:55:12","slug":"quand-kristaps-porzingis-fait-les-yeux-doux-a-la-nba-europe","status":"publish","type":"post","link":"https:\/\/www.europesays.com\/fr\/656057\/","title":{"rendered":"Quand Kristaps Porzingis fait les yeux doux \u00e0 la NBA Europe"},"content":{"rendered":"<p><img fetchpriority=\"high\" decoding=\"async\" src=\"https:\/\/www.europesays.com\/fr\/wp-content\/uploads\/2026\/01\/USATSI_27911420_168380191_lowres.jpg\" alt=\"Kristaps Porzingis\" width=\"1830\" height=\"1220\" class=\"aligncenter size-full wp-image-804324\"  \/>La NBA s\u2019appr\u00eate \u00e0 faire le grand saut en lan\u00e7ant <a href=\"https:\/\/www.basketusa.com\/news\/785741\/nba-europe-paris-et-lyon-font-partie-des-12-villes-choisies\/\" rel=\"prefetch noopener\" target=\"_blank\">la cr\u00e9ation d\u2019une division europ\u00e9enne<\/a> compos\u00e9e de douze villes (dont Paris et Lyon). Le projet d\u2019envergure int\u00e9resse du monde, dont <strong>Kristaps Porzingis<\/strong>.<\/p>\n<p>Champion NBA en 2024 avec les Celtics, <a href=\"https:\/\/www.basketusa.com\/joueurs\/kristaps-porzingis\/\" rel=\"prefetch noopener\" target=\"_blank\">l\u2019int\u00e9rieur des Hawks<\/a> est de retour sur les parquets depuis une quinzaine de jours, et il n\u2019est pas insensible \u00e0 la perspective de revenir en Europe un jour, pourquoi pas pour participer \u00e0 cette nouvelle aventure.<\/p>\n<p>\u00ab J\u2019ai entendu dire qu\u2019il allait y avoir une NBA en Europe. Je ne sais pas \u00e0 quoi \u00e7a va ressembler, mais il y a certainement des choses int\u00e9ressantes \u00e0 l\u2019horizon. Et qui sait ? Pourquoi pas ? \u00c0 mon avis, il n\u2019y a rien de mieux que de vivre en Europe, dans des villes comme Ath\u00e8nes, Barcelone, Madrid, pour n\u2019en citer que quelques-unes \u00bb, <a href=\"https:\/\/basketnews.com\/news-238501-kristaps-porzingis-potential-return-to-europe.html\" rel=\"prefetch noopener\" target=\"_blank\">a-t-il d\u00e9clar\u00e9 \u00e0 BasketNews<\/a>. \u00ab Il y a tellement d\u2019endroits formidables o\u00f9 vivre et mener une vie agr\u00e9able en dehors du basket, et jouer devant certains des meilleurs fans. Il y a aussi l\u2019\u00c9toile Rouge, le Partizan \u00e0 Belgrade\u2026 C\u2019est une ville magnifique, les fans sont fous. On ne sait jamais, on verra bien \u00bb.<\/p>\n<p>L\u2019Euroleague, Manchester, et bien d\u2019autres d\u00e9fis \u00e0 relever<\/p>\n<p>La NBA Europe suscite autant d\u2019enthousiasme que d\u2019interrogations. M\u00eame si la caisse de r\u00e9sonance de la NBA est sans pareille, il faudra arriver \u00e0 se faire sa place. Le d\u00e9fi est-il r\u00e9alisable ?<\/p>\n<p>\u00ab C\u2019est une bonne question \u00bb, a r\u00e9pondu Kristaps Porzingis. \u00ab Bien s\u00fbr, le mod\u00e8le NBA fonctionne tr\u00e8s bien ici. En Europe, il y a d\u00e9j\u00e0 l\u2019Euroleague, un gros h\u00e9ritage et un historique entre certains clubs des rivalit\u00e9s\u2026 \u00bb<\/p>\n<p>Sans s\u2019en rendre compte, KP a notamment mentionn\u00e9 deux clubs de Serbie, places fortes du basket europ\u00e9en, qui ne figurent pas pour l\u2019instant sur le plan de route de la NBA. A contrario, la pr\u00e9sence de Londres ou de Manchester, o\u00f9 il n\u2019existe pas de culture basket, peut interroger.<\/p>\n<p>\u00ab Je ne sais pas \u00e0 quel point ce serait compliqu\u00e9 ou facile d\u2019arriver en Europe pour une nouvelle ligue, et d\u2019aller \u00e0 Manchester, qui fait partie des villes que j\u2019ai vues. Je ne sais pas \u00e0 quel point Manchester aime le basket, j\u2019ai plut\u00f4t l\u2019impression que c\u2019est une ville de foot. Donc je ne sais pas \u00e0 quoi \u00e7a pourrait ressembler. Mais s\u2019il y a bien quelqu\u2019un qui peut y arriver, c\u2019est la NBA \u00bb, a-t-il ajout\u00e9. \u00ab Ce sont des gens intelligents. Ils sont intelligents et il y a de gros budgets derri\u00e8re tout \u00e7a\u2026 On verra bien. Plus il y a d\u2019opportunit\u00e9s pour les joueurs, mieux c\u2019est, et toutes ces \u00e9quipes seront aussi dans de grandes villes. Donc \u00e7a pourrait potentiellement \u00eatre quelque chose de vraiment, vraiment cool \u00bb.<\/p>\n<tr class=\"column\">\n                    Kristaps Porzi\u0146\u0123is<br \/>\n                    Pourcentage<br \/>\n                    Rebonds<\/p>\n<\/tr>\n<tr class=\"section_title\">\n                    Saison<br \/>\n                    Equipe<br \/>\n                    MJ<br \/>\n                    Min<br \/>\n                    Tirs<br \/>\n                    3pts<br \/>\n                    LF<br \/>\n                    Off<br \/>\n                    Def<br \/>\n                    Tot<br \/>\n                    Pd<br \/>\n                    Fte<br \/>\n                    Int<br \/>\n                    Bp<br \/>\n                    Ct<br \/>\n                    Pts<br \/>\n                <\/tr>\n<tr class=\"line_1\">\n<td class=\"title\">2015-16<\/td>\n<td class=\"title\">NY<\/td>\n<td>72<\/td>\n<td style=\"border-right:1px solid #DDD\">28:26<\/td>\n<td title=\"5.2\/12.3\">42.1<\/td>\n<td title=\"1.1\/3.4\">33.3<\/td>\n<td title=\"2.8\/3.3\" style=\"border-right:1px solid #DDD\">83.8<\/td>\n<td>1.8<\/td>\n<td>5.5<\/td>\n<td style=\"border-right:1px solid #DDD\">7.3<\/td>\n<td>1.3<\/td>\n<td>2.8<\/td>\n<td>0.7<\/td>\n<td>1.7<\/td>\n<td>1.9<\/td>\n<td class=\"sort-by\" style=\"border-right:1px solid #DDD\">14.3<\/td>\n<\/tr>\n<tr class=\"line_2\">\n<td class=\"title\">2016-17<\/td>\n<td class=\"title\">NY<\/td>\n<td>66<\/td>\n<td style=\"border-right:1px solid #DDD\">33:15<\/td>\n<td title=\"6.7\/14.9\">45.0<\/td>\n<td title=\"1.7\/4.8\">35.7<\/td>\n<td title=\"3.0\/3.8\" style=\"border-right:1px solid #DDD\">78.6<\/td>\n<td>1.7<\/td>\n<td>5.5<\/td>\n<td style=\"border-right:1px solid #DDD\">7.2<\/td>\n<td>1.5<\/td>\n<td>3.7<\/td>\n<td>0.7<\/td>\n<td>1.8<\/td>\n<td>2.0<\/td>\n<td class=\"sort-by\" style=\"border-right:1px solid #DDD\">18.1<\/td>\n<\/tr>\n<tr class=\"line_1\">\n<td class=\"title\">2017-18<\/td>\n<td class=\"title\">NY<\/td>\n<td>48<\/td>\n<td style=\"border-right:1px solid #DDD\">32:21<\/td>\n<td title=\"8.1\/18.5\">43.9<\/td>\n<td title=\"1.9\/4.8\">39.5<\/td>\n<td title=\"4.5\/5.7\" style=\"border-right:1px solid #DDD\">79.3<\/td>\n<td>1.3<\/td>\n<td>5.3<\/td>\n<td style=\"border-right:1px solid #DDD\">6.6<\/td>\n<td>1.2<\/td>\n<td>2.9<\/td>\n<td>0.8<\/td>\n<td>1.9<\/td>\n<td>2.4<\/td>\n<td class=\"sort-by\" style=\"border-right:1px solid #DDD\">22.7<\/td>\n<\/tr>\n<tr class=\"line_2\">\n<td class=\"title\">2019-20<\/td>\n<td class=\"title\">DAL<\/td>\n<td>57<\/td>\n<td style=\"border-right:1px solid #DDD\">31:49<\/td>\n<td title=\"7.0\/16.4\">42.7<\/td>\n<td title=\"2.5\/7.1\">35.2<\/td>\n<td title=\"4.0\/5.0\" style=\"border-right:1px solid #DDD\">79.9<\/td>\n<td>1.8<\/td>\n<td>7.7<\/td>\n<td style=\"border-right:1px solid #DDD\">9.5<\/td>\n<td>1.8<\/td>\n<td>3.2<\/td>\n<td>0.7<\/td>\n<td>1.6<\/td>\n<td>2.0<\/td>\n<td class=\"sort-by\" style=\"border-right:1px solid #DDD\">20.4<\/td>\n<\/tr>\n<tr class=\"line_1\">\n<td class=\"title\">2020-21<\/td>\n<td class=\"title\">DAL<\/td>\n<td>43<\/td>\n<td style=\"border-right:1px solid #DDD\">30:52<\/td>\n<td title=\"7.6\/15.9\">47.6<\/td>\n<td title=\"2.3\/6.0\">37.6<\/td>\n<td title=\"2.7\/3.2\" style=\"border-right:1px solid #DDD\">85.5<\/td>\n<td>1.9<\/td>\n<td>7.0<\/td>\n<td style=\"border-right:1px solid #DDD\">8.9<\/td>\n<td>1.6<\/td>\n<td>2.7<\/td>\n<td>0.5<\/td>\n<td>1.2<\/td>\n<td>1.3<\/td>\n<td class=\"sort-by\" style=\"border-right:1px solid #DDD\">20.1<\/td>\n<\/tr>\n<tr class=\"line_2\">\n<td class=\"title\">2021-22<\/td>\n<td class=\"title\">DAL<\/td>\n<td>34<\/td>\n<td style=\"border-right:1px solid #DDD\">29:28<\/td>\n<td title=\"6.7\/14.9\">45.1<\/td>\n<td title=\"1.4\/5.1\">28.3<\/td>\n<td title=\"4.3\/5.0\" style=\"border-right:1px solid #DDD\">86.5<\/td>\n<td>1.9<\/td>\n<td>5.8<\/td>\n<td style=\"border-right:1px solid #DDD\">7.7<\/td>\n<td>2.0<\/td>\n<td>2.6<\/td>\n<td>0.7<\/td>\n<td>1.6<\/td>\n<td>1.7<\/td>\n<td class=\"sort-by\" style=\"border-right:1px solid #DDD\">19.2<\/td>\n<\/tr>\n<tr class=\"line_1\">\n<td class=\"title\">2021-22<\/td>\n<td class=\"title\">WAS<\/td>\n<td>17<\/td>\n<td style=\"border-right:1px solid #DDD\">28:11<\/td>\n<td title=\"7.2\/15.2\">47.5<\/td>\n<td title=\"1.7\/4.6\">36.7<\/td>\n<td title=\"5.9\/6.8\" style=\"border-right:1px solid #DDD\">87.1<\/td>\n<td>2.2<\/td>\n<td>6.6<\/td>\n<td style=\"border-right:1px solid #DDD\">8.8<\/td>\n<td>2.9<\/td>\n<td>2.9<\/td>\n<td>0.7<\/td>\n<td>1.6<\/td>\n<td>1.5<\/td>\n<td class=\"sort-by\" style=\"border-right:1px solid #DDD\">22.1<\/td>\n<\/tr>\n<tr class=\"line_2\">\n<td class=\"title\">2022-23<\/td>\n<td class=\"title\">WAS<\/td>\n<td>65<\/td>\n<td style=\"border-right:1px solid #DDD\">32:37<\/td>\n<td title=\"7.8\/15.7\">49.8<\/td>\n<td title=\"2.1\/5.5\">38.5<\/td>\n<td title=\"5.4\/6.4\" style=\"border-right:1px solid #DDD\">85.1<\/td>\n<td>1.8<\/td>\n<td>6.6<\/td>\n<td style=\"border-right:1px solid #DDD\">8.4<\/td>\n<td>2.7<\/td>\n<td>3.0<\/td>\n<td>0.9<\/td>\n<td>2.1<\/td>\n<td>1.5<\/td>\n<td class=\"sort-by\" style=\"border-right:1px solid #DDD\">23.2<\/td>\n<\/tr>\n<tr class=\"line_1\">\n<td class=\"title\">2023-24<\/td>\n<td class=\"title\">BOS<\/td>\n<td>57<\/td>\n<td style=\"border-right:1px solid #DDD\">29:39<\/td>\n<td title=\"6.8\/13.2\">51.6<\/td>\n<td title=\"1.9\/5.1\">37.5<\/td>\n<td title=\"4.5\/5.3\" style=\"border-right:1px solid #DDD\">85.8<\/td>\n<td>1.7<\/td>\n<td>5.5<\/td>\n<td style=\"border-right:1px solid #DDD\">7.2<\/td>\n<td>2.0<\/td>\n<td>2.7<\/td>\n<td>0.7<\/td>\n<td>1.6<\/td>\n<td>1.9<\/td>\n<td class=\"sort-by\" style=\"border-right:1px solid #DDD\">20.1<\/td>\n<\/tr>\n<tr class=\"line_2\">\n<td class=\"title\">2024-25<\/td>\n<td class=\"title\">BOS<\/td>\n<td>42<\/td>\n<td style=\"border-right:1px solid #DDD\">28:49<\/td>\n<td title=\"6.6\/13.7\">48.3<\/td>\n<td title=\"2.5\/6.0\">41.2<\/td>\n<td title=\"3.8\/4.7\" style=\"border-right:1px solid #DDD\">80.9<\/td>\n<td>1.6<\/td>\n<td>5.1<\/td>\n<td style=\"border-right:1px solid #DDD\">6.8<\/td>\n<td>2.1<\/td>\n<td>2.8<\/td>\n<td>0.7<\/td>\n<td>1.3<\/td>\n<td>1.5<\/td>\n<td class=\"sort-by\" style=\"border-right:1px solid #DDD\">19.5<\/td>\n<\/tr>\n<tr class=\"line_1\">\n<td class=\"title\">2025-26<\/td>\n<td class=\"title\">ATL<\/td>\n<td>17<\/td>\n<td style=\"border-right:1px solid #DDD\">24:18<\/td>\n<td title=\"5.6\/12.4\">45.7<\/td>\n<td title=\"1.8\/5.1\">36.0<\/td>\n<td title=\"4.0\/4.8\" style=\"border-right:1px solid #DDD\">84.0<\/td>\n<td>1.2<\/td>\n<td>3.9<\/td>\n<td style=\"border-right:1px solid #DDD\">5.1<\/td>\n<td>2.7<\/td>\n<td>3.2<\/td>\n<td>0.5<\/td>\n<td>0.9<\/td>\n<td>1.3<\/td>\n<td class=\"sort-by\" style=\"border-right:1px solid #DDD\">17.1<\/td>\n<\/tr>\n<p style=\"font-size: 14px;line-height: 20px;color: #666;\"><strong>Comment lire les stats ?<\/strong> MJ = matches jou\u00e9s ; Min = Minutes ;    Tirs = Tirs r\u00e9ussis \/ Tirs tent\u00e9s ; 3pts = 3-points \/ 3-points tent\u00e9s ; LF = lancers-francs r\u00e9ussis \/ lancers-francs tent\u00e9s ; Off = rebond offensif ; Def= rebond d\u00e9fensif ; Tot = Total des rebonds ; Pd = passes d\u00e9cisives ; Fte : Fautes personnelles ; Int = Interceptions ; Bp = Balles perdues ; Ct : Contres ; Pts = Points.<\/p>\n","protected":false},"excerpt":{"rendered":"La NBA s\u2019appr\u00eate \u00e0 faire le grand saut en lan\u00e7ant la cr\u00e9ation d\u2019une division europ\u00e9enne compos\u00e9e de douze&hellip;\n","protected":false},"author":2,"featured_media":656058,"comment_status":"","ping_status":"","sticky":false,"template":"","format":"standard","meta":{"footnotes":""},"categories":[1586],"tags":[11,1777,674,1011,27,12,25],"class_list":{"0":"post-656057","1":"post","2":"type-post","3":"status-publish","4":"format-standard","5":"has-post-thumbnail","7":"category-europe","8":"tag-actualites","9":"tag-eu","10":"tag-europe","11":"tag-fr","12":"tag-france","13":"tag-news","14":"tag-republique-francaise"},"share_on_mastodon":{"url":"https:\/\/pubeurope.com\/@fr\/115876339757077734","error":""},"_links":{"self":[{"href":"https:\/\/www.europesays.com\/fr\/wp-json\/wp\/v2\/posts\/656057","targetHints":{"allow":["GET"]}}],"collection":[{"href":"https:\/\/www.europesays.com\/fr\/wp-json\/wp\/v2\/posts"}],"about":[{"href":"https:\/\/www.europesays.com\/fr\/wp-json\/wp\/v2\/types\/post"}],"author":[{"embeddable":true,"href":"https:\/\/www.europesays.com\/fr\/wp-json\/wp\/v2\/users\/2"}],"replies":[{"embeddable":true,"href":"https:\/\/www.europesays.com\/fr\/wp-json\/wp\/v2\/comments?post=656057"}],"version-history":[{"count":0,"href":"https:\/\/www.europesays.com\/fr\/wp-json\/wp\/v2\/posts\/656057\/revisions"}],"wp:featuredmedia":[{"embeddable":true,"href":"https:\/\/www.europesays.com\/fr\/wp-json\/wp\/v2\/media\/656058"}],"wp:attachment":[{"href":"https:\/\/www.europesays.com\/fr\/wp-json\/wp\/v2\/media?parent=656057"}],"wp:term":[{"taxonomy":"category","embeddable":true,"href":"https:\/\/www.europesays.com\/fr\/wp-json\/wp\/v2\/categories?post=656057"},{"taxonomy":"post_tag","embeddable":true,"href":"https:\/\/www.europesays.com\/fr\/wp-json\/wp\/v2\/tags?post=656057"}],"curies":[{"name":"wp","href":"https:\/\/api.w.org\/{rel}","templated":true}]}}