{"id":656063,"date":"2026-01-11T11:58:14","date_gmt":"2026-01-11T11:58:14","guid":{"rendered":"https:\/\/www.europesays.com\/fr\/656063\/"},"modified":"2026-01-11T11:58:14","modified_gmt":"2026-01-11T11:58:14","slug":"challenge-cup-montauban-dur-retour-a-la-realite-pour-yvan-reilhac","status":"publish","type":"post","link":"https:\/\/www.europesays.com\/fr\/656063\/","title":{"rendered":"Challenge Cup \u2013 Montauban\u00a0: dur retour \u00e0 la r\u00e9alit\u00e9 pour Yvan Reilhac"},"content":{"rendered":"<p>\n                \u00c0 l\u2019occasion de la r\u00e9ception du Black Lion ce samedi, plusieurs joueurs ont connu leurs premi\u00e8res feuilles de match en professionnel. D\u2019autres ont f\u00eat\u00e9 leur retour \u00e0 la comp\u00e9tition comme Yvan Reilhac, pour qui les retrouvailles avec la pelouse de Sapiac furent rudes (d\u00e9faite 28-31).\n            <\/p>\n<p>Ce match de Challenge Cup fut une nouvelle fois l\u2019occasion de lancer des jeunes comme Jules Bousquet en troisi\u00e8me ligne ou Maixent Da Costa au talon. Mais certains faisaient aussi leurs grands retours apr\u00e8s plusieurs semaines d\u2019absence. Ce fut le cas de Simon Renda, entr\u00e9 en jeu en toute fin de premi\u00e8re p\u00e9riode pour remplacer Romain Fonnicola (touch\u00e9 au genou), et d\u2019Yvan Reilhac, titulaire num\u00e9ro\u00a011 dans le dos. L\u2019ailier de l\u2019USM n\u2019avait plus fait son apparition depuis le 13\u00a0septembre 2025. Cette saison, l\u2019ancien de Montpellier n\u2019avait jou\u00e9 que deux matchs au tout d\u00e9but de cet exercice avant d\u2019\u00eatre stopp\u00e9 dans son \u00e9lan suite \u00e0 une blessure au niveau de la cheville. Un retour lors duquel il n\u2019a malheureusement pas vraiment eu d\u2019occasion de briller avec tr\u00e8s peu de ballons \u00e0 jouer.<\/p>\n<blockquote><p>\n\u00c7a a \u00e9t\u00e9 difficile pour les trois quarts de se montrer\n<\/p><\/blockquote>\n<p>Alors, difficile pour S\u00e9bastien Tillous-Borde, manager de l\u2019USM, d\u2019analyser sa performance\u00a0: \u00ab\u00a0Yvan a marqu\u00e9 le premier essai\u2026 Les arri\u00e8res n\u2019ont pas eu de bons ballons. \u00c7a a \u00e9t\u00e9 difficile pour les trois quarts de se montrer, quand tu es domin\u00e9 ou quand tu n\u2019es pas dominant comme on l\u2019a \u00e9t\u00e9 aujourd\u2019hui c\u2019est s\u00fbr que c\u2019est compliqu\u00e9. \u00c0 partir du moment o\u00f9 on a \u00e9t\u00e9 un peu plus dominant, \u00e7a a \u00e9t\u00e9 plus facile pour d\u00e9placer le ballon. Je pense que pour l\u2019ensemble des trois quarts, c\u2019est pas mal de frustration. C\u2019est difficile de parler d\u2019Yvan en particulier ou de le sortir du contexte collectif.\u00a0\u00bb<\/p>\n<p>Gr\u00e2ce \u00e0 l\u2019opportunisme de J\u00e9r\u00f4me Bosviel, qui tapait une p\u00e9nalit\u00e9 directement dans les bras de son ailier, Yvan Reilhac inscrivait en effet les premiers points de son \u00e9quipe (21e). Mais, globalement, dans la difficult\u00e9, l\u2019ailier a tout de m\u00eame tent\u00e9 en faisant ce qu\u2019il pouvait avec ce qu\u2019il avait, un peu comme St\u00e9phane Ahmed sur l\u2019autre aile. Apr\u00e8s un peu plus de quatre mois sans avoir jou\u00e9 le moindre match, Yvan Reilhac s\u2019est signal\u00e9 \u00e0 plusieurs reprises \u00e0 l\u2019image de cette action autour de la 30e minute de jeu o\u00f9 il tentait de pousser au pied avant un mauvais rebond qui laissait filer le ballon en touche. En d\u00e9fense, il s\u2019est aussi montr\u00e9 efficace faisant parler sa densit\u00e9 physique m\u00eame au centre du terrain parfois (33e). Et malgr\u00e9 le manque de rythme, face \u00e0 des G\u00e9orgiens qui ont fait parler leur puissance, le trois-quart est rest\u00e9 en \u00e9veil jusqu&rsquo;au bout. En t\u00e9moigne cette touche g\u00e9orgienne cafouill\u00e9e dans le camp montalbanais qu\u2019il parvenait \u00e0 r\u00e9cup\u00e9rer pour permettre \u00e0 ses co\u00e9quipiers de reprendre un peu d\u2019air. Des d\u00e9tails, parfois anodins mais plus souvent importants dans les matchs qui comptent. Yvan Reilhac comme Simon Renda, qui n\u2019a pas non plus fait une mauvaise entr\u00e9e trois mois apr\u00e8s son op\u00e9ration du genou, devront monter en puissance pour tenter de donner un second souffle \u00e0 une \u00e9quipe montalbanaise en grande souffrance. Car pour l\u2019heure, le retour \u00e0 la r\u00e9alit\u00e9 a frapp\u00e9 de plein fouet <strong><a href=\"https:\/\/www.rugbyrama.fr\/resultats\/rugby\/challenge-cup\/phase-de-poules\/poule-1\/rencontre\/55446\/montauban-black-lion\" target=\"_self\" rel=\"noopener\">avec une nouvelle d\u00e9faite (28-31) face au Black Lion<\/a><\/strong>, la neuvi\u00e8me cons\u00e9cutives, toutes comp\u00e9titions confondues.<\/p>\n","protected":false},"excerpt":{"rendered":"\u00c0 l\u2019occasion de la r\u00e9ception du Black Lion ce samedi, plusieurs joueurs ont connu leurs premi\u00e8res feuilles de&hellip;\n","protected":false},"author":2,"featured_media":656064,"comment_status":"","ping_status":"","sticky":false,"template":"","format":"standard","meta":{"footnotes":""},"categories":[2],"tags":[11,69590,1011,27,12,25,68796],"class_list":{"0":"post-656063","1":"post","2":"type-post","3":"status-publish","4":"format-standard","5":"has-post-thumbnail","7":"category-actualites","8":"tag-actualites","9":"tag-epcr-challenge-cup","10":"tag-fr","11":"tag-france","12":"tag-news","13":"tag-republique-francaise","14":"tag-rugby-u00e0-xv"},"share_on_mastodon":{"url":"https:\/\/pubeurope.com\/@fr\/115876351411026051","error":""},"_links":{"self":[{"href":"https:\/\/www.europesays.com\/fr\/wp-json\/wp\/v2\/posts\/656063","targetHints":{"allow":["GET"]}}],"collection":[{"href":"https:\/\/www.europesays.com\/fr\/wp-json\/wp\/v2\/posts"}],"about":[{"href":"https:\/\/www.europesays.com\/fr\/wp-json\/wp\/v2\/types\/post"}],"author":[{"embeddable":true,"href":"https:\/\/www.europesays.com\/fr\/wp-json\/wp\/v2\/users\/2"}],"replies":[{"embeddable":true,"href":"https:\/\/www.europesays.com\/fr\/wp-json\/wp\/v2\/comments?post=656063"}],"version-history":[{"count":0,"href":"https:\/\/www.europesays.com\/fr\/wp-json\/wp\/v2\/posts\/656063\/revisions"}],"wp:featuredmedia":[{"embeddable":true,"href":"https:\/\/www.europesays.com\/fr\/wp-json\/wp\/v2\/media\/656064"}],"wp:attachment":[{"href":"https:\/\/www.europesays.com\/fr\/wp-json\/wp\/v2\/media?parent=656063"}],"wp:term":[{"taxonomy":"category","embeddable":true,"href":"https:\/\/www.europesays.com\/fr\/wp-json\/wp\/v2\/categories?post=656063"},{"taxonomy":"post_tag","embeddable":true,"href":"https:\/\/www.europesays.com\/fr\/wp-json\/wp\/v2\/tags?post=656063"}],"curies":[{"name":"wp","href":"https:\/\/api.w.org\/{rel}","templated":true}]}}