{"id":656065,"date":"2026-01-11T11:59:13","date_gmt":"2026-01-11T11:59:13","guid":{"rendered":"https:\/\/www.europesays.com\/fr\/656065\/"},"modified":"2026-01-11T11:59:13","modified_gmt":"2026-01-11T11:59:13","slug":"coupe-de-france-cest-officiel-le-match-fcsm-rc-lens-se-jouera-bien-avec-du-public","status":"publish","type":"post","link":"https:\/\/www.europesays.com\/fr\/656065\/","title":{"rendered":"Coupe de France\u00a0: c&rsquo;est officiel, le match FCSM-RC Lens se jouera bien avec du public"},"content":{"rendered":"<p>\u00c0 l&rsquo;issue d&rsquo;une r\u00e9union sous la houlette des autorit\u00e9s pr\u00e9fectorales organis\u00e9e \u00e0 11 heures ce dimanche, la rencontre entre le FCSM et le RC Lens se jouera bien en public. Le coup d&rsquo;envoi sera donn\u00e9 \u00e0 14 heures. <\/p>\n<p>C&rsquo;\u00e9tait une formalit\u00e9 mais c&rsquo;est d\u00e9sormais officiel. Le match entre le FCSM et le RC Lens, pour\u00a0<a class=\"IciLink ici-link IciArticleLink g-ici-body-regular-1 underline brand svelte-1chfe2s\" href=\"https:\/\/www.francebleu.fr\/sports\/football\/coupe-de-france-le-match-sochaux-lens-est-reporte-en-raison-de-l-episode-neigeux-9537507\" target=\"_blank\" rel=\"noopener\">le 16e de finale de la Coupe de France de football<\/a>, se jouera bien en public. L&rsquo;information a \u00e9t\u00e9 confirm\u00e9e peu apr\u00e8s 11 heures ce dimanche 11 janvier, \u00e0 l&rsquo;issue d&rsquo;une r\u00e9union organis\u00e9e par les autorit\u00e9s pr\u00e9fectorales.<\/p>\n<p>Le spectre d&rsquo;une rencontre \u00e0 <strong>huis clos planait encore autour du match<\/strong>, avait indiqu\u00e9 la pr\u00e9fecture du Doubs, qui a d\u00e9cid\u00e9 de reporter la rencontre initialement pr\u00e9vue ce samedi 10 janvier \u00e0 21 heures au stade Bonal en raison des chutes de neige et la vigilance orange pour neige verglas dans le Nord Franche-Comt\u00e9.<\/p>\n<p>Ce dimanche en fin de matin\u00e9e, les conditions de circulation ne posent aucun probl\u00e8me et la pelouse du stade est en parfait \u00e9tat. Tout est donc r\u00e9uni pour qu&rsquo;enfin le match puisse se jouer devant les supporters sochaliens et lensois. Le <strong>coup d&rsquo;envoi sera donn\u00e9 \u00e0 14 heures.<\/strong><\/p>\n","protected":false},"excerpt":{"rendered":"\u00c0 l&rsquo;issue d&rsquo;une r\u00e9union sous la houlette des autorit\u00e9s pr\u00e9fectorales organis\u00e9e \u00e0 11 heures ce dimanche, la rencontre&hellip;\n","protected":false},"author":2,"featured_media":656066,"comment_status":"","ping_status":"","sticky":false,"template":"","format":"standard","meta":{"footnotes":""},"categories":[4],"tags":[11,1011,27,12,25],"class_list":{"0":"post-656065","1":"post","2":"type-post","3":"status-publish","4":"format-standard","5":"has-post-thumbnail","7":"category-france","8":"tag-actualites","9":"tag-fr","10":"tag-france","11":"tag-news","12":"tag-republique-francaise"},"share_on_mastodon":{"url":"https:\/\/pubeurope.com\/@fr\/115876355303393546","error":""},"_links":{"self":[{"href":"https:\/\/www.europesays.com\/fr\/wp-json\/wp\/v2\/posts\/656065","targetHints":{"allow":["GET"]}}],"collection":[{"href":"https:\/\/www.europesays.com\/fr\/wp-json\/wp\/v2\/posts"}],"about":[{"href":"https:\/\/www.europesays.com\/fr\/wp-json\/wp\/v2\/types\/post"}],"author":[{"embeddable":true,"href":"https:\/\/www.europesays.com\/fr\/wp-json\/wp\/v2\/users\/2"}],"replies":[{"embeddable":true,"href":"https:\/\/www.europesays.com\/fr\/wp-json\/wp\/v2\/comments?post=656065"}],"version-history":[{"count":0,"href":"https:\/\/www.europesays.com\/fr\/wp-json\/wp\/v2\/posts\/656065\/revisions"}],"wp:featuredmedia":[{"embeddable":true,"href":"https:\/\/www.europesays.com\/fr\/wp-json\/wp\/v2\/media\/656066"}],"wp:attachment":[{"href":"https:\/\/www.europesays.com\/fr\/wp-json\/wp\/v2\/media?parent=656065"}],"wp:term":[{"taxonomy":"category","embeddable":true,"href":"https:\/\/www.europesays.com\/fr\/wp-json\/wp\/v2\/categories?post=656065"},{"taxonomy":"post_tag","embeddable":true,"href":"https:\/\/www.europesays.com\/fr\/wp-json\/wp\/v2\/tags?post=656065"}],"curies":[{"name":"wp","href":"https:\/\/api.w.org\/{rel}","templated":true}]}}