{"id":656073,"date":"2026-01-11T12:07:11","date_gmt":"2026-01-11T12:07:11","guid":{"rendered":"https:\/\/www.europesays.com\/fr\/656073\/"},"modified":"2026-01-11T12:07:11","modified_gmt":"2026-01-11T12:07:11","slug":"direct-laly-pichon-en-bronze-en-u19-troisieme-medaille-pour-la-bretagne-aux-championnats-de-france-de-cyclo-cross-a-troyes","status":"publish","type":"post","link":"https:\/\/www.europesays.com\/fr\/656073\/","title":{"rendered":"DIRECT &#8211; Laly Pichon en bronze en U19 : troisi\u00e8me m\u00e9daille pour la Bretagne aux championnats de France de cyclo-cross \u00e0 Troyes"},"content":{"rendered":"<p>Deux Bretons dans le top 10<\/p>\n<p>Sans surprise, c&rsquo;est donc Soren Bruy\u00e8re-Joumard (Auvergne-Rh\u00f4ne-Alpes) qui a \u00e9t\u00e9 sacr\u00e9 champion de France, devant le Breton Soen Le Pann et Victor Devos (Hauts-de-France), Caliste Chainel (Grand Est), le fils de Steve, \u00e9chouant finalement au pied du podium. Un deuxi\u00e8me Breton termine dans le top 10 : Ewen Gaillard (CC Ch\u00e2taugiron), qui se classe huiti\u00e8me. Pierre Le Bourhis (VCP Loud\u00e9ac) termine, lui, 16e.<\/p>\n","protected":false},"excerpt":{"rendered":"Deux Bretons dans le top 10 Sans surprise, c&rsquo;est donc Soren Bruy\u00e8re-Joumard (Auvergne-Rh\u00f4ne-Alpes) qui a \u00e9t\u00e9 sacr\u00e9 champion&hellip;\n","protected":false},"author":2,"featured_media":656074,"comment_status":"","ping_status":"","sticky":false,"template":"","format":"standard","meta":{"footnotes":""},"categories":[1411],"tags":[1154,207,59294,765,3166,1011,27,60],"class_list":{"0":"post-656073","1":"post","2":"type-post","3":"status-publish","4":"format-standard","5":"has-post-thumbnail","7":"category-cyclisme","8":"tag-cycling","9":"tag-cyclisme","10":"tag-cyclo-cross","11":"tag-en-continu","12":"tag-en-continu-sports","13":"tag-fr","14":"tag-france","15":"tag-sports"},"share_on_mastodon":{"url":"https:\/\/pubeurope.com\/@fr\/115876386893371701","error":""},"_links":{"self":[{"href":"https:\/\/www.europesays.com\/fr\/wp-json\/wp\/v2\/posts\/656073","targetHints":{"allow":["GET"]}}],"collection":[{"href":"https:\/\/www.europesays.com\/fr\/wp-json\/wp\/v2\/posts"}],"about":[{"href":"https:\/\/www.europesays.com\/fr\/wp-json\/wp\/v2\/types\/post"}],"author":[{"embeddable":true,"href":"https:\/\/www.europesays.com\/fr\/wp-json\/wp\/v2\/users\/2"}],"replies":[{"embeddable":true,"href":"https:\/\/www.europesays.com\/fr\/wp-json\/wp\/v2\/comments?post=656073"}],"version-history":[{"count":0,"href":"https:\/\/www.europesays.com\/fr\/wp-json\/wp\/v2\/posts\/656073\/revisions"}],"wp:featuredmedia":[{"embeddable":true,"href":"https:\/\/www.europesays.com\/fr\/wp-json\/wp\/v2\/media\/656074"}],"wp:attachment":[{"href":"https:\/\/www.europesays.com\/fr\/wp-json\/wp\/v2\/media?parent=656073"}],"wp:term":[{"taxonomy":"category","embeddable":true,"href":"https:\/\/www.europesays.com\/fr\/wp-json\/wp\/v2\/categories?post=656073"},{"taxonomy":"post_tag","embeddable":true,"href":"https:\/\/www.europesays.com\/fr\/wp-json\/wp\/v2\/tags?post=656073"}],"curies":[{"name":"wp","href":"https:\/\/api.w.org\/{rel}","templated":true}]}}