{"id":656081,"date":"2026-01-11T12:12:12","date_gmt":"2026-01-11T12:12:12","guid":{"rendered":"https:\/\/www.europesays.com\/fr\/656081\/"},"modified":"2026-01-11T12:12:12","modified_gmt":"2026-01-11T12:12:12","slug":"point-de-vue-censure-dissolution-montchalin-prend-les-agriculteurs-en-otages","status":"publish","type":"post","link":"https:\/\/www.europesays.com\/fr\/656081\/","title":{"rendered":"[POINT DE VUE] Censure, dissolution : Montchalin prend les agriculteurs en otages"},"content":{"rendered":"<p>Coucou, la revoilou : <a href=\"https:\/\/www.bvoltaire.fr\/lecornu-envisage-la-possibilite-dune-dissolution-et-de-legislatives-en-mars-avec-les-municipales\/\" target=\"_blank\" rel=\"noopener\">la dissolution est ressortie vendredi soir<\/a> du chapeau de Ma\u00eetre Lecornu. Avec l&rsquo;accord de son sup\u00e9rieur, selon les informations diffus\u00e9es par l&rsquo;\u00c9lys\u00e9e. S&rsquo;agit-il de redonner la parole au peuple ? D&rsquo;acter enfin l&rsquo;\u00e9chec du macronisme, inscrit dans les urnes \u00e0 deux reprises en 2024 ? Non, la dissolution est devenue un instrument de chantage, \u00e0 plusieurs niveaux. Et Lecornu ne s&rsquo;en cache d&rsquo;ailleurs m\u00eame pas.<\/p>\n<p>Lecornu et le chantage aux parlementaires<\/p>\n<p>Dans son message sur X, le Premier ministre a accus\u00e9 les formations politiques ayant l&rsquo;intention de le censurer de \u00ab choisir d\u00e9lib\u00e9r\u00e9ment d\u2019afficher des d\u00e9saccords politiciens internes \u00bb et \u00ab d\u2019affaiblir la voix de la France \u00bb \u00e0 l\u2019\u00e9tranger. Comme si la voix de la France, port\u00e9e par Macron, avec sa mise en minorit\u00e9 sur le Mercosur, n&rsquo;\u00e9tait pas d\u00e9j\u00e0 tr\u00e8s affaiblie depuis longtemps&#8230; Selon lui, ces motions retardent encore les discussions budg\u00e9taires \u00ab d\u00e9j\u00e0 bloqu\u00e9es par les m\u00eames partis politiques sur fond d\u2019agenda \u00e9lectoral \u00bb. On l&rsquo;a compris : si tout va mal, c&rsquo;est la faute \u00e0 l&rsquo;opposition. La dissolution, les interminables man\u0153uvres pour accoucher de gouvernements impuissants depuis dix-huit mois, qu&rsquo;ils se nomment Barnier, Bayrou ou Lecornu ? C&rsquo;est pas lui, c&rsquo;est pas eux. La crise agricole ? Idem. L&rsquo;absence de budget ? Itou.<\/p>\n<p>Bien s\u00fbr, la strat\u00e9gie de Lecornu est limpide : faire pression sur les parlementaires LR et PS pour qu&rsquo;ils ne c\u00e8dent pas aux sir\u00e8nes de la censure. Mais la corde est us\u00e9e : qu&rsquo;ont-ils \u00e0 perdre ? Qu&rsquo;ont-ils encore \u00e0 gagner \u00e0 soutenir un pouvoir qui s&rsquo;ab\u00eeme dans l&rsquo;impopularit\u00e9 et les emportera avec lui ? Il y a fort \u00e0 parier qu&rsquo;en pleine campagne des municipales (et donc, peut-\u00eatre, des l\u00e9gislatives), des candidats LR choisissent\u00a0&#8211; enfin ! &#8211; la rupture. Ils peuvent en effet tabler sur leur implantation locale pour capitaliser pour les l\u00e9gislatives. Macron et Lecornu tirent leurs derni\u00e8res cartouches, mais ce sont des p\u00e9tards mouill\u00e9s, et la grenade qu&rsquo;ils croient lancer dans les jambes de leurs adversaires risque d&rsquo;exploser dans les leurs.<\/p>\n<p>L&rsquo;heure du jugement<\/p>\n<p>Par ailleurs, la signature du Mercosur, v\u00e9ritable camouflet pour la France &#8211; et pour Macron -, ne ressemble pas \u00e0 un pr\u00e9texte id\u00e9al : on est au c\u0153ur du clivage entre europ\u00e9istes et souverainistes, mondialistes et patriotes, \u00e9lites et peuple qui souffre \u00e0 travers ses agriculteurs, soutenus par 80 % de la population. <a href=\"https:\/\/www.bvoltaire.fr\/point-de-vue-mercosur-finalement-de-mitterrand-a-macron-tout-etait-ecrit\/\" target=\"_blank\" rel=\"noopener\">Comme l&rsquo;\u00e9crivait Georges Michel<\/a>, cette signature du Mercosur qui devait se faire tranquillement d\u00e9but janvier quand tout le monde aurait oubli\u00e9 est en fait l&rsquo;aboutissement des quarante ann\u00e9es de bradage de la souverainet\u00e9 fran\u00e7aise, de Mitterrand \u00e0 Macron : c&rsquo;est l&rsquo;heure du jugement. Et cette motion de censure, si elle \u00e9tait vot\u00e9e, aurait une signification historique bien au-del\u00e0 de la petite carri\u00e8re de Monsieur Lecornu.<\/p>\n<p>Montchalin et le chantage aux agriculteurs<\/p>\n<p>Dans l&rsquo;ind\u00e9cence et le m\u00e9pris des agriculteurs et du peuple (mais aussi des d\u00e9put\u00e9s), Am\u00e9lie de Montchalin a franchi, vendredi soir, un nouveau palier. Succ\u00e9dant \u00e0 sa pauvre coll\u00e8gue Genevard, elle a montr\u00e9 qui \u00e9tait le patron : ces 300 millions d&rsquo;euros de mesures pour les agriculteurs, attention, ils ne les auront que si le budget est vot\u00e9, et donc si les motions de censure d\u00e9pos\u00e9es par le RN et LFI sont repouss\u00e9es ! Sa rh\u00e9torique vaut d&rsquo;\u00eatre cit\u00e9e. \u00ab Nous sommes devant une nouvelle menace : la motion de censure, qui aurait comme cons\u00e9quence l&rsquo;absence, le vide, le rien. \u00bb Rien que cela : eux ou le chaos. M\u00eame si, en ce moment, c&rsquo;est bien : eux ET le chaos&#8230; lisez la suite : les d\u00e9put\u00e9s qui censureraient seraient des bloqueurs qui seraient d\u00fbment d\u00e9nonc\u00e9s aux Fran\u00e7ais ! Se rend-elle compte, elle aussi, des sentiments qu&rsquo;elle suscite, en agitant le hochet des aides aux viticulteurs, qui ne seront pas vers\u00e9es si&#8230;?<\/p>\n<p>Les agriculteurs ? Une variable d&rsquo;ajustement, des otages dans le jeu politique de Macron et Lecornu. Et rien que pour cette arrogance, ce gouvernement par le chantage et la peur si bien endoss\u00e9s par Montchalin, Lecornu m\u00e9rite la censure. Le Pr\u00e9sident et son Premier ministre la m\u00e9ritent \u00e9galement pour le d\u00e9voiement des institutions dans lequel ils pers\u00e9v\u00e8rent depuis leur d\u00e9faite de 2024. Alors, <a href=\"https:\/\/www.bvoltaire.fr\/votre-avis-mercosur-le-gouvernement-doit-il-etre-censure\/\" target=\"_blank\" rel=\"noopener\">censure et dissolution<\/a> ? Chiche. Le fruit est m\u00fbr. Voire davantage. Chiche : bien des Fran\u00e7ais et des d\u00e9put\u00e9s auront ce mot \u00e0 la bouche, apr\u00e8s avoir \u00e9cout\u00e9 Montchalin. Dans le cas contraire, la col\u00e8re des Fran\u00e7ais ne fera que cro\u00eetre, avec tous les risques que cela comporte ; et elle se tournera \u00e9videmment aussi vers cette poign\u00e9e de d\u00e9put\u00e9s qui auront une \u00e9ni\u00e8me fois, dans un \u00e9ni\u00e8me r\u00e9flexe de couardise, sauv\u00e9 le Titanic Macron.<\/p>\n<p>\u00a0<\/p>\n<blockquote class=\"twitter-tweet\">\n<p dir=\"ltr\" lang=\"fr\">En d\u00e9posant une motion de censure, les extr\u00eames prennent le risque de laisser le monde agricole face au vide.<\/p>\n<p>Le vote de la semaine prochaine sera un moment de v\u00e9rit\u00e9 face aux agriculteurs.<\/p>\n<p>Sans Gouvernement, aucune mesure concr\u00e8te de soutien ne pourra voir le jour. <a href=\"https:\/\/t.co\/kzftCK5Xl0\">pic.twitter.com\/kzftCK5Xl0<\/a><\/p>\n<p>\u2014 Am\u00e9lie de Montchalin (@AdeMontchalin) <a href=\"https:\/\/twitter.com\/AdeMontchalin\/status\/2009699420045226147?ref_src=twsrc%5Etfw\" target=\"_blank\" rel=\"noopener\">January 9, 2026<\/a><\/p>\n<\/blockquote>\n<p>\u00a0<\/p>\n<p>                    <a href=\"#\" rel=\"nofollow\" onclick=\"window.print(); pfTrackEvent('[POINT DE VUE] Censure, dissolution : Montchalin prend les agriculteurs en otages'); return false;\" title=\"Printer Friendly, PDF &amp; Email\"><br \/>\n                    <img decoding=\"async\" src=\"https:\/\/www.europesays.com\/fr\/wp-content\/uploads\/2025\/04\/printfriendly-icon-sm.png\" alt=\"Print Friendly, PDF &amp; Email\" class=\"pf-button-img\" style=\"width: 17px;height: 17px;\"\/>Imprimer, enregistrer en PDF cet article<br \/>\n                    <\/a><br \/>\n                <script async src=\"https:\/\/platform.twitter.com\/widgets.js\" charset=\"utf-8\"><\/script><\/p>\n","protected":false},"excerpt":{"rendered":"Coucou, la revoilou : la dissolution est ressortie vendredi soir du chapeau de Ma\u00eetre Lecornu. Avec l&rsquo;accord de&hellip;\n","protected":false},"author":2,"featured_media":656082,"comment_status":"","ping_status":"","sticky":false,"template":"","format":"standard","meta":{"footnotes":""},"categories":[1356],"tags":[58,59,1011,27,252,1364],"class_list":{"0":"post-656081","1":"post","2":"type-post","3":"status-publish","4":"format-standard","5":"has-post-thumbnail","7":"category-television","8":"tag-divertissement","9":"tag-entertainment","10":"tag-fr","11":"tag-france","12":"tag-television","13":"tag-tv"},"share_on_mastodon":{"url":"https:\/\/pubeurope.com\/@fr\/115876406791959493","error":""},"_links":{"self":[{"href":"https:\/\/www.europesays.com\/fr\/wp-json\/wp\/v2\/posts\/656081","targetHints":{"allow":["GET"]}}],"collection":[{"href":"https:\/\/www.europesays.com\/fr\/wp-json\/wp\/v2\/posts"}],"about":[{"href":"https:\/\/www.europesays.com\/fr\/wp-json\/wp\/v2\/types\/post"}],"author":[{"embeddable":true,"href":"https:\/\/www.europesays.com\/fr\/wp-json\/wp\/v2\/users\/2"}],"replies":[{"embeddable":true,"href":"https:\/\/www.europesays.com\/fr\/wp-json\/wp\/v2\/comments?post=656081"}],"version-history":[{"count":0,"href":"https:\/\/www.europesays.com\/fr\/wp-json\/wp\/v2\/posts\/656081\/revisions"}],"wp:featuredmedia":[{"embeddable":true,"href":"https:\/\/www.europesays.com\/fr\/wp-json\/wp\/v2\/media\/656082"}],"wp:attachment":[{"href":"https:\/\/www.europesays.com\/fr\/wp-json\/wp\/v2\/media?parent=656081"}],"wp:term":[{"taxonomy":"category","embeddable":true,"href":"https:\/\/www.europesays.com\/fr\/wp-json\/wp\/v2\/categories?post=656081"},{"taxonomy":"post_tag","embeddable":true,"href":"https:\/\/www.europesays.com\/fr\/wp-json\/wp\/v2\/tags?post=656081"}],"curies":[{"name":"wp","href":"https:\/\/api.w.org\/{rel}","templated":true}]}}