{"id":656083,"date":"2026-01-11T12:13:09","date_gmt":"2026-01-11T12:13:09","guid":{"rendered":"https:\/\/www.europesays.com\/fr\/656083\/"},"modified":"2026-01-11T12:13:09","modified_gmt":"2026-01-11T12:13:09","slug":"ses-fans-ne-la-respectent-pas-elle-reagit","status":"publish","type":"post","link":"https:\/\/www.europesays.com\/fr\/656083\/","title":{"rendered":"ses fans ne la respectent pas, elle r\u00e9agit"},"content":{"rendered":"<p>Par <a class=\"author_recette\" id=\"author_name\" href=\"https:\/\/www.nextplz.fr\/auteur\/julie-pacheco\" target=\"_blank\" rel=\"noopener\">Julie<br \/>\nPacheco<\/a> &#8211;<br \/>\nPubli\u00e9 le 11 Jan 2026 \u00e0<br \/>\n10:45<\/p>\n<p class=\"article-intro excerpt\">Gagnante ador\u00e9e du public, Marine<br \/>\nsavoure son succ\u00e8s. Mais derri\u00e8re les troph\u00e9es, la chanteuse r\u00e9v\u00e8le<br \/>\nce qui l\u2019agace profond\u00e9ment.<\/p>\n<p>Marine a tout rafl\u00e9 en quelques mois. Depuis sa victoire<br \/>\n\u00e9clatante \u00e0 Star Academy saison 12, le 25 janvier 2025,<br \/>\nface \u00e0 Ebony, la jeune chanteuse de 25 ans encha\u00eene les r\u00e9ussites.<br \/>\nSon single Restes d\u2019averses a \u00e9t\u00e9 choisi comme bande<br \/>\noriginale d\u2019un film am\u00e9ricain, son album C\u0153ur maladroit s\u2019est hiss\u00e9<br \/>\ndisque d\u2019or en seulement trois mois, et elle a r\u00e9cemment rejoint la<br \/>\ntroupe des Enfoir\u00e9s. Aux NRJ Music Awards, elle a m\u00eame<br \/>\nd\u00e9croch\u00e9 le titre de r\u00e9v\u00e9lation f\u00e9minine francophone de l\u2019ann\u00e9e.<br \/>\n<a href=\"https:\/\/www.nextplz.fr\/people\/524594-mais-jen-peux-plus-marine-destabilisee-par-sa-surprise-dans-la-chanson-secrete\" target=\"_blank\" rel=\"noopener\"><br \/>\nUn parcours express<\/a>, presque parfait, qui pourrait donner<br \/>\nl\u2019illusion d\u2019une success story sans accrocs. Pourtant, Marine<br \/>\nrefuse aujourd\u2019hui de se contenter de l\u2019image lisse qu\u2019on lui<br \/>\npr\u00eate.<\/p>\n<p>Marine : les<br \/>\ninconv\u00e9nients de la c\u00e9l\u00e9brit\u00e9<\/p>\n<p>Car cette notori\u00e9t\u00e9 fulgurante a aussi son c\u00f4t\u00e9 n\u00e9gatif. Tr\u00e8s<br \/>\nvite, une \u00e9tiquette lui a coll\u00e9 \u00e0 la peau : celle de \u201cla fille<br \/>\ndr\u00f4le\u201d r\u00e9v\u00e9l\u00e9e au ch\u00e2teau. Une image r\u00e9ductrice que la<br \/>\nchanteuse ne supporte plus. Il y a quelques mois d\u00e9j\u00e0, elle avait<br \/>\ndemand\u00e9 \u00e0 ses fans d\u2019arr\u00eater de lui r\u00e9clamer le fameux \u201ctrain\u201d en<br \/>\nconcert, un gimmick h\u00e9rit\u00e9 de l\u2019\u00e9mission. Pour <a href=\"https:\/\/www.instagram.com\/marinedmusique\/\" target=\"_blank\" rel=\"noopener\">Marine<\/a>, le message est clair : elle est avant tout une<br \/>\nartiste, pas un personnage comique fig\u00e9 dans un souvenir t\u00e9l\u00e9. Elle<br \/>\nveut \u00eatre jug\u00e9e sur sa musique, son travail et ses chansons, pas<br \/>\nuniquement sur ce qui a fait rire le public \u00e0 ses d\u00e9buts.<\/p>\n<p>Dans un portrait accord\u00e9 \u00e0 Paris Match, la chanteuse va<br \/>\nencore plus loin et assume de dire tout haut ce que beaucoup<br \/>\ntaisent. Elle raconte ces moments o\u00f9 des fans la photographient de<br \/>\nloin, sans un mot, sans m\u00eame un bonjour. En pleine interview, deux<br \/>\njeunes femmes la prennent ainsi en photo \u00e0 son insu. Marine fulmine<br \/>\net l\u00e2che, agac\u00e9e : \u201cIls pourraient dire bonjour\u201d. Une<br \/>\nphrase simple, mais r\u00e9v\u00e9latrice d\u2019un malaise plus profond. \u00catre<br \/>\nc\u00e9l\u00e8bre, oui, mais pas au prix de se sentir invisible ou r\u00e9duite \u00e0<br \/>\nun objet que l\u2019on capture sans consid\u00e9ration.<\/p>\n<p>Un irrespect qui d\u00e9range<\/p>\n<p>Cette impression de d\u00e9shumanisation, Marine la ressent aussi \u00e0<br \/>\ntravers ce que vivent ses proches. Ses parents, rest\u00e9s dans<br \/>\nl\u2019ombre, subissent eux aussi les effets collat\u00e9raux de sa victoire.<br \/>\nSon p\u00e8re, notamment, se fait r\u00e9guli\u00e8rement chambrer sur son lieu de<br \/>\ntravail. Certains coll\u00e8gues n\u2019h\u00e9sitent pas \u00e0 lui lancer, envieux :<br \/>\n\u201cDe toute fa\u00e7on maintenant tu as de l\u2019argent puisque ta fille a<br \/>\ngagn\u00e9 la Star Academy\u201d. Une situation pesante que Marine<br \/>\nregrette d\u2019imposer \u00e0 sa famille. Si elle a toujours r\u00eav\u00e9 de r\u00e9ussir<br \/>\navec le soutien des siens, elle refuse d\u00e9sormais de taire les<br \/>\ninconv\u00e9nients d\u2019une gloire aussi soudaine que brutale. D\u00a0\u00bbailleurs,<br \/>\nd\u00e9j\u00e0 dans la Star Academy, Marine nous avait habitu\u00e9 \u00e0 ne<br \/>\npas garder sa langue dans sa poche. Et elle a bien raison.<\/p>\n<p><script async src=\"\/\/www.instagram.com\/embed.js\"><\/script><\/p>\n","protected":false},"excerpt":{"rendered":"Par Julie Pacheco &#8211; Publi\u00e9 le 11 Jan 2026 \u00e0 10:45 Gagnante ador\u00e9e du public, Marine savoure son&hellip;\n","protected":false},"author":2,"featured_media":656084,"comment_status":"","ping_status":"","sticky":false,"template":"","format":"standard","meta":{"footnotes":""},"categories":[1355],"tags":[58,59,1011,27,1361,873],"class_list":{"0":"post-656083","1":"post","2":"type-post","3":"status-publish","4":"format-standard","5":"has-post-thumbnail","7":"category-musique","8":"tag-divertissement","9":"tag-entertainment","10":"tag-fr","11":"tag-france","12":"tag-music","13":"tag-musique"},"share_on_mastodon":{"url":"https:\/\/pubeurope.com\/@fr\/115876410372322154","error":""},"_links":{"self":[{"href":"https:\/\/www.europesays.com\/fr\/wp-json\/wp\/v2\/posts\/656083","targetHints":{"allow":["GET"]}}],"collection":[{"href":"https:\/\/www.europesays.com\/fr\/wp-json\/wp\/v2\/posts"}],"about":[{"href":"https:\/\/www.europesays.com\/fr\/wp-json\/wp\/v2\/types\/post"}],"author":[{"embeddable":true,"href":"https:\/\/www.europesays.com\/fr\/wp-json\/wp\/v2\/users\/2"}],"replies":[{"embeddable":true,"href":"https:\/\/www.europesays.com\/fr\/wp-json\/wp\/v2\/comments?post=656083"}],"version-history":[{"count":0,"href":"https:\/\/www.europesays.com\/fr\/wp-json\/wp\/v2\/posts\/656083\/revisions"}],"wp:featuredmedia":[{"embeddable":true,"href":"https:\/\/www.europesays.com\/fr\/wp-json\/wp\/v2\/media\/656084"}],"wp:attachment":[{"href":"https:\/\/www.europesays.com\/fr\/wp-json\/wp\/v2\/media?parent=656083"}],"wp:term":[{"taxonomy":"category","embeddable":true,"href":"https:\/\/www.europesays.com\/fr\/wp-json\/wp\/v2\/categories?post=656083"},{"taxonomy":"post_tag","embeddable":true,"href":"https:\/\/www.europesays.com\/fr\/wp-json\/wp\/v2\/tags?post=656083"}],"curies":[{"name":"wp","href":"https:\/\/api.w.org\/{rel}","templated":true}]}}